{"id":23703,"date":"2010-06-20T00:30:12","date_gmt":"2010-06-20T00:30:12","guid":{"rendered":"http:\/\/www.korhanyilmaz.com\/?p=23703"},"modified":"2010-06-20T00:30:12","modified_gmt":"2010-06-20T00:30:12","slug":"iste-gidiyorum","status":"publish","type":"post","link":"http:\/\/www.korhanyilmaz.com\/?p=23703","title":{"rendered":"\u0130\u015fte gidiyorum&#8230;"},"content":{"rendered":"<p style=\"text-align: center;\"><a href=\"http:\/\/www.korhanyilmaz.com\/wp-content\/uploads\/2010\/06\/0571.jpg\"  class=\"lightview\"><img loading=\"lazy\" decoding=\"async\" class=\"aligncenter size-full wp-image-23715\" src=\"http:\/\/www.korhanyilmaz.com\/wp-content\/uploads\/2010\/06\/0571.jpg\" alt=\"\" width=\"360\" height=\"208\" \/><\/a><\/p>\n<p style=\"text-align: justify;\">Hakkari\u2019de \u015fehit olan 11 asker, aileleri ve sevdiklerine y\u0131llar boyu silinmeyecek derin bir h\u00fcz\u00fcn b\u0131rakt\u0131.<\/p>\n<p style=\"text-align: justify;\">\u0130STANBUL &#8211; Hakkari\u2019nin \u015eemdinli il\u00e7esinde PKK\u2019l\u0131 ter\u00f6ristlerin a\u00e7t\u0131\u011f\u0131 ate\u015f 11 eve d\u00fc\u015ft\u00fc.<\/p>\n<p style=\"text-align: justify;\">Co\u015fkuyla yollad\u0131klar\u0131 evlatlar\u0131n\u0131n tabut i\u00e7inde geri d\u00f6necek olmas\u0131, aileleri yasa bo\u011fdu.<\/p>\n<p style=\"text-align: justify;\">D\u00fc\u015ft\u00fc\u011f\u00fc yeri yakan ate\u015f, ailelerin y\u00fcreklerinde adeta yang\u0131na d\u00f6n\u00fc\u015ft\u00fc.<!--more--><\/p>\n<p style=\"text-align: justify;\">\u015eehit asker O\u011fuz Yelken&#8217;in, Edirne&#8217;nin Uzunk\u00f6pr\u00fc il\u00e7esine ba\u011fl\u0131 Kavac\u0131k k\u00f6y\u00fcnde ya\u015fayan annesi Hatice ve babas\u0131 \u0130lyas Yelken&#8217;e ac\u0131 haberi Uzunk\u00f6pr\u00fc Kaymakam\u0131 U\u011fur Kolsuz, Belediye Ba\u015fkan\u0131 Enis \u0130\u015fbilen ve Uzunk\u00f6pr\u00fc Jandarma Komutan\u0131 Fatih \u00c7etil verdi.<\/p>\n<p style=\"text-align: justify;\">O\u011flunun \u015fehit haberini al\u0131r almaz anne Hatice Yelken fenala\u015ft\u0131. K\u00f6y muhtar\u0131 Hayati Balkan, iki karde\u015f olan Yelken&#8217;in 9 ay \u00f6nce askere gitti\u011fini s\u00f6yledi.<\/p>\n<p style=\"text-align: justify;\"><a href=\"http:\/\/www.korhanyilmaz.com\/wp-content\/uploads\/2010\/06\/048.jpg\"  class=\"lightview\"><img loading=\"lazy\" decoding=\"async\" class=\"size-full wp-image-23714 alignleft\" style=\"margin-left: 10px; margin-right: 10px;\" src=\"http:\/\/www.korhanyilmaz.com\/wp-content\/uploads\/2010\/06\/048.jpg\" alt=\"\" width=\"197\" height=\"315\" \/><\/a>O\u011fuz Yelken, izne geldi\u011fi 6 Nisan&#8217;da teslim olmadan \u00f6nce sosyal payla\u015f\u0131m sitesi Facebook&#8217;da d\u00fc\u015f\u00fcncelerini ve hissettiklerini \u015fu sat\u0131rlarla payla\u015ft\u0131:<\/p>\n<p style=\"text-align: justify;\">&#8221;Bu hayat \u00e7ok ac\u0131mas\u0131z. Bir insan\u0131 can\u0131ndan \u00e7ok seversin ona de\u011fer verirsin ama yaranamazs\u0131n. Ben \u00e7ok sevdim neleri g\u00f6ze ald\u0131m bir o bilir bir de ben. \u015eimdi gidiyorum Allah k\u0131smet ederse de 7 ay sonra d\u00f6nece\u011fim. \u015eu 26 g\u00fcnde \u015funu daha iyi anlad\u0131m ki kimse kendi kadar de\u011ferli de\u011fil. Belki unutamayaca\u011f\u0131m bir yerde hep kar\u015f\u0131ma \u00e7\u0131kacak ama olsun. Buna da al\u0131\u015f\u0131r\u0131z, yar\u0131n gidiyorum. Hepiniz Allah&#8217;a emanet olun arkada\u015flar, hepinizi \u00e7ok \u00f6zleyece\u011fim.&#8221;<\/p>\n<p style=\"text-align: justify;\">\u015eehit Yelken, yine ayn\u0131 sitedeki sayfas\u0131nda Kaz\u0131m Koyuncu&#8217;nun, &#8221;\u0130\u015fte gidiyorum&#8221; adl\u0131 klibini de payla\u015fm\u0131\u015ft\u0131.<\/p>\n<p style=\"text-align: justify;\"><strong>B\u0130R AYDIR O\u011eULLARIYLA G\u00d6R\u00dc\u015eEMED\u0130LER<a href=\"http:\/\/www.korhanyilmaz.com\/wp-content\/uploads\/2010\/06\/049.jpg\"  class=\"lightview\"><img loading=\"lazy\" decoding=\"async\" class=\"alignright size-full wp-image-23704\" style=\"margin-left: 10px; margin-right: 10px;\" src=\"http:\/\/www.korhanyilmaz.com\/wp-content\/uploads\/2010\/06\/049.jpg\" alt=\"\" width=\"199\" height=\"222\" \/><\/a><\/strong><\/p>\n<p style=\"text-align: justify;\">Piyade Er Elas Esendere&#8217;nin, Kahramanmara\u015f&#8217;\u0131n G\u00f6ksun il\u00e7esi Ericek beldesine ba\u011fl\u0131 Haytalar mezras\u0131ndaki ailesine ac\u0131 haber verildi.<\/p>\n<p style=\"text-align: justify;\">\u015eehit Piyade Er Elas Esendere&#8217;nin baba evinin bulundu\u011fu sokak T\u00fcrk bayraklar\u0131yla donat\u0131ld\u0131. Haberi alan k\u00f6yl\u00fclerle \u00e7evre k\u00f6ylerden vatanda\u015flar, Esendere ailesinin evine gelerek ba\u015f sa\u011fl\u0131\u011f\u0131 diledi. Bu arada G\u00f6ksun il\u00e7esinde de s\u00fcrekli \u015eehit Piyade Er Elas Esendere&#8217;nin \u015fehit oldu\u011fu anonslar\u0131 yap\u0131l\u0131yor.<\/p>\n<p style=\"text-align: justify;\">\u0130stanbul&#8217;da bir \u015firkette i\u015f\u00e7i olarak \u00e7al\u0131\u015fan baba \u00c7avu\u015f Esendere&#8217;nin d\u00fcn gece izne geldi\u011fi belirtildi. \u015eehit Piyade Er Elas Esendere&#8217;nin ailesinin, yakla\u015f\u0131k bir ayd\u0131r o\u011fullar\u0131yla g\u00f6r\u00fc\u015femedi\u011fi \u00f6\u011frenildi.<\/p>\n<p style=\"text-align: justify;\"><strong><a href=\"http:\/\/www.korhanyilmaz.com\/wp-content\/uploads\/2010\/06\/050.jpg\"  class=\"lightview\"><img loading=\"lazy\" decoding=\"async\" class=\"alignleft size-full wp-image-23705\" style=\"margin-left: 10px; margin-right: 10px;\" src=\"http:\/\/www.korhanyilmaz.com\/wp-content\/uploads\/2010\/06\/050.jpg\" alt=\"\" width=\"189\" height=\"216\" \/><\/a>&#8216;VATAN SA\u011eOLSUN, A\u011eLAMAYACA\u011eIZ&#8217;<\/strong><\/p>\n<p style=\"text-align: justify;\">Piyade Onba\u015f\u0131 Mustafa Kay\u0131n&#8217;\u0131n Edirne Ke\u015fan&#8217;daki evinde b\u00fcy\u00fck \u00fcz\u00fcnt\u00fc ya\u015fan\u0131yor.<\/p>\n<p style=\"text-align: justify;\">O\u011flunun \u015fehit oldu\u011fu haberini al\u0131r almaz fenala\u015fan anne Sevgi Kay\u0131n&#8217;a sa\u011fl\u0131k g\u00f6revlileri ilk m\u00fcdahaleye yapt\u0131. Yak\u0131nlar\u0131 da \u015fehit annesini teselli etmeye \u00e7al\u0131\u015ft\u0131lar.<\/p>\n<p style=\"text-align: justify;\">\u015eehidin a\u011fabeyi S\u00fcney Kay\u0131n, karde\u015fi Mustafa Kay\u0131n&#8217;\u0131n, \u015fehit olmadan bir g\u00fcn \u00f6nce kendisine &#8221;Abi beni aramay\u0131n g\u00f6reve \u00e7\u0131k\u0131yoruz. Telefonumu komutan\u0131ma teslim edece\u011fim. Hakk\u0131n\u0131z\u0131 helal edin&#8221; diye telefonla mesaj att\u0131\u011f\u0131n\u0131 belirtti.<\/p>\n<p style=\"text-align: justify;\">S\u00fcney Kay\u0131n, &#8221;\u00c7ok \u00fczg\u00fcn\u00fcz. Yine de vatan sa\u011f olsun. A\u011flamayaca\u011f\u0131z&#8221; diye konu\u015ftu.<\/p>\n<p style=\"text-align: justify;\"><strong>&#8216;BEN \u015e\u0130MD\u0130 K\u0130M\u0130NLE AVUNACA\u011eIM&#8217;<a href=\"http:\/\/www.korhanyilmaz.com\/wp-content\/uploads\/2010\/06\/051.jpg\"  class=\"lightview\"><img loading=\"lazy\" decoding=\"async\" class=\"alignright size-full wp-image-23706\" style=\"margin-left: 10px; margin-right: 10px;\" src=\"http:\/\/www.korhanyilmaz.com\/wp-content\/uploads\/2010\/06\/051.jpg\" alt=\"\" width=\"189\" height=\"249\" \/><\/a><\/strong><\/p>\n<p style=\"text-align: justify;\">Piyade Er Sabahattin Derin&#8217;in Milas&#8217;\u0131n \u0130smet Pa\u015fa Mahallesi&#8217;nde ya\u015fayan ailesine ac\u0131 haberi Milas \u0130l\u00e7e Jandarma Komutan\u0131 Kurmay Y\u00fczba\u015f\u0131 Cemal \u0130yig\u00fcn verdi.<\/p>\n<p style=\"text-align: justify;\">\u015eehidin babas\u0131 Ya\u015far Derin ve annesi Melek Derin &#8221;Vatan sa\u011folsun&#8221; dedi.<\/p>\n<p style=\"text-align: justify;\">\u015eehidin karde\u015fi Ufuk Derin ise g\u00f6zya\u015flar\u0131 i\u00e7inde, &#8221;Ben \u015fimdi ne yapaca\u011f\u0131m. Kiminle avunaca\u011f\u0131m&#8221; diye konu\u015ftu. Ac\u0131 haberi alarak fenala\u015fan \u015fehidin dedesi Hasan Turgut&#8217;a, sa\u011fl\u0131k personeli m\u00fcdahale etti.<\/p>\n<p style=\"text-align: justify;\"><strong><a href=\"http:\/\/www.korhanyilmaz.com\/wp-content\/uploads\/2010\/06\/052.jpg\"  class=\"lightview\"><img loading=\"lazy\" decoding=\"async\" class=\"alignleft size-full wp-image-23707\" style=\"margin-left: 10px; margin-right: 10px;\" src=\"http:\/\/www.korhanyilmaz.com\/wp-content\/uploads\/2010\/06\/052.jpg\" alt=\"\" width=\"189\" height=\"211\" \/><\/a>SON TELEFON G\u00d6R\u00dc\u015eMES\u0130N\u0130 D\u00dcN SABAH YAPTI<\/strong><\/p>\n<p style=\"text-align: justify;\">\u015eehit H\u00fcseyin K\u00f6ksal&#8217;\u0131n, Ankara Ke\u00e7i\u00f6ren&#8217;deki \u015eehit Kubilay Mahallesi 1697. Sokak&#8217;ta bulunan babas\u0131 Nurettin K\u00f6ksal&#8217;\u0131n evine giden askeri yetkililer, ac\u0131 haberi aileye iletti.<\/p>\n<p style=\"text-align: justify;\">\u015eehit haberi \u00fczerine fenala\u015fan K\u00f6ksal&#8217;\u0131n yak\u0131nlar\u0131na ilk m\u00fcdahale, askeri ambulansla gelen sa\u011fl\u0131k g\u00f6revlilerince yap\u0131ld\u0131. T\u00fcrk bayraklar\u0131 as\u0131lan evde taziyeleri kabul eden baba Nurettin K\u00f6ksal ise, o\u011fluyla en son telefon g\u00f6r\u00fc\u015fmesini d\u00fcn sabah yapt\u0131\u011f\u0131n\u0131 s\u00f6yledi.<\/p>\n<p style=\"text-align: justify;\">O\u011flunun askerde ve izine geldi\u011finde \u00e7ektirdi\u011fi foto\u011fraflar\u0131n\u0131 g\u00f6steren baba K\u00f6ksal, &#8221;\u0130ki o\u011flum vard\u0131. Biri \u015fehit oldu. Vatan sa\u011folsun. \u015eehitler \u00f6lmez, vatan b\u00f6l\u00fcnmez. Diyecek ba\u015fka hi\u00e7bir \u015fey bulam\u0131yorum. Art\u0131k bunlar son bulsun. Allah hi\u00e7 kimseye b\u00f6yle bir ac\u0131 ya\u015fatmas\u0131n&#8221; diye konu\u015ftu.<\/p>\n<p style=\"text-align: justify;\"><strong>&#8216;BU \u00c7OCUK D\u00d6NEMEYECEK&#8217;<\/strong><\/p>\n<p style=\"text-align: justify;\">20 ya\u015f\u0131ndaki \u015eehit er Ramazan Erdem&#8217;in, Zonguldak&#8217;\u0131n Ere\u011fli il\u00e7esine ba\u011fl\u0131 G\u00f6k\u00e7eler beldesindeki evine giden askeri yetkililer, T\u00fcrkiye Ta\u015fk\u00f6m\u00fcr\u00fc Kurumundan emekli maden i\u015f\u00e7isi baba Mustafa Erdem&#8217;e, ac\u0131 haberi verdiler.<\/p>\n<p style=\"text-align: justify;\">Baba Erdem, gazetecilere yapt\u0131\u011f\u0131 a\u00e7\u0131klamada, 10 g\u00fcnd\u00fcr o\u011flunu aramas\u0131na ra\u011fmen ula\u015famad\u0131\u011f\u0131n\u0131, bundan dolay\u0131 merak i\u00e7inde oldu\u011funu s\u00f6yledi.<\/p>\n<p style=\"text-align: center;\"><a href=\"http:\/\/www.korhanyilmaz.com\/wp-content\/uploads\/2010\/06\/053.jpg\"  class=\"lightview\"><img loading=\"lazy\" decoding=\"async\" class=\"aligncenter size-full wp-image-23708\" src=\"http:\/\/www.korhanyilmaz.com\/wp-content\/uploads\/2010\/06\/053.jpg\" alt=\"\" width=\"396\" height=\"245\" \/><\/a><\/p>\n<p style=\"text-align: justify;\">Olay\u0131n i\u00e7ine do\u011fdu\u011funu, bir s\u00fcre \u00f6nce yak\u0131nlar\u0131na &#8221;bu \u00e7ocuk d\u00f6nemeyecek&#8221; dedi\u011fini anlatan Erdem, \u015f\u00f6yle konu\u015ftu:<\/p>\n<p style=\"text-align: justify;\">&#8221;O\u011fluma 10 g\u00fcnd\u00fcr ula\u015fam\u0131yordum. Son g\u00f6r\u00fc\u015ft\u00fc\u011f\u00fcm\u00fczde elbise, ayakkab\u0131 ve sivilken \u00e7ektirdi\u011fi foto\u011fraflar\u0131n\u0131 istemi\u015fti, onlar\u0131 g\u00f6nderdim. Eline ula\u015f\u0131p ula\u015fmad\u0131\u011f\u0131n\u0131 bile bilmiyorum. T\u00fcrkiye&#8217;nin ba\u015f\u0131 sa\u011f olsun. Alt\u0131 \u00e7ocu\u011fumdan birini \u015fehit verdim. Di\u011fer 3 o\u011flum askerli\u011fi yapm\u0131\u015ft\u0131. E\u015fim Emine 15 y\u0131l \u00f6nce \u00f6ld\u00fc.Evlatlar\u0131ma hem anne hem baba oldum. O\u011flum 4,5 ayl\u0131k askerdi.&#8221;<\/p>\n<p style=\"text-align: justify;\">\u015eehidin halas\u0131 Havva Karakaya, ter\u00f6r sorununa dikkati \u00e7ekerek, &#8221;Bunlar\u0131n sonu ne zaman gelecek&#8221; diye konu\u015furken, amca \u0130smail Erdem ise, &#8221;3 ayl\u0131k \u00e7ocu\u011fu nas\u0131l \u00e7at\u0131\u015fmaya g\u00f6nderdiniz&#8221; diye tepki g\u00f6stererek, bay\u0131ld\u0131.<\/p>\n<p style=\"text-align: justify;\"><strong>&#8217;15 G\u00dcNL\u00dcK ASKER, NASIL HUDUDA G\u0130DECEK?&#8217;<a href=\"http:\/\/www.korhanyilmaz.com\/wp-content\/uploads\/2010\/06\/054.jpg\"  class=\"lightview\"><img loading=\"lazy\" decoding=\"async\" class=\"alignright size-full wp-image-23709\" style=\"margin-left: 10px; margin-right: 10px;\" src=\"http:\/\/www.korhanyilmaz.com\/wp-content\/uploads\/2010\/06\/054.jpg\" alt=\"\" width=\"243\" height=\"280\" \/><\/a><\/strong><\/p>\n<p style=\"text-align: justify;\">\u015eehit Piyade Er Mutlu Saydam&#8217;\u0131n Sakarya&#8217;n\u0131n Arifiye il\u00e7esindeki baba oca\u011f\u0131nda b\u00fcy\u00fck \u00fcz\u00fcnt\u00fc ya\u015fan\u0131yor.<\/p>\n<p style=\"text-align: justify;\">O\u011flunun \u015fehit oldu\u011fu haberinin ard\u0131ndan fenala\u015fan anne H\u00fcsniye Saydam&#8217;a sa\u011fl\u0131k g\u00f6revlileri m\u00fcdahale etti.<\/p>\n<p style=\"text-align: justify;\">O\u011flunun silah\u0131n ne oldu\u011funu bilmedi\u011fini ifade eden Baba S\u0131dd\u0131k Saydam, &#8221;Oradaki askerler de benim \u00e7ocuklar\u0131m. Silah\u0131n daha ne oldu\u011funu bilmiyordu. Sivas&#8217;ta 15 g\u00fcnl\u00fck askerlik yapt\u0131, ondan sonra Hakkari&#8217;ye g\u00f6nderdiler. 15 g\u00fcnl\u00fck asker, nas\u0131l hududa gidecek? E\u011fitim g\u00f6rmemi\u015f, bir \u015fey g\u00f6rmemi\u015f. En son 4-5 ay \u00f6nce izne geldi. Da\u011f\u0131t\u0131m\u0131nda onunla Van&#8217;a kadar gittim. Van&#8217;dan sonra beni b\u0131rakmad\u0131lar, gidemedim. Telefonla g\u00f6r\u00fc\u015f\u00fcyorduk. \u0130ki g\u00fcn \u00f6nce telefon a\u00e7m\u0131\u015f. 5 g\u00fcn d\u0131\u015far\u0131da kal\u0131yordu, 2 g\u00fcn taburdayd\u0131. A\u011fabeyi ile g\u00f6r\u00fc\u015fm\u00fc\u015f &#8216;Ben yar\u0131n operasyona gidece\u011fim&#8217; demi\u015f. Terhisine 57 g\u00fcn vard\u0131&#8221; diye konu\u015ftu.<\/p>\n<p style=\"text-align: justify;\">Mu\u015f do\u011fumlu olan Saydam&#8217;\u0131n bekar oldu\u011fu ve 9 karde\u015fi bulundu\u011fu \u00f6\u011frenildi.<\/p>\n<p style=\"text-align: justify;\"><strong>EV\u0130N TEK O\u011eLUYDU, 60 G\u00dcN SONRA GELECEKT\u0130<\/strong><\/p>\n<p style=\"text-align: justify;\">Ayd\u0131n\u2019\u0131n merkeze ba\u011fl\u0131 Tepecik beldesinde oturan Piyade Er Mehmet Ali Tosun&#8217;un \u015fehit oldu\u011fu haberini, Ayd\u0131n Jandarma Alay Komutan\u0131 Albay U\u011fur \u00d6zcan verdi.<\/p>\n<p style=\"text-align: justify;\">Askerli\u011finin bitimine 60 g\u00fcn kalan Mehmet Ali Tosun&#8217;un \u015fehit oldu\u011funu \u00f6\u011frenen Baba Abdullah Tosun, kendisini telefonla arayan yak\u0131nlar\u0131na, &#8221;Vatan i\u00e7in verilecek bir can\u0131m\u0131z varm\u0131\u015f, onu verdik. O\u011flumla gurur duyuyorum. Yar\u0131n bir g\u00fcn nas\u0131l olsa bu haberi alacakt\u0131k. Bir saat \u00f6nce olmu\u015f, iki saat sonra fark etmez&#8221; \u015feklinde konu\u015ftu.<\/p>\n<p style=\"text-align: center;\"><a href=\"http:\/\/www.korhanyilmaz.com\/wp-content\/uploads\/2010\/06\/055.jpg\"  class=\"lightview\"><img loading=\"lazy\" decoding=\"async\" class=\"aligncenter size-full wp-image-23710\" src=\"http:\/\/www.korhanyilmaz.com\/wp-content\/uploads\/2010\/06\/055.jpg\" alt=\"\" width=\"420\" height=\"243\" \/><\/a><\/p>\n<p style=\"text-align: justify;\">Ayd\u0131n Belediyesi Fen \u0130\u015flerinde i\u015f\u00e7i olarak \u00e7al\u0131\u015fan baba Abdullah Tosun, emekli olmak i\u00e7in o\u011flunun askerden gelmesini bekledi\u011fini ifade etti.<\/p>\n<p style=\"text-align: justify;\">Tosun ailesinin kom\u015fular\u0131, Mehmet Ali Tosun&#8217;un en b\u00fcy\u00fck hayalinin i\u015f kurmak oldu\u011funu, askerden gelir gelmez evlenmeyi istedi\u011fini s\u00f6yledi.<\/p>\n<p style=\"text-align: justify;\">\u00d6te yandan, g\u00f6zya\u015flar\u0131na hakim olamayan Anne M\u00fc\u015ferref Tosun, evinin tek o\u011flunu kaybetmenin ac\u0131s\u0131n\u0131, 19 ya\u015f\u0131ndaki k\u0131z\u0131 Fatma Tosun&#8217;a sar\u0131larak ya\u015fad\u0131.<\/p>\n<p style=\"text-align: justify;\">M\u00fc\u015f\u015feref Tosun, &#8221;Benim o\u011flum hainlerin kur\u015funuyla \u015fehit oldu. Buna sebep olanlar utans\u0131n. A\u011flay\u0131p kalle\u015fleri sevindirmeyece\u011fim&#8221; diye konu\u015ftu.<\/p>\n<p style=\"text-align: justify;\"><strong><a href=\"http:\/\/www.korhanyilmaz.com\/wp-content\/uploads\/2010\/06\/056.jpg\"  class=\"lightview\"><img loading=\"lazy\" decoding=\"async\" class=\"alignleft size-full wp-image-23711\" style=\"margin-left: 10px; margin-right: 10px;\" src=\"http:\/\/www.korhanyilmaz.com\/wp-content\/uploads\/2010\/06\/056.jpg\" alt=\"\" width=\"208\" height=\"271\" \/><\/a>&#8216;\u015eEH\u0130T OLACA\u011eI R\u00dcYAMA G\u0130RD\u0130&#8217;<\/strong><\/p>\n<p style=\"text-align: justify;\">Uzman \u00c7avu\u015f \u00d6mer Kara&#8217;n\u0131n Mersin&#8217;in Tarsus il\u00e7esi Hac\u0131hamzal\u0131 k\u00f6y\u00fcnde oturan ailesine ac\u0131 haberi, askeri yetkililerle Tarsus Belediye Ba\u015fkan\u0131 Burhanettin Kocamaz birlikte verdi.<\/p>\n<p style=\"text-align: justify;\">Baba Mehmet Kara, o\u011flunun \u015fehit olaca\u011f\u0131n\u0131 d\u00fcn gece r\u00fcyas\u0131nda g\u00f6rd\u00fc\u011f\u00fcn\u00fc belirterek, &#8221;Devlet ter\u00f6re bir an \u00f6nce \u00f6nlem almal\u0131. TBMM askere yetki versin, elini aya\u011f\u0131n\u0131 ba\u011flamas\u0131n. Bir an \u00f6nce akan kan\u0131n durdurulmas\u0131 gerekir&#8221; dedi.<\/p>\n<p style=\"text-align: justify;\">Anne Elmas Kara ise 3 \u00e7ocu\u011fundan ortancas\u0131 olan \u015fehit o\u011flu i\u00e7in &#8221;Beni o\u011flumun yan\u0131na g\u00f6t\u00fcr\u00fcn. O\u011flum neyin kar\u015f\u0131l\u0131\u011f\u0131nda gitti. Nas\u0131l k\u0131yd\u0131n\u0131z. Ben o\u011flumu istiyorum. Ci\u011ferim yan\u0131yor&#8221; diyerek g\u00f6zya\u015f\u0131 d\u00f6kt\u00fc.<\/p>\n<p style=\"text-align: justify;\">\u015eehidin a\u011fabeyi Ramazan Kara da, &#8221;Ben karde\u015fimi istiyorum. Bunun hesab\u0131n\u0131 soraca\u011f\u0131m&#8221; dedi.<\/p>\n<p style=\"text-align: justify;\"><strong>TEYZES\u0130N\u0130N O\u011eLU \u0130LE AYNI B\u0130RL\u0130KTE ASKERD\u0130<\/strong><\/p>\n<p style=\"text-align: justify;\">\u015eehit Jandarma Komando \u00c7avu\u015f Yusuf Pazar&#8217;\u0131n Ankara&#8217;n\u0131n Kazan il\u00e7esinde oturan ailesi, askeri yetkililerden ald\u0131klar\u0131 ac\u0131 haberin ard\u0131ndan g\u00f6zya\u015flar\u0131na bo\u011fuldu.<\/p>\n<p style=\"text-align: justify;\">Teyzesinin o\u011flu \u0130sa \u015eenlio\u011flu ile ayn\u0131 birlikte vatani g\u00f6revini yapt\u0131\u011f\u0131 \u00f6\u011frenilen Jandarma Komando \u00c7avu\u015f Pazar&#8217;\u0131n, d\u00fcn sabah saatlerinde operasyon b\u00f6lgesinden babas\u0131 Ya\u015far Pazar&#8217;\u0131 telefonla arayarak, &#8221;Biz iyiyiz, merak etmeyin. Buradaki g\u00f6revimiz yar\u0131n bitiyor. Pazartesi g\u00fcn\u00fc birli\u011fimize geri d\u00f6nece\u011fiz&#8221; dedi\u011fi \u00f6\u011frenildi.<\/p>\n<p style=\"text-align: center;\"><a href=\"http:\/\/www.korhanyilmaz.com\/wp-content\/uploads\/2010\/06\/057.jpg\"  class=\"lightview\"><img loading=\"lazy\" decoding=\"async\" class=\"aligncenter size-full wp-image-23712\" src=\"http:\/\/www.korhanyilmaz.com\/wp-content\/uploads\/2010\/06\/057.jpg\" alt=\"\" width=\"480\" height=\"278\" \/><\/a><\/p>\n<p style=\"text-align: justify;\">Pazar&#8217;\u0131n cenazesi, yar\u0131n ikindi namaz\u0131n\u0131n ard\u0131ndan d\u00fczenlenecek askeri t\u00f6renle Kazan Asri Mezarl\u0131\u011f\u0131&#8217;ndaki \u015eehitlik&#8217;te topra\u011fa verilecek. Pazar, yakla\u015f\u0131k iki y\u0131l \u00f6nce \u00e7evre d\u00fczenlemesi yap\u0131larak olu\u015fturulan \u015eehitlik&#8217;e defnedilecek ilk \u015fehit olacak.<\/p>\n<p style=\"text-align: justify;\"><strong>&#8216;BEN\u0130 BEKLEMEY\u0130N&#8217;<a href=\"http:\/\/www.korhanyilmaz.com\/wp-content\/uploads\/2010\/06\/058.jpg\"  class=\"lightview\"><img loading=\"lazy\" decoding=\"async\" class=\"alignright size-full wp-image-23713\" src=\"http:\/\/www.korhanyilmaz.com\/wp-content\/uploads\/2010\/06\/058.jpg\" alt=\"\" width=\"189\" height=\"276\" \/><\/a><\/strong><\/p>\n<p style=\"text-align: justify;\">\u015eehit Piyade Er S\u00fcleyman Ballan&#8217;\u0131n Konya&#8217;daki evinde b\u00fcy\u00fck \u00fcz\u00fcnt\u00fc ya\u015fan\u0131yor.<\/p>\n<p style=\"text-align: justify;\">Ballan&#8217;\u0131n day\u0131s\u0131 Celal Bulgurcu, gazetecilere yapt\u0131\u011f\u0131 a\u00e7\u0131klamada, \u015fehidin ailesiyle en son bayramda g\u00f6r\u00fc\u015ft\u00fc\u011f\u00fcn\u00fc belirterek, &#8221;Tezkeresine yakla\u015f\u0131k 75-80 g\u00fcn vard\u0131. Bekard\u0131. 5 karde\u015fin en k\u00fc\u00e7\u00fc\u011f\u00fcyd\u00fc. Ailesi son 1-2 g\u00fcnd\u00fcr S\u00fcleyman&#8217;a ula\u015famam\u0131\u015f&#8221; dedi.<\/p>\n<p style=\"text-align: justify;\">\u015eehidin arkada\u015flar\u0131 ise Ballan&#8217;\u0131n iki ay \u00f6nce izne geldi\u011fi zaman yak\u0131nlar\u0131na &#8221;Beni beklemeyin&#8221; dedi\u011fini ifade ettiler.<\/p>\n<p style=\"text-align: justify;\">Piyade Er Ballan&#8217;\u0131n cenazesinin yar\u0131n ikindi vaktinin ard\u0131ndan Musalla Cami&#8217;de k\u0131l\u0131nacak cenaze namaz\u0131n\u0131n ard\u0131ndan Konya \u015eehitli\u011fi&#8217;nde defnedilece\u011fi \u00f6\u011frenildi.<\/p>\n<p style=\"text-align: justify;\"><span style=\"color: #888888;\">ntvmsnbc ve Ajanslar<\/span><\/p>\n","protected":false},"excerpt":{"rendered":"<p style=\"text-align: center;\">\n<p style=\"text-align: justify;\">Hakkari\u2019de \u015fehit olan 11 asker, aileleri ve sevdiklerine y\u0131llar boyu silinmeyecek derin bir h\u00fcz\u00fcn b\u0131rakt\u0131.<\/p>\n<p style=\"text-align: justify;\">\u0130STANBUL &#8211; Hakkari\u2019nin \u015eemdinli il\u00e7esinde PKK\u2019l\u0131 ter\u00f6ristlerin a\u00e7t\u0131\u011f\u0131 ate\u015f 11 eve d\u00fc\u015ft\u00fc.<\/p>\n<p style=\"text-align: justify;\">Co\u015fkuyla yollad\u0131klar\u0131 evlatlar\u0131n\u0131n tabut i\u00e7inde geri d\u00f6necek olmas\u0131, aileleri yasa bo\u011fdu.<\/p>\n<p style=\"text-align: justify;\">D\u00fc\u015ft\u00fc\u011f\u00fc yeri yakan ate\u015f, ailelerin y\u00fcreklerinde <\/p>\n","protected":false},"author":1,"featured_media":0,"comment_status":"open","ping_status":"closed","sticky":false,"template":"","format":"standard","meta":{"footnotes":""},"categories":[105],"tags":[],"class_list":["post-23703","post","type-post","status-publish","format-standard","hentry","category-gundem","odd"],"_links":{"self":[{"href":"http:\/\/www.korhanyilmaz.com\/index.php?rest_route=\/wp\/v2\/posts\/23703","targetHints":{"allow":["GET"]}}],"collection":[{"href":"http:\/\/www.korhanyilmaz.com\/index.php?rest_route=\/wp\/v2\/posts"}],"about":[{"href":"http:\/\/www.korhanyilmaz.com\/index.php?rest_route=\/wp\/v2\/types\/post"}],"author":[{"embeddable":true,"href":"http:\/\/www.korhanyilmaz.com\/index.php?rest_route=\/wp\/v2\/users\/1"}],"replies":[{"embeddable":true,"href":"http:\/\/www.korhanyilmaz.com\/index.php?rest_route=%2Fwp%2Fv2%2Fcomments&post=23703"}],"version-history":[{"count":0,"href":"http:\/\/www.korhanyilmaz.com\/index.php?rest_route=\/wp\/v2\/posts\/23703\/revisions"}],"wp:attachment":[{"href":"http:\/\/www.korhanyilmaz.com\/index.php?rest_route=%2Fwp%2Fv2%2Fmedia&parent=23703"}],"wp:term":[{"taxonomy":"category","embeddable":true,"href":"http:\/\/www.korhanyilmaz.com\/index.php?rest_route=%2Fwp%2Fv2%2Fcategories&post=23703"},{"taxonomy":"post_tag","embeddable":true,"href":"http:\/\/www.korhanyilmaz.com\/index.php?rest_route=%2Fwp%2Fv2%2Ftags&post=23703"}],"curies":[{"name":"wp","href":"https:\/\/api.w.org\/{rel}","templated":true}]}}