{"id":23697,"date":"2010-06-18T11:57:50","date_gmt":"2010-06-18T11:57:50","guid":{"rendered":"http:\/\/www.korhanyilmaz.com\/?p=23697"},"modified":"2010-06-18T11:57:50","modified_gmt":"2010-06-18T11:57:50","slug":"erdogandan-yargiya-salvo-guvenilirligini-yitirdi","status":"publish","type":"post","link":"http:\/\/www.korhanyilmaz.com\/?p=23697","title":{"rendered":"Erdo\u011fan&#8217;dan yarg\u0131ya salvo: G\u00fcvenilirli\u011fini yitirdi"},"content":{"rendered":"<p style=\"text-align: center;\"><a href=\"http:\/\/www.korhanyilmaz.com\/wp-content\/uploads\/2010\/06\/fft28_mf463994.jpeg\"  class=\"lightview\"><img loading=\"lazy\" decoding=\"async\" class=\"aligncenter size-full wp-image-23698\" src=\"http:\/\/www.korhanyilmaz.com\/wp-content\/uploads\/2010\/06\/fft28_mf463994.jpeg\" alt=\"\" width=\"337\" height=\"224\" \/><\/a><\/p>\n<p style=\"text-align: justify;\">Ba\u015fbakan Recep Tayyip Erdo\u011fan partisinin Geni\u015fletilmi\u015f \u0130l Ba\u015fkanlar\u0131 Toplant\u0131s\u0131&#8217;nda a\u00e7\u0131klamalarda bulundu: Yarg\u0131 art\u0131k g\u00fcvenilirli\u011fini yitirdi.<\/p>\n<p style=\"text-align: justify;\">Ba\u015fbakan\u2019\u0131n a\u00e7\u0131klamalar\u0131 \u015f\u00f6yle:<\/p>\n<p style=\"text-align: justify;\"><strong>&#8217;30 YILLIK OYUNLARI SERG\u0130L\u0130YORLAR&#8217;<\/strong><\/p>\n<p style=\"text-align: justify;\">&#8220;\u015eehitlerimin ac\u0131s\u0131n\u0131 y\u00fcre\u011fimde hissediyorum. Dert adam\u0131 s\u00f6yletir. T\u00fcrkiye\u2019ye y\u00f6nelik al\u00e7ak\u00e7a sald\u0131r\u0131lara kar\u015f\u0131 sizlerin arac\u0131l\u0131\u011f\u0131yla azizi milletime seslenmek istiyorum. Ter\u00f6r \u00f6rg\u00fct\u00fc ne kadar kanl\u0131 bir oyunun par\u00e7as\u0131 oldu\u011funu g\u00f6zler \u00f6n\u00fcne sermektedir. Son sald\u0131r\u0131lar zamanlama olarak dikkat \u00e7ekicidir. Ter\u00f6r \u00f6rg\u00fct\u00fc bu sald\u0131r\u0131larla bir sonuca ula\u015famayaca\u011f\u0131n\u0131 \u00e7ok iyi biliyor. 30 y\u0131ld\u0131r tezg\u00e2hlanan oyunlar bug\u00fcn yine piyasaya s\u00fcr\u00fclmek isteniyor. T\u00fcrkiye kalk\u0131nmaya ba\u015flad\u0131\u011f\u0131nda, demokratikle\u015fme d\u00f6nemlerinde ter\u00f6r \u00f6rg\u00fct\u00fc devreye giriyor. <!--more--><\/p>\n<p style=\"text-align: justify;\">Anayasa de\u011fi\u015fikli\u011fi paketini meclise getirince olaylar\u0131n seyri de\u011fi\u015fti. Kar\u015f\u0131m\u0131zda o d\u00f6nemde CHP, MHP, BDP, PKK ve \u0130mral\u0131 vard\u0131. S\u00fcrekli parti kapatmadan \u015fikayet eden kimseler parti kapatmay\u0131 zorla\u015ft\u0131ran d\u00fczenleme kabul edilmeyince adeta zil tak\u0131p oynad\u0131. Ana muhalefet partisinin o zamanki ba\u015fkan\u0131 \u201cAK Partili arkada\u015flar\u0131ma te\u015fekk\u00fcr ediyorum\u201d dedi. Daha sonra te\u015fekk\u00fcr de etmedi. Zaten Meclis\u2019e de u\u011fram\u0131yordu. herhalde daha \u00f6nemli i\u015fleri vard\u0131.<\/p>\n<p style=\"text-align: justify;\"><strong>YASAMA, Y\u00dcR\u00dcTME, YARGI DAYANI\u015eMA \u0130\u00c7\u0130NDE OLMALI<\/strong><\/p>\n<p style=\"text-align: justify;\">Ter\u00f6r \u00f6rg\u00fct\u00fcn bir fig\u00fcran olarak ortaya atan kirli odaklar ama\u00e7lar\u0131na ula\u015famad\u0131, ula\u015famayacaklar. Yasama, y\u00fcr\u00fctme ve yarg\u0131 dayan\u0131\u015fma i\u00e7inde olmazsa bu i\u015fin bir kanad\u0131 eksik kal\u0131r. Bu m\u00fccadelede sonuna kadar elimizden geleni yapaca\u011f\u0131z. Kimse ter\u00f6r \u00fczerinden siyaset yapmamal\u0131. Bunu yapanlar en az ter\u00f6r \u00f6rg\u00fct\u00fc kadar su\u00e7ludur.<\/p>\n<p style=\"text-align: justify;\"><strong>YARGI G\u00dcVEN\u0130L\u0130RL\u0130\u011e\u0130N\u0130 Y\u0130T\u0130RD\u0130<\/strong><\/p>\n<p style=\"text-align: justify;\">\u00c7etelerle \u00e7ok yo\u011fun bir m\u00fccadele ettik. Burada \u015funu s\u00f6ylemek istiyorum. K\u0131sa bir s\u00fcre \u00f6nce malum 9 tane yarg\u0131 mensubuna, malum yine bir dava a\u00e7\u0131lmas\u0131 neticesinde \u00fcst mahkemenin kalk\u0131p da ceza vermesini bu \u00fclkede hukuk ad\u0131na \u00e7ok ciddi bir s\u0131k\u0131nt\u0131 s\u00fcreci olarak g\u00f6r\u00fcyorum. (Yarg\u0131tay 4. Hukuk Dairesi, Ergenekon davas\u0131nda Prof. Dr. Mehmet Haberal&#8217;\u0131n tahliye talebini reddeden 9 hakimi mahkum etmi\u015fti. Karara g\u00f6re 9 hakim, Mehmet Haberal&#8217;a 1500&#8217;er lira tazminat \u00f6deyecek. Hakimlerin karara itiraz hakk\u0131 bulunuyor.)<\/p>\n<p style=\"text-align: justify;\">Bug\u00fcne kadar yap\u0131lmam\u0131\u015f ve yeni kap\u0131lar\u0131n a\u00e7\u0131klamas\u0131na mesnet te\u015fkil edecek bir durumdur. Anayasay\u0131 \u00e7i\u011fneyerek b\u00f6yle bir karar\u0131 verme yetkisini \u00fcst mahkeme nereden buluyor. Bundan sonra mahkumundan tutuklusuna kadar b\u00f6yle bir kap\u0131 a\u00e7\u0131lacak m\u0131. A\u00e7\u0131lacak. Peki ne olacak. Bunun alt\u0131ndan neyle kalkacaks\u0131n\u0131z? Hangi hukuka dayanarak b\u00f6yle bir ad\u0131m\u0131z at\u0131yorsunuz. Bunun ideolojiden ba\u015fka bir a\u00e7\u0131klamas\u0131 olamaz. Buna ne kendileri inan\u0131yorlar ne milleti inand\u0131rabiliyorlar. Yarg\u0131 bu kararla birlikte g\u00fcvenilirli\u011fini yitirmi\u015ftir.<\/p>\n<p style=\"text-align: justify;\"><strong>TER\u00d6R \u00d6RG\u00dcT\u00dc B\u0130R MA\u015eADIR<\/strong><\/p>\n<p style=\"text-align: justify;\">Ter\u00f6r \u00f6rg\u00fct\u00fcn\u00fcn amac\u0131 hi\u00e7bir zaman benim K\u00fcrt vatanda\u015flar\u0131m\u0131n hakk\u0131 olmam\u0131\u015ft\u0131r. Ter\u00f6r \u00f6rg\u00fct\u00fc bir ma\u015fa olarak kullan\u0131lm\u0131\u015ft\u0131r. Kendisine bi\u00e7ilen rol\u00fc uygulamak i\u00e7in kanl\u0131 eylemeler yapmaktad\u0131r. Hukuk devletinin gere\u011fi neyse onlar yap\u0131lmal\u0131d\u0131r. Bu \u00fclkede \u00e7eteler nas\u0131l millete istikamet veremiyorsa, eli kanl\u0131 ter\u00f6r \u00f6rg\u00fct\u00fc de millete istikamet veremeyecektir. Ter\u00f6r \u00f6rg\u00fct\u00fcn\u00fc kirli ili\u015fkilerini ortaya \u00e7\u0131kar\u0131yoruz.<\/p>\n<p style=\"text-align: justify;\"><strong>TER\u00d6RE \u0130NAT DEMOKRAS\u0130 D\u0130YECE\u011e\u0130Z<\/strong><\/p>\n<p style=\"text-align: justify;\">Biz ter\u00f6re inat demokrasi diyece\u011fiz. Hak hukuk diyece\u011fiz, karde\u015flik diyece\u011fiz, yat\u0131r\u0131m diyece\u011fiz. Yat\u0131r\u0131mlar\u0131n yap\u0131lmas\u0131n\u0131 engelleyen yerel y\u00f6neticiler var. T\u00fcm bunlara ra\u011fmen onlar gerilim \u00fcretecek bir bu engelleri a\u015faca\u011f\u0131z.<\/p>\n<p style=\"text-align: justify;\"><strong>EL\u0130M\u0130ZDE DOSYALARI VAR<\/strong><\/p>\n<p style=\"text-align: justify;\">Kendi belediyelerinin oldu\u011fu yerlere bir bak\u0131n. Hi\u00e7 altyap\u0131yla hizmetle ilgilendikleri yok. Sadece ve sadece i\u015fi tamamen ideolojilerine hizmet noktas\u0131nda g\u00f6r\u00fcyorlar. Lafa gelince \u00e7evrecili\u011fi de kullan\u0131yorlar. Ama hepsinin dosyalar\u0131 elimizde var. Zaman\u0131 gelince bunlar\u0131 kullanaca\u011f\u0131z. Uzla\u015fma arad\u0131k, mutabakat arad\u0131k orada da kap\u0131lar\u0131 kapatt\u0131lar. \u201cTer\u00f6r bitmesin\u201d dediler, neden Ak Parti\u2019nin ba\u015far\u0131 hanesine yaz\u0131l\u0131r. Yeter ki T\u00fcrkiye\u2019nin \u00e7ocuklar\u0131 kazans\u0131n, yeter ki analar babalar a\u011flamas\u0131n. \u00c7\u0131km\u0131\u015flar \u201cA\u00e7\u0131l\u0131mdan sonra ter\u00f6r artt\u0131\u201d diye a\u00e7\u0131l\u0131m\u0131 karalamaya \u00e7al\u0131\u015f\u0131yorlar. Biz bunu anlatmaya devam edece\u011fiz. Ve g\u00f6receksiniz ki, \u015fu an muhalif olanlar yine muhalif kalacaklar. Temmuz ba\u015f\u0131na kadar bu takvim bitti bitti, aksi takdirde biz tatil matil dinlemiyoruz. Biz \u00e7al\u0131\u015faca\u011f\u0131z. Beyefendiler de kuzu kuzu gelecekler.<\/p>\n<p style=\"text-align: justify;\"><strong>TER\u00d6R AZALDI<\/strong><\/p>\n<p style=\"text-align: justify;\">Diyorlar ki a\u00e7\u0131l\u0131m oldu ter\u00f6r artt\u0131. Peki ge\u00e7mi\u015fte neydi,. Y\u0131lda 5000 \u015fehidimizin oldu\u011fu d\u00f6nemler ya\u015fand\u0131. Bug\u00fcn ge\u00e7mi\u015fte k\u0131yaslanmayacak \u00f6l\u00e7\u00fcde ter\u00f6r azalm\u0131\u015ft\u0131r. Ter\u00f6r\u00fcn sebebi a\u00e7\u0131l\u0131m s\u00fcreci de\u011fildir. Sebebi ter\u00f6r \u00f6rg\u00fct\u00fcn\u00fcn a\u00e7\u0131l\u0131mdan duydu\u011fu rahats\u0131zl\u0131kt\u0131r. Ter\u00f6r \u00f6rg\u00fct\u00fc Allah\u2019\u0131n izniyle amac\u0131na ula\u015famayacak. Ter\u00f6r \u00e7irkin y\u00fcz\u00fcn\u00fc g\u00f6steriyor diye yapacaklar\u0131m\u0131zdan geri kalmayaca\u011f\u0131z.Ter\u00f6r\u00fcn finans\u00f6rlerine, silah baronlar\u0131na, sava\u015f t\u00fcccarlar\u0131na asla boyun e\u011fmeyece\u011fiz. Ne geri \u00e7ekilece\u011fiz ne de vazge\u00e7ece\u011fiz.<\/p>\n<p style=\"text-align: justify;\"><strong>O\u011eLU DA\u011eA \u00c7IKAN ANNEYE SESLEN\u0130YORUM<\/strong><\/p>\n<p style=\"text-align: justify;\">O\u011flu da\u011fa \u00e7\u0131kt\u0131\u011f\u0131 i\u00e7in y\u00fcre\u011fi yanan annelere \u015funu hat\u0131rlatmak istiyorum: kand\u0131r\u0131l\u0131p da\u011fa \u00e7\u0131kar\u0131lan \u00e7ocuklar\u0131 ter\u00f6r baronlar\u0131, nifak odaklar\u0131 ad\u0131na kullan\u0131yor. O \u00e7ocuklar \u00f6ld\u00fcrmenin yan\u0131nda ilmek i\u00e7in de oralara g\u00f6nderiliyor. Kazan\u0131lmayaca\u011f\u0131 belli olan ter\u00f6r eylemlerinde bu \u00e7o0cuklar piyon olarak kullan\u0131l\u0131yor. B\u00fct\u00fcn K\u00fcrt k\u00f6kenli annelere sesleniyorum: \u00c7ocuklar\u0131 bu kanl\u0131 oyunlar\u0131n elinden \u00e7ekin kurtar\u0131n. Liften hem kar\u015f\u0131 durun hem sesinizi y\u00fckseltin. Y\u00fcre\u011finizi ortaya koyun. Yeter at\u0131k deyin. Masaya yumru\u011funuzu vurun ve \u00e7ocu\u011funuza sahip \u00e7\u0131k\u0131n. \u00dclkenin di\u011fer b\u00f6lgelerindeki vatanda\u015flar\u0131m\u0131za da sesleniyorum: ter\u00f6r aram\u0131za nifak sokmak istiyor. Ter\u00f6re inat biz karde\u015fli\u011fimiz y\u00fcceltelim. Ter\u00f6re inat gelin millet\u00e7e bir kez da kucakla\u015fal\u0131m.<\/p>\n<p style=\"text-align: justify;\"><strong>\u201cSERT DE\u011e\u0130L, ORTADA G\u0130D\u0130YORUZ\u201d<\/strong><\/p>\n<p style=\"text-align: justify;\">Her t\u00fcrl\u00fc kara propagandaya direnece\u011fiz. Benim \u00fclkemin rotas\u0131n\u0131 d\u0131\u015f g\u00fc\u00e7ler, gazete man\u015fetleri ya da tv haberleri belirlemeyecek. Rotay\u0131 art\u0131k millet belirliyor. Yan\u0131n\u0131za gelip \u201c\u00c7ok sert gidiyorsunuz\u201d diyenler olabilir. Biz tam orta yolda gidiyoruz. Ne gerekiyorsa \u00f6yle gidiyoruz. Biz uysal koyun de\u011filiz. Biz hep mazlumun yan\u0131nda zalimin kar\u015f\u0131s\u0131nda olaca\u011f\u0131z. E\u011fer biz 3 k\u0131ta yedi iklime adalet da\u011f\u0131tan bir milletin torunlar\u0131ysak bunu yapmal\u0131y\u0131z.<\/p>\n<p style=\"text-align: justify;\"><strong>\u201cONLAR CESUR, BA\u015eBAKAN S\u00dcNEPE \u00d6YLE M\u0130?\u201d<\/strong><\/p>\n<p style=\"text-align: justify;\">\u0130li\u015fkilerin d\u00fczelmesi i\u00e7in \u0130srail\u2019deki h\u00fck\u00fcmet ve Ak Parti\u2019nin gitmesi laz\u0131m diyen k\u00f6\u015fe yazarlar\u0131 oldu ve bunu utanmadan televizyonda s\u00f6yleyenler oldu. O ki\u015filer bunu s\u00f6yleyecek kadar cesur, Ba\u015fbakan bunu izleyecek kadar s\u00fcnepe \u00f6yle mi?<\/p>\n<p style=\"text-align: justify;\"><strong>\u201cDALGA GE\u00c7ENLER MAHCUP\u201d<\/strong><\/p>\n<p style=\"text-align: justify;\">Biz te\u011fet ge\u00e7iyor dedi\u011fimizde bize sald\u0131ranlar \u015fu anda mahcup durumdalar. Biz IMF ile bu s\u00fcreci atlatt\u0131\u011f\u0131m\u0131z gibi bor\u00e7lar\u0131 da \u00f6d\u00fcyoruz. Ekonomi rakamla konu\u015fulur. Ciddi olun biraz.<\/p>\n<p style=\"text-align: justify;\"><strong>\u201cEKSEN KAYMIYOR, GEN\u0130\u015eL\u0130YOR\u201d<\/strong><\/p>\n<p style=\"text-align: justify;\">Eksen kaymas\u0131 diye bir durum s\u00f6z konusu de\u011fildir. Aksine eksen geni\u015fliyor. T\u00fcrkiye art\u0131k yere daha sa\u011flam bas\u0131yor. Bar\u0131\u015f \u00e7a\u011fr\u0131lar\u0131n\u0131 daha kuvvetli dile getiriyor. \u0130srail\u2019in korsanl\u0131\u011f\u0131n\u0131n ard\u0131ndan T\u00fcrkiye\u2019nin susmas\u0131 bekleniyordu. Ancak biz bu hukuksuzluk kar\u015f\u0131s\u0131nda susmad\u0131k. T\u00fcrkiye!\u2019nin bu i\u015fin pe\u015fini b\u0131rakmas\u0131 i\u00e7in baz\u0131 lobiler devreye girdi. Kimseye \u015firin g\u00f6r\u00fcnme gayreti i\u00e7inde de\u011filiz. Aleyhimize bir kampanya ba\u015flat\u0131ld\u0131. Uluslararas\u0131 bas\u0131n \u00f6nc\u00fc rol oynad\u0131. Maalesef i\u00e7erde baz\u0131 bas\u0131n mensuplar\u0131 da bu kampanyay\u0131 destekledi. Bu sorunu bir T\u00fcrkiye-ABD sorunu gibi g\u00f6stermeye \u00e7al\u0131\u015fanlar b\u00fcy\u00fck yan\u0131lg\u0131, i\u00e7indedirler ve mahcup olacaklard\u0131r.<\/p>\n<p style=\"text-align: justify;\"><strong>\u201cOBAMA \u0130RAN\u2019A G\u00dcVENMED\u0130\u011e\u0130N\u0130 S\u00d6YLED\u0130\u201d<\/strong><\/p>\n<p style=\"text-align: justify;\">Biz Tahran anla\u015fmas\u0131n\u0131 ABD Ba\u015fkan\u0131n\u0131n bize yazd\u0131\u011f\u0131 mektuplar \u00e7er\u00e7evesinde y\u00fcr\u00fctt\u00fck. At\u0131lan bu ad\u0131m\u0131n takdir edilecek ad\u0131m oldu\u011funu ancak \u0130ran\u2019a g\u00fcvenmedi\u011fini s\u00f6yledi. Bunu s\u00f6ylemek zorunday\u0131m.<\/p>\n<p style=\"text-align: justify;\"><strong>KIRGIZ\u0130STAN\u2019DAK\u0130 OLAYLAR<\/strong><\/p>\n<p style=\"text-align: justify;\">Oradaki olay maalesef karde\u015f kavgas\u0131. Oradaki olaya resmen girmemiz bir s\u0131k\u0131nt\u0131 yarat\u0131r. K\u0131rg\u0131zistan etnik ayr\u0131mc\u0131l\u0131k olmamal\u0131. K\u0131rg\u0131z\u2019la \u00d6zbek\u2019i birbirimden ay\u0131rmay\u0131n dedim. Yard\u0131mlar\u0131m\u0131z devam edecek. \u00d6zbek karde\u015flerimizin kendi evlerinde ya\u015famalar\u0131n\u0131n yollar\u0131n\u0131 a\u00e7mal\u0131y\u0131z. Bizi ele\u015ftirenler ka\u00e7 kere K\u0131rg\u0131zistan\u2019a, \u00d6zbekistan\u2019a gitti. \u00d6nce buna cevap vermeliler.<\/p>\n<p style=\"text-align: justify;\"><strong>TE\u015eK\u0130LATA UYARI<\/strong><\/p>\n<p style=\"text-align: justify;\">Sizi yordum galiba. Baz\u0131 arkada\u015flar\u0131mda yol yorgunlu\u011fu var san\u0131r\u0131m. Buradan \u0130l Ba\u015fkanlar\u0131ma sesleniyorum. K\u00d6YDES\u2019te GAP\u2019ta ne yapt\u0131k? \u0130\u015f\u00e7iye memura ne yapt\u0131k? Size o kadar bro\u015f\u00fcr g\u00f6nderdik. Bunlar\u0131 anlatman\u0131z laz\u0131m. Sonra yaz\u0131k olur. Ak Parti ne yapt\u0131 diyenler var. Bunlar\u0131 herkese anlatmal\u0131y\u0131z. Cumhuriyet tarihini 2 kat katlayan bir duble yol a\u011f\u0131yla \u00fclkemizi \u00f6rd\u00fck. Bunlar\u0131 iyi anlatmal\u0131y\u0131z. N\u00fckleer santral anla\u015fmas\u0131n\u0131 yapt\u0131k, 2. n\u00fckleer anla\u015fmas\u0131 i\u00e7in \u00e7al\u0131\u015f\u0131yoruz. Meyve veren a\u011fa\u00e7 ta\u015flan\u0131r. Ats\u0131nlar. Baz\u0131lar\u0131 k\u0131skan\u00e7l\u0131ktan \u00e7\u0131ld\u0131r\u0131yor. Biz yolumuza devam edece\u011fiz onlara da tebess\u00fcm edece\u011fiz.<\/p>\n<p style=\"text-align: justify;\"><strong>\u201cA\u00c7ILIM B\u0130TMED\u0130\u201d <\/strong><\/p>\n<p style=\"text-align: justify;\">Milli birlik s\u00fcrecine devam edece\u011fiz. Bug\u00fcn gazetelerde Diyarbak\u0131r\u2019da mahkemelerin malum olayla ilgili verdi\u011fi karar var. (Kandil ve Mahmur&#8217;dan gelen 10 PKK&#8217;l\u0131 tutukland\u0131)A\u00e7\u0131l\u0131m bitti diyorlar. Hay\u0131r bitmedi biz bu yolculu\u011fa devam edece\u011fiz. Bu ba\u015fl\u0131klar\u0131 atanlar bu \u00fclkenin \u00f6n\u00fcn\u00fc a\u00e7\u0131l\u0131mda kapatmak isteyenlerdir.<\/p>\n<p style=\"text-align: justify;\"><span style=\"color: #888888;\">Radikal<\/span><\/p>\n","protected":false},"excerpt":{"rendered":"<p style=\"text-align: center;\">\n<p style=\"text-align: justify;\">Ba\u015fbakan Recep Tayyip Erdo\u011fan partisinin Geni\u015fletilmi\u015f \u0130l Ba\u015fkanlar\u0131 Toplant\u0131s\u0131&#8217;nda a\u00e7\u0131klamalarda bulundu: Yarg\u0131 art\u0131k g\u00fcvenilirli\u011fini yitirdi.<\/p>\n<p style=\"text-align: justify;\">Ba\u015fbakan\u2019\u0131n a\u00e7\u0131klamalar\u0131 \u015f\u00f6yle:<\/p>\n<p style=\"text-align: justify;\">&#8217;30 YILLIK OYUNLARI SERG\u0130L\u0130YORLAR&#8217;<\/p>\n<p style=\"text-align: justify;\">&#8220;\u015eehitlerimin ac\u0131s\u0131n\u0131 y\u00fcre\u011fimde hissediyorum. Dert adam\u0131 s\u00f6yletir. T\u00fcrkiye\u2019ye y\u00f6nelik al\u00e7ak\u00e7a sald\u0131r\u0131lara kar\u015f\u0131 sizlerin arac\u0131l\u0131\u011f\u0131yla azizi milletime seslenmek istiyorum. Ter\u00f6r \u00f6rg\u00fct\u00fc ne kadar <\/p>\n","protected":false},"author":1,"featured_media":0,"comment_status":"open","ping_status":"closed","sticky":false,"template":"","format":"standard","meta":{"footnotes":""},"categories":[105],"tags":[],"class_list":["post-23697","post","type-post","status-publish","format-standard","hentry","category-gundem","odd"],"_links":{"self":[{"href":"http:\/\/www.korhanyilmaz.com\/index.php?rest_route=\/wp\/v2\/posts\/23697","targetHints":{"allow":["GET"]}}],"collection":[{"href":"http:\/\/www.korhanyilmaz.com\/index.php?rest_route=\/wp\/v2\/posts"}],"about":[{"href":"http:\/\/www.korhanyilmaz.com\/index.php?rest_route=\/wp\/v2\/types\/post"}],"author":[{"embeddable":true,"href":"http:\/\/www.korhanyilmaz.com\/index.php?rest_route=\/wp\/v2\/users\/1"}],"replies":[{"embeddable":true,"href":"http:\/\/www.korhanyilmaz.com\/index.php?rest_route=%2Fwp%2Fv2%2Fcomments&post=23697"}],"version-history":[{"count":0,"href":"http:\/\/www.korhanyilmaz.com\/index.php?rest_route=\/wp\/v2\/posts\/23697\/revisions"}],"wp:attachment":[{"href":"http:\/\/www.korhanyilmaz.com\/index.php?rest_route=%2Fwp%2Fv2%2Fmedia&parent=23697"}],"wp:term":[{"taxonomy":"category","embeddable":true,"href":"http:\/\/www.korhanyilmaz.com\/index.php?rest_route=%2Fwp%2Fv2%2Fcategories&post=23697"},{"taxonomy":"post_tag","embeddable":true,"href":"http:\/\/www.korhanyilmaz.com\/index.php?rest_route=%2Fwp%2Fv2%2Ftags&post=23697"}],"curies":[{"name":"wp","href":"https:\/\/api.w.org\/{rel}","templated":true}]}}