{"id":23693,"date":"2010-06-18T20:48:44","date_gmt":"2010-06-18T20:48:44","guid":{"rendered":"http:\/\/www.korhanyilmaz.com\/?p=23693"},"modified":"2010-06-18T20:48:44","modified_gmt":"2010-06-18T20:48:44","slug":"kck-iddianamesine-kabul-baydemir-supheli","status":"publish","type":"post","link":"http:\/\/www.korhanyilmaz.com\/?p=23693","title":{"rendered":"KCK iddianamesine kabul. Baydemir \u015f\u00fcpheli"},"content":{"rendered":"<p style=\"text-align: justify;\"><a href=\"http:\/\/www.korhanyilmaz.com\/wp-content\/uploads\/2010\/06\/046.jpg\"  class=\"lightview\"><img loading=\"lazy\" decoding=\"async\" class=\"aligncenter size-full wp-image-23694\" src=\"http:\/\/www.korhanyilmaz.com\/wp-content\/uploads\/2010\/06\/046.jpg\" alt=\"\" width=\"292\" height=\"193\" \/><\/a><\/p>\n<p style=\"text-align: justify;\">Diyarbak\u0131r 6. A\u011f\u0131r Ceza Mahkemesi, 151 san\u0131kl\u0131 KCK iddianamesini kabul etti. Yarg\u0131lamaya \u00f6n\u00fcm\u00fczdeki g\u00fcnlerde ba\u015flanacak.<\/p>\n<p style=\"text-align: justify;\">Diyarbak\u0131r Cumhuriyet Ba\u015fsavc\u0131l\u0131\u011f\u0131&#8217;nca haz\u0131rlanan 7 bin 578 sayfal\u0131k iddianame bir s\u00fcre \u00f6nce Diyarbak\u0131r 6. A\u011f\u0131r Ceza Mahkemesi&#8217;ne g\u00f6nderilmi\u015fti. <!--more--><\/p>\n<p style=\"text-align: justify;\">Mahkemenin incelemesi tamamland\u0131 ve iddianame kabul edildi.<\/p>\n<p style=\"text-align: justify;\">\u0130ddianamede, 103&#8217;\u00fc tutuklu, 151 \u015f\u00fcpheli hakk\u0131nda, &#8221;devletin birli\u011fini ve b\u00fct\u00fcnl\u00fc\u011f\u00fcn\u00fc bozmak&#8217;, &#8221;ter\u00f6r \u00f6rg\u00fct\u00fc \u00fcyesi ve y\u00f6neticisi olmak&#8221;, &#8221;ter\u00f6r \u00f6rg\u00fct\u00fcne yard\u0131m ve yatakl\u0131k etmek&#8221; su\u00e7lar\u0131ndan 15 ile a\u011f\u0131rla\u015ft\u0131r\u0131lm\u0131\u015f m\u00fcebbet aras\u0131nda de\u011fi\u015fen hapis cezas\u0131 isteniyor.<\/p>\n<p style=\"text-align: justify;\">\u0130ddianamedeki \u015f\u00fcpheliler aras\u0131nda kapat\u0131lan DTP&#8217;nin 28 y\u00f6neticisi ve Diyarbak\u0131r B\u00fcy\u00fck\u015fehir Belediye Ba\u015fkan\u0131 Osman Baydemir&#8217;in de aralar\u0131nda bulundu\u011fu 12 belediye ba\u015fkan\u0131, 2 il genel meclisi ba\u015fkan\u0131 ile 2 belediye meclis \u00fcyesi de bulunuyor.<\/p>\n<p style=\"text-align: justify;\">Mahkeme \u00f6n\u00fcm\u00fczdeki g\u00fcnlerde duru\u015fman\u0131n yap\u0131laca\u011f\u0131 tarihi belirleyecek.<\/p>\n<p style=\"text-align: justify;\"><span style=\"color: #888888;\">CNN T\u00dcRK<\/span><\/p>\n","protected":false},"excerpt":{"rendered":"<p style=\"text-align: justify;\">\n<p style=\"text-align: justify;\">Diyarbak\u0131r 6. A\u011f\u0131r Ceza Mahkemesi, 151 san\u0131kl\u0131 KCK iddianamesini kabul etti. Yarg\u0131lamaya \u00f6n\u00fcm\u00fczdeki g\u00fcnlerde ba\u015flanacak.<\/p>\n<p style=\"text-align: justify;\">Diyarbak\u0131r Cumhuriyet Ba\u015fsavc\u0131l\u0131\u011f\u0131&#8217;nca haz\u0131rlanan 7 bin 578 sayfal\u0131k iddianame bir s\u00fcre \u00f6nce Diyarbak\u0131r 6. A\u011f\u0131r Ceza Mahkemesi&#8217;ne g\u00f6nderilmi\u015fti. <\/p>\n","protected":false},"author":1,"featured_media":0,"comment_status":"open","ping_status":"closed","sticky":false,"template":"","format":"standard","meta":{"footnotes":""},"categories":[105],"tags":[],"class_list":["post-23693","post","type-post","status-publish","format-standard","hentry","category-gundem","odd"],"_links":{"self":[{"href":"http:\/\/www.korhanyilmaz.com\/index.php?rest_route=\/wp\/v2\/posts\/23693","targetHints":{"allow":["GET"]}}],"collection":[{"href":"http:\/\/www.korhanyilmaz.com\/index.php?rest_route=\/wp\/v2\/posts"}],"about":[{"href":"http:\/\/www.korhanyilmaz.com\/index.php?rest_route=\/wp\/v2\/types\/post"}],"author":[{"embeddable":true,"href":"http:\/\/www.korhanyilmaz.com\/index.php?rest_route=\/wp\/v2\/users\/1"}],"replies":[{"embeddable":true,"href":"http:\/\/www.korhanyilmaz.com\/index.php?rest_route=%2Fwp%2Fv2%2Fcomments&post=23693"}],"version-history":[{"count":0,"href":"http:\/\/www.korhanyilmaz.com\/index.php?rest_route=\/wp\/v2\/posts\/23693\/revisions"}],"wp:attachment":[{"href":"http:\/\/www.korhanyilmaz.com\/index.php?rest_route=%2Fwp%2Fv2%2Fmedia&parent=23693"}],"wp:term":[{"taxonomy":"category","embeddable":true,"href":"http:\/\/www.korhanyilmaz.com\/index.php?rest_route=%2Fwp%2Fv2%2Fcategories&post=23693"},{"taxonomy":"post_tag","embeddable":true,"href":"http:\/\/www.korhanyilmaz.com\/index.php?rest_route=%2Fwp%2Fv2%2Ftags&post=23693"}],"curies":[{"name":"wp","href":"https:\/\/api.w.org\/{rel}","templated":true}]}}