{"id":2369,"date":"2008-12-14T12:36:56","date_gmt":"2008-12-14T10:36:56","guid":{"rendered":"http:\/\/www.korhanyilmaz.com\/?p=2369"},"modified":"2008-12-14T12:36:56","modified_gmt":"2008-12-14T10:36:56","slug":"papadopulos-yarin-topraga-veriliyor","status":"publish","type":"post","link":"http:\/\/www.korhanyilmaz.com\/?p=2369","title":{"rendered":"Papadopulos yar\u0131n topra\u011fa veriliyor"},"content":{"rendered":"<p style=\"text-align: justify;\"><a href=\"http:\/\/www.korhanyilmaz.com\/wp-content\/uploads\/2008\/12\/eae13c216e213442af55393fr.jpg\"  class=\"lightview\"><img loading=\"lazy\" decoding=\"async\" class=\"size-full wp-image-2370 alignright\" style=\"margin: 0px 10px;\" title=\"G\u00fcney K\u0131br\u0131s Rum Y\u00f6netimi eski lideri Tasos Papadopulos \" src=\"http:\/\/www.korhanyilmaz.com\/wp-content\/uploads\/2008\/12\/eae13c216e213442af55393fr.jpg\" alt=\"Papadopulos yar\u0131n topra\u011fa veriliyor \" width=\"200\" height=\"250\" \/><\/a>Ge\u00e7en Cuma g\u00fcn\u00fc vefat eden G\u00fcney K\u0131br\u0131s Rum Y\u00f6netimi eski lideri Tasos Papadopulos i\u00e7in yar\u0131n cenaze t\u00f6reni d\u00fczenlenecek. Cenaze t\u00f6reninde Yunanistan Ba\u015fbakan\u0131 Kostas Karamanlis ve D\u0131\u015fi\u015fleri Bakan\u0131 Dora Bakoyanni de haz\u0131r bulunacak.<\/p>\n<p style=\"text-align: justify;\">Uzun bir s\u00fcreden beri akci\u011fer kanseri tedavisini g\u00f6ren 74 ya\u015f\u0131ndaki Papadopulos i\u00e7in yar\u0131n, \u00fc\u00e7 g\u00fcnl\u00fck ulusal yas ilan edildi\u011fi Rum Kesimi&#8217;nde bir cenaze t\u00f6reni d\u00fczenlenecek. Cenaze t\u00f6reni nedeniyle G\u00fcney K\u0131br\u0131s&#8217;ta yar\u0131n t\u00fcm resmi daireler ve okullar tatil edilecek. Yar\u0131n sabahtaki cenaze t\u00f6reninde Rum Y\u00f6netimi Ba\u015fkan\u0131 Dimitri Hristofyas bir konu\u015fma yapacak. T\u00f6rende yar\u0131n Atina&#8217;dan adaya gelecek Yunanistan Ba\u015fbakan\u0131 Karamanlis ve D\u0131\u015fi\u015fleri Bakan\u0131 Bakoyanni de yer alacak.<!--more--><\/p>\n<p style=\"text-align: justify;\">2003&#8217;den itibaren be\u015f y\u0131l Rum Kesimi&#8217;ni y\u00f6neten Papadopulos, \u00fclkeyi AB&#8217;ye girmesini sa\u011flarken, K\u0131br\u0131s sorununun \u00e7\u00f6z\u00fcm\u00fcne y\u00f6nelik Annan Plan\u0131&#8217;n\u0131n engellenmesi i\u00e7in elinde gelen t\u00fcm \u00e7abalar g\u00f6sterdi. Annan Plan\u0131 referandumu \u00f6ncesi s\u00fcrd\u00fcrd\u00fc\u011f\u00fcn\u00fc yo\u011fun &#8220;Hay\u0131r&#8221; kampanyas\u0131yla ABD ve AB ba\u015fkentlerinde tepki yaratan Papadopulos, bu y\u0131l\u0131n ba\u015flar\u0131nda yap\u0131lan cumhurba\u015fkanl\u0131\u011f\u0131 se\u00e7imlerinde b\u00fcy\u00fck bir yenilgiye u\u011frad\u0131.<\/p>\n<p>Gen\u00e7li\u011finde Yunanistan&#8217;a enosisi (ilhak) hedefleyen ter\u00f6r \u00f6rg\u00fct\u00fc EOKA&#8217;da \u00e7e\u015fitli g\u00f6revlerde \u00fcstelenen ancak son y\u0131llarda &#8220;Eskiden EOKA&#8217;c\u0131yd\u0131m ama art\u0131k de\u011fi\u015ftim&#8221; y\u00f6n\u00fcndeki a\u00e7\u0131klamalarda bulunan Papadopulos, evli ve d\u00f6rt \u00e7ocu\u011fun babas\u0131yd\u0131.<\/p>\n<p style=\"text-align: justify;\"><span style=\"color: #c0c0c0;\">ANKA<\/span><\/p>\n","protected":false},"excerpt":{"rendered":"<p style=\"text-align: justify;\">Ge\u00e7en Cuma g\u00fcn\u00fc vefat eden G\u00fcney K\u0131br\u0131s Rum Y\u00f6netimi eski lideri Tasos Papadopulos i\u00e7in yar\u0131n cenaze t\u00f6reni d\u00fczenlenecek. Cenaze t\u00f6reninde Yunanistan Ba\u015fbakan\u0131 Kostas Karamanlis ve D\u0131\u015fi\u015fleri Bakan\u0131 Dora Bakoyanni de haz\u0131r bulunacak.<\/p>\n<p style=\"text-align: justify;\">Uzun bir s\u00fcreden beri akci\u011fer kanseri tedavisini g\u00f6ren 74 ya\u015f\u0131ndaki Papadopulos i\u00e7in yar\u0131n, \u00fc\u00e7 g\u00fcnl\u00fck ulusal yas ilan edildi\u011fi <\/p>\n","protected":false},"author":1,"featured_media":0,"comment_status":"open","ping_status":"open","sticky":false,"template":"","format":"standard","meta":{"footnotes":""},"categories":[3],"tags":[],"class_list":["post-2369","post","type-post","status-publish","format-standard","hentry","category-dunya","odd"],"_links":{"self":[{"href":"http:\/\/www.korhanyilmaz.com\/index.php?rest_route=\/wp\/v2\/posts\/2369","targetHints":{"allow":["GET"]}}],"collection":[{"href":"http:\/\/www.korhanyilmaz.com\/index.php?rest_route=\/wp\/v2\/posts"}],"about":[{"href":"http:\/\/www.korhanyilmaz.com\/index.php?rest_route=\/wp\/v2\/types\/post"}],"author":[{"embeddable":true,"href":"http:\/\/www.korhanyilmaz.com\/index.php?rest_route=\/wp\/v2\/users\/1"}],"replies":[{"embeddable":true,"href":"http:\/\/www.korhanyilmaz.com\/index.php?rest_route=%2Fwp%2Fv2%2Fcomments&post=2369"}],"version-history":[{"count":0,"href":"http:\/\/www.korhanyilmaz.com\/index.php?rest_route=\/wp\/v2\/posts\/2369\/revisions"}],"wp:attachment":[{"href":"http:\/\/www.korhanyilmaz.com\/index.php?rest_route=%2Fwp%2Fv2%2Fmedia&parent=2369"}],"wp:term":[{"taxonomy":"category","embeddable":true,"href":"http:\/\/www.korhanyilmaz.com\/index.php?rest_route=%2Fwp%2Fv2%2Fcategories&post=2369"},{"taxonomy":"post_tag","embeddable":true,"href":"http:\/\/www.korhanyilmaz.com\/index.php?rest_route=%2Fwp%2Fv2%2Ftags&post=2369"}],"curies":[{"name":"wp","href":"https:\/\/api.w.org\/{rel}","templated":true}]}}