{"id":23689,"date":"2010-06-15T16:30:49","date_gmt":"2010-06-15T16:30:49","guid":{"rendered":"http:\/\/www.korhanyilmaz.com\/?p=23689"},"modified":"2010-06-15T16:30:49","modified_gmt":"2010-06-15T16:30:49","slug":"abdullah-gulden-yuzde-98lik-itiraf","status":"publish","type":"post","link":"http:\/\/www.korhanyilmaz.com\/?p=23689","title":{"rendered":"Abdullah G\u00fcl&#8217;den Y\u00fczde 98&#8217;lik \u0130tiraf!.."},"content":{"rendered":"<p style=\"text-align: justify;\"><a href=\"http:\/\/www.korhanyilmaz.com\/wp-content\/uploads\/2010\/06\/045.jpg\"  class=\"lightview\"><img loading=\"lazy\" decoding=\"async\" class=\"aligncenter size-full wp-image-23690\" src=\"http:\/\/www.korhanyilmaz.com\/wp-content\/uploads\/2010\/06\/045.jpg\" alt=\"\" width=\"250\" height=\"175\" \/><\/a>Kendileri, \u201cK\u0131br\u0131s, K. Irak, K\u00fcrt ve Ermeni a\u00e7\u0131l\u0131mlar\u0131n\u201d mimar\u0131, AB\u2019nin y\u0131lmaz savunucusu, ABD\u2019nin g\u00f6zbebe\u011fi, AKP\u2019nin \u00c7ankaya\u2019daki temsilcisidir. Her konuda uhulet, suhulet ve teenniyle hareket eden \u201csakin g\u00fc\u00e7\u201d G\u00fcl, \u0130srail\u2019in de \u201cKendisine kap\u0131m\u0131z her zaman a\u00e7\u0131k\u201d dedi\u011fi bir isimdir. <!--more--><\/p>\n<p style=\"text-align: justify;\">Kore\u2019ye giderken yine ilgin\u00e7 mesajlar vermi\u015f\u2026 \u201cT\u00fcrkiye\u2019nin ekseninin kayd\u0131\u011f\u0131\u201d tart\u0131\u015fmalar\u0131yla ilgili s\u00f6ylediklerinden ba\u015flayal\u0131m. Demi\u015f ki;<\/p>\n<p style=\"text-align: justify;\">\u201cBu eksen i\u015fi, yanl\u0131\u015f ortamlarda konu\u015fuluyor. Bak\u0131n \u0130ngiltere\u2019ye, Fransa\u2019ya, \u0130spanya\u2019ya&#8230; Bunlar\u0131n ekseninden bahsediliyor mu? AB\u2019nin ekseni nereye gitti diyen var m\u0131? \u0130spanya\u2019n\u0131n Latin Amerika\u2019n\u0131n en devrimci ABD\u2019ye en meydan okuyan \u00fclkelerle \u00e7ok \u00f6zel anla\u015fmalar\u0131 var. Kimse \u0130spanya\u2019n\u0131n ekseni nereye kayd\u0131 diyor mu? Fransa yine Afrika\u2019da ili\u015fki i\u00e7inde oldu\u011fu eski s\u00f6m\u00fcrgelerini hala b\u0131rakmak istemiyor. Kimse Fransa\u2019n\u0131n ekseni kayd\u0131 diyor mu?.. T\u00fcrkiye\u2019nin kom\u015fular\u0131, T\u00fcrk Cumhuriyetleri ve t\u00fcm M\u00fcsl\u00fcman \u00fclkelerle ili\u015fkilerini sadece kalk\u0131p da T\u00fcrkiye\u2019nin ekseni kay\u0131yor diye de\u011ferlendirmek, bilgisizliktir veya k\u00f6t\u00fc niyetli bir yakla\u015f\u0131md\u0131r. Kald\u0131 ki, T\u00fcrkiye AB\u2019nin d\u0131\u015f politikada ald\u0131\u011f\u0131 kararlar\u0131n y\u00fczde 98\u2019ine kat\u0131lan bir \u00fclke. T\u00fcrkiye\u2019nin b\u00f6lgesindeki ya da yak\u0131n\u0131ndaki bir \u00fclke ile ili\u015fkisine bak\u0131p eksenini tart\u0131\u015fmak kadar abes bir \u015fey olmaz. Bir \u00fclkenin ekseni tart\u0131\u015f\u0131labilir ama bunu ortak de\u011ferler, insan haklar\u0131na sayg\u0131, demokrasi ve serbest piyasa ekonomisi y\u00f6n\u00fcnden yapars\u0131n\u0131z.\u201d<\/p>\n<p style=\"text-align: justify;\">Neymi\u015f? \u201cT\u00fcrkiye, AB\u2019nin d\u0131\u015f politikada ald\u0131\u011f\u0131 kararlar\u0131n y\u00fczde 98\u2019ine kat\u0131lan bir \u00fclke\u201d imi\u015f!..<\/p>\n<p style=\"text-align: justify;\">Vallahi bu oran, AB \u00fclkelerinde bile yok. Do\u011fru, g\u00fcya AB\u2019nin bir ortak d\u0131\u015f politika ve savunma r\u00fcyas\u0131 var, ama her bir \u00fclke \u00f6ncelikle kendi menfaatini g\u00f6zetiyor, AB\u2019nin ald\u0131\u011f\u0131\/alaca\u011f\u0131 ortak kararlarda da \u00e7at\u0131r \u00e7at\u0131r pazarl\u0131k yap\u0131yor\u2026 \u00d6rnek Irak\u2019\u0131 i\u015fgal!.. \u00c7o\u011fu AB \u00fclkesi \u201ckoalisyon\u201d g\u00fc\u00e7lerine kat\u0131lmad\u0131. Ya biz ne yapt\u0131k? Alt\u0131nda d\u00f6nemin Ba\u015fbakan\u0131 G\u00fcl\u2019\u00fcn imzas\u0131yla 1 Mart tezkeresini Meclis\u2019e sevk ettik.<\/p>\n<p style=\"text-align: justify;\">Peki bize ne oluyor? AB \u00fcyesi miyiz? O y\u00fczde 98\u2019ine kat\u0131ld\u0131\u011f\u0131m\u0131z kararlarda s\u00f6z ve oy hakk\u0131m\u0131z var m\u0131? Hay\u0131r, onlar karar al\u0131yor, bize de uygulamak d\u00fc\u015f\u00fcyor. Zaten G\u00fcmr\u00fck Birli\u011fi\u2019nden sonra t\u00fcm alanlarda, bu tek yanl\u0131 mekanizmay\u0131 ba\u015far\u0131yla uygulanmaya ba\u015fland\u0131.<\/p>\n<p style=\"text-align: justify;\">Gelin, AB\u2019nin \u201cd\u0131\u015f politika\u201dda ald\u0131\u011f\u0131 kararlara kabaca bakal\u0131m\u2026 \u201cKom\u015fularla sorunlar\u0131n \u00e7\u00f6z\u00fclmesi\u201d ad\u0131 alt\u0131nda, \u201cRum kesiminin tan\u0131nmas\u0131, Yunanistan\u2019la Ege sorununun halledilmesi, casus belli karar\u0131n\u0131n kald\u0131r\u0131lmas\u0131, Ermenistan\u2019la s\u0131n\u0131rlar\u0131n a\u00e7\u0131lmas\u0131, tarihi sorunlar\u0131n halledilmesi, Dicle-F\u0131rat sular\u0131n\u0131n uluslararas\u0131 y\u00f6netime devredilmesi\u201d gibi \u00f6neriler(!) var. Acaba AB\u2019nin bu konularda izledi\u011fi \u201cortak\u201d politika ve ald\u0131\u011f\u0131 kararlar\u0131n hangisi T\u00fcrkiye lehine? Suriye, Irak, \u0130ran, Orta Do\u011fu, Kafkaslar ve enerji hatlar\u0131 i\u00e7in T\u00fcrkiye \u00fczerinden istenenleri ise hi\u00e7 saymayal\u0131m!..<\/p>\n<p style=\"text-align: justify;\">Cumhurba\u015fkan\u0131 G\u00fcl\u2019\u00fcn \u201ceksen kaymas\u0131\u201d i\u00e7in koydu\u011fu kriterler de ilgin\u00e7. \u201cOrtak de\u011ferler, insan haklar\u0131na sayg\u0131, demokrasi ve serbest piyasa ekonomisi\u201d y\u00f6n\u00fcnden eksen kaymas\u0131ndan s\u00f6z edilebilirmi\u015f!..<\/p>\n<p style=\"text-align: justify;\">\u00dclkemizin i\u00e7-d\u0131\u015f politikalar\u0131 ve ekonomisine y\u00f6nelik t\u00fcm \u201coperasyonlar\u0131n\u201d bu \u201culvi\u201d kavramlara s\u0131\u011f\u0131narak yap\u0131ld\u0131\u011f\u0131n\u0131,<\/p>\n<p style=\"text-align: justify;\">G\u00fcl\u2019\u00fcn Ba\u015fbakan Yard\u0131mc\u0131s\u0131 ve D\u0131\u015fi\u015fleri Bakan\u0131 iken, \u201cT\u00fcrkiye 80 y\u0131ld\u0131r kendi dinamikleri ile ger\u00e7ekle\u015ftiremedi\u011fi d\u00f6n\u00fc\u015f\u00fcm\u00fc AB sayesinde yap\u0131yor\u201d dedi\u011fini,<\/p>\n<p style=\"text-align: justify;\">Ve T\u00fcrkiye\u2019yi AB\u2019ye tek yanl\u0131 \u201cdemirleyen\u201d 17 Aral\u0131k 2004 zirve kararlar\u0131 ile 3 Ekim 2005 M\u00fczakere \u00c7er\u00e7eve Belgesi\u2019ni hat\u0131rlay\u0131nca, Cumhurba\u015fkan\u0131 G\u00fcl\u2019\u00fcn hakk\u0131n\u0131 teslim etmek, hatta \u201cEksen kaymas\u0131 m\u0131? Hadi can\u0131m sizde!..\u201d demek gerekiyor.<\/p>\n<p style=\"text-align: justify;\"><strong>\u0130RAN, IRAK OLACAK HABER\u0130 <\/strong><\/p>\n<p style=\"text-align: justify;\">Cumhurba\u015fkan\u0131 G\u00fcl\u2019\u00fcn Kore yolundaki bir di\u011fer \u00f6nemli mesaj\u0131 \u0130ran\u2019la ilgiliydi.<\/p>\n<p style=\"text-align: justify;\">\u201cIrak ambargosunun, T\u00fcrkiye\u2019ye maliyeti ortadad\u0131r. Sadece ambargo sorunu \u00e7\u00f6zm\u00fcyor, \u00e7\u00f6zmedi i\u015fte. O kadar sava\u015f oldu. \u0130ran\u2019\u0131n bu n\u00fckleer meselesi ya diplomasi ile hallolacak veya Irak\u2019ta g\u00f6rd\u00fc\u011f\u00fcm\u00fcz \u015feyler olacak. Irak\u2019ta g\u00f6rd\u00fc\u011f\u00fcm\u00fcz \u015feyleri tekrar g\u00f6rmeye tahamm\u00fcl\u00fcm\u00fcz yok. Dolay\u0131s\u0131yla, bu meselenin diplomasi yoluyla hallolmas\u0131 i\u00e7in daha \u00e7ok u\u011fra\u015f\u0131yoruz. Bizim BM\u2019deki hay\u0131r oyumuz asl\u0131nda \u0130ran\u2019\u0131 masada tuttu. Bat\u0131\u2019yla ters d\u00fc\u015fmek diye bir \u015fey yok. T\u00fcrkiye ile Bat\u0131 aras\u0131nda ayr\u0131 gayr\u0131 yok. Biz \u0130ran\u2019\u0131 masada tutmaya \u00e7al\u0131\u015f\u0131yoruz\u201d demi\u015f.<\/p>\n<p style=\"text-align: justify;\">G\u00f6r\u00fcyorsunuz; \u201cT\u00fcrkiye ile Bat\u0131 aras\u0131nda ayr\u0131 gayr\u0131 yok\u201dmu\u015f!..<\/p>\n<p style=\"text-align: justify;\">\u00d6yleyse ne o ABD\u2019ye \u201cMeydan okuduk\u2026 Obama, Erdo\u011fan\u2019a yalvard\u0131\u201d havalar\u0131?!..<\/p>\n<p style=\"text-align: justify;\">G\u00fcl\u2019\u00fcn, \u201cIrak\u2019ta g\u00f6rd\u00fc\u011f\u00fcm\u00fcz \u015feyler olacak\u201d s\u00f6z\u00fcn\u00fcn alt\u0131n\u0131 \u00e7izelim.T\u00fcrkiye\u2019nin, aynen Irak i\u015fgali \u00f6ncesindeki gibi, aynenABD\u2019den ba\u011f\u0131ms\u0131zm\u0131\u015f gibi sanki \u201colmazlar\u0131\u201d g\u00f6stermeye \u00e7al\u0131\u015ft\u0131\u011f\u0131 izlenimi yok mu?<\/p>\n<p style=\"text-align: justify;\">Hele de Nisan ay\u0131nda T\u00fcrkiye\u2019ye gelip, Cumhurba\u015fkan\u0131 G\u00fcl\u2019le g\u00f6r\u00fc\u015fen ABD\u2019nin eski Ankara B\u00fcy\u00fckel\u00e7isi Morton Abramowitz\u2019in, \u201cT\u00fcrkiye Cumhurba\u015fkan\u0131, \u0130ran n\u00fckleer silah pe\u015findeyse, onu durdurmal\u0131y\u0131z dedi\u201d iddias\u0131yla,<\/p>\n<p style=\"text-align: justify;\">AKP\u2019ye yak\u0131n isimlerden T\u00fcrkiye uzman\u0131 Henry J. Barkey\u2019in, \u201cBurada bizim sorunumuz, T\u00fcrkler\u2019den birbirinden t\u00fcm\u00fcyle farkl\u0131 iki mesaj al\u0131yor olmam\u0131z. Bir yandan, kamuoyuna yap\u0131lan a\u00e7\u0131klamalarda sorunlar\u0131n kayna\u011f\u0131nda \u0130ran\u2019\u0131n de\u011fil, \u0130srail\u2019in bulundu\u011fu vurgulan\u0131yor. Ama sahne arkas\u0131ndan, bizlere, D\u0131\u015fi\u015fleri Bakanl\u0131\u011f\u0131 d\u00fczeyinde s\u00f6ylenen ba\u015fka\u201d \u015feklindeki s\u00f6zleriorta yerdekalm\u0131\u015fken\u2026<\/p>\n<p style=\"text-align: justify;\"><strong>\u0130SRA\u0130L\u2019E YUMU\u015eAMA <\/strong><\/p>\n<p style=\"text-align: justify;\">Kore yolunda Cumhurba\u015fkan\u0131 G\u00fcl\u2019\u00fcn \u0130srail\u2019e y\u00f6nelik \u00fcslubu da iyice yumu\u015fam\u0131\u015f\u2026 \u0130srail\u2019in 9 T\u00fcrk\u2019\u00fcn \u00f6ld\u00fcr\u00fclmesiyle ilgili \u00f6z\u00fcr dilemeyece\u011fi a\u00e7\u0131klamas\u0131na, \u201cNas\u0131l telafi edilece\u011fini onlar bilir\u201d cevab\u0131n\u0131 vermi\u015f!.. \u201c\u00d6z\u00fcr dilemekten\u201d bile ka\u00e7\u0131nan bir \u00fclkenin \u201ctelafisi\u201d acaba nas\u0131l olur ki?<\/p>\n<p style=\"text-align: justify;\">Ba\u015fbakan Erdo\u011fan PKK i\u00e7in, \u201cta\u015feron, tetik\u00e7i, fig\u00fcran\u201d demi\u015fti. G\u00fcl ise \u201cTer\u00f6r \u00f6rg\u00fct\u00fc bazen kullan\u0131l\u0131r, bazen motive edilir, bazen de ihale al\u0131r\u201d yorumunu yapm\u0131\u015f. Ak\u0131llara hemen \u201c\u0130srail\u201d gelince de \u015fu izahatta bulunmu\u015f:<\/p>\n<p style=\"text-align: justify;\">\u201cElimizde kesin delil olmadan kimseyi kolay kolay su\u00e7layamam. Bunlar b\u00fcy\u00fck su\u00e7lamalar. Ben \u00f6yle bir \u015fey kastetmedim.\u201d<\/p>\n<p style=\"text-align: justify;\">\u0130nsan\u0131n, \u201cKesin delil olsa ne olur ki?\u201d sorusunu soras\u0131 geliyor. Mesela PKK\u2019n\u0131n kulland\u0131\u011f\u0131, topuk koparan \u0130talyan may\u0131nlar\u0131 i\u00e7in ne yap\u0131ld\u0131? Mesela 2007\u2019de ABD\u2019nin Irak ordusuna verdi\u011fi silahlar\u0131n PKK\u2019n\u0131n \u201celine ge\u00e7ti\u011fi\u201d tespit edildi de ne oldu? G\u00fcl, o zamanlar D\u0131\u015fi\u015fleri Bakan\u0131 idi. Amerikan ordusunun, Irak ordusuna iyi niyetle silah yard\u0131m\u0131nda bulundu\u011funu belirtip, \u201cBu silahlar\u0131n ter\u00f6r \u00f6rg\u00fct\u00fcn\u00fcn eline nas\u0131l ge\u00e7ti\u011fini Amerikan Savunma Bakanl\u0131\u011f\u0131 da ara\u015ft\u0131r\u0131yor. Baz\u0131 Amerikan askerlerinin de kar\u0131\u015ft\u0131\u011f\u0131 yolsuzluk olaylar\u0131 belirlendi. Konuyu Irakl\u0131 y\u00f6neticilerle de g\u00f6r\u00fc\u015ft\u00fck\u201d dedi. Sonu\u00e7?!..<\/p>\n<p style=\"text-align: justify;\"><strong>\u00c7ANKAYA \u201c\u0130PTAL\u201dE AYARLI <\/strong><\/p>\n<p style=\"text-align: justify;\">G\u00fcl\u2019\u00fcn i\u00e7 politika, yani Anayasa Mahkemesi Raport\u00f6r\u00fc Osman Can\u2019\u0131n, \u201cAnayasa Mahkemesi paketin bir b\u00f6l\u00fcm\u00fcn\u00fc iptal ederse, bu karar yok say\u0131ls\u0131n\u201d \u015feklindeki \u00f6nerisi \u00fczerine ba\u015flayan tart\u0131\u015fmaya ili\u015fkin de\u011ferlendirmesine gelince\u2026<\/p>\n<p style=\"text-align: justify;\">\u201cBiraz tart\u0131\u015f\u0131ls\u0131n bakal\u0131m\u201d demekle yetinmi\u015f.<\/p>\n<p style=\"text-align: justify;\">Demek ki \u00f6neriyi, \u201canormal\u201d bulmuyor, tart\u0131\u015f\u0131l\u0131p, belki de yava\u015f yava\u015f kabul g\u00f6rmesini istiyor.<\/p>\n<p style=\"text-align: justify;\">Bu vesile ile \u00c7ankaya K\u00f6\u015fk\u00fc\u2019n\u00fcn Anayasa de\u011fi\u015fikli\u011fi konusundaki havas\u0131n\u0131 da verelim. \u0130ddia o ki, K\u00f6\u015fk\u2019te t\u00fcm beklenti ve haz\u0131rl\u0131klar \u201ciptal\u201de g\u00f6re yap\u0131l\u0131yormu\u015f!..<\/p>\n<p style=\"text-align: justify;\"><a href=\"http:\/\/www.odatv.com\/n.php?n=gulden-yuzde-98lik-itiraf..--1506101200\" target=\"_blank\"><span style=\"color: #888888;\">Kaynak : M\u00fcyesser Y\u0131ld\u0131z &#8211;\u00a0 Odatv.com<\/span><\/a><\/p>\n","protected":false},"excerpt":{"rendered":"<p style=\"text-align: justify;\">Kendileri, \u201cK\u0131br\u0131s, K. Irak, K\u00fcrt ve Ermeni a\u00e7\u0131l\u0131mlar\u0131n\u201d mimar\u0131, AB\u2019nin y\u0131lmaz savunucusu, ABD\u2019nin g\u00f6zbebe\u011fi, AKP\u2019nin \u00c7ankaya\u2019daki temsilcisidir. Her konuda uhulet, suhulet ve teenniyle hareket eden \u201csakin g\u00fc\u00e7\u201d G\u00fcl, \u0130srail\u2019in de \u201cKendisine kap\u0131m\u0131z her zaman a\u00e7\u0131k\u201d dedi\u011fi bir isimdir. <\/p>\n","protected":false},"author":1,"featured_media":0,"comment_status":"open","ping_status":"closed","sticky":false,"template":"","format":"standard","meta":{"footnotes":""},"categories":[105],"tags":[],"class_list":["post-23689","post","type-post","status-publish","format-standard","hentry","category-gundem","odd"],"_links":{"self":[{"href":"http:\/\/www.korhanyilmaz.com\/index.php?rest_route=\/wp\/v2\/posts\/23689","targetHints":{"allow":["GET"]}}],"collection":[{"href":"http:\/\/www.korhanyilmaz.com\/index.php?rest_route=\/wp\/v2\/posts"}],"about":[{"href":"http:\/\/www.korhanyilmaz.com\/index.php?rest_route=\/wp\/v2\/types\/post"}],"author":[{"embeddable":true,"href":"http:\/\/www.korhanyilmaz.com\/index.php?rest_route=\/wp\/v2\/users\/1"}],"replies":[{"embeddable":true,"href":"http:\/\/www.korhanyilmaz.com\/index.php?rest_route=%2Fwp%2Fv2%2Fcomments&post=23689"}],"version-history":[{"count":0,"href":"http:\/\/www.korhanyilmaz.com\/index.php?rest_route=\/wp\/v2\/posts\/23689\/revisions"}],"wp:attachment":[{"href":"http:\/\/www.korhanyilmaz.com\/index.php?rest_route=%2Fwp%2Fv2%2Fmedia&parent=23689"}],"wp:term":[{"taxonomy":"category","embeddable":true,"href":"http:\/\/www.korhanyilmaz.com\/index.php?rest_route=%2Fwp%2Fv2%2Fcategories&post=23689"},{"taxonomy":"post_tag","embeddable":true,"href":"http:\/\/www.korhanyilmaz.com\/index.php?rest_route=%2Fwp%2Fv2%2Ftags&post=23689"}],"curies":[{"name":"wp","href":"https:\/\/api.w.org\/{rel}","templated":true}]}}