{"id":23685,"date":"2010-06-18T19:42:13","date_gmt":"2010-06-18T19:42:13","guid":{"rendered":"http:\/\/www.korhanyilmaz.com\/?p=23685"},"modified":"2010-06-18T19:42:13","modified_gmt":"2010-06-18T19:42:13","slug":"turkiye-israil-iliskisine-formula-1-benzetmesi","status":"publish","type":"post","link":"http:\/\/www.korhanyilmaz.com\/?p=23685","title":{"rendered":"T\u00fcrkiye-\u0130srail ili\u015fkisine formula 1 benzetmesi"},"content":{"rendered":"<p><a href=\"http:\/\/www.korhanyilmaz.com\/wp-content\/uploads\/2010\/06\/044.jpg\"  class=\"lightview\"><img loading=\"lazy\" decoding=\"async\" class=\"aligncenter size-full wp-image-23686\" src=\"http:\/\/www.korhanyilmaz.com\/wp-content\/uploads\/2010\/06\/044.jpg\" alt=\"\" width=\"292\" height=\"193\" \/><\/a><\/p>\n<p style=\"text-align: justify;\">AK Parti&#8217;nin D\u0131\u015f \u0130li\u015fkilerden Sorumlu Genel Ba\u015fkan Yard\u0131mc\u0131s\u0131 \u00d6mer \u00c7elik, &#8220;T\u00fcrk-\u0130srail ili\u015fkileri, \u015fu anda birbirine do\u011fru hareket eden iki formula 1 arabas\u0131 gibi s\u00fcratle \u00e7arp\u0131\u015fmak \u00fczere birbirine do\u011fru ilerliyor&#8221; dedi.<\/p>\n<p style=\"text-align: justify;\">\u00c7elik, \u0130srail&#8217;in Gazze&#8217;ye giden gemilere sald\u0131rmas\u0131yla ilgili olarak komisyon kurmas\u0131na ili\u015fkin, &#8220;NATO m\u00fcttefiki dostlar\u0131m\u0131z\u0131n, ortak de\u011ferleri payla\u015ft\u0131\u011f\u0131m\u0131z ve ortak de\u011ferler u\u011fruna pek \u00e7ok yerde \u00f6l\u00fcm\u00fc g\u00f6ze ald\u0131\u011f\u0131m\u0131z dostlar\u0131m\u0131z\u0131n bu konuda \u0130srail&#8217;e destek vermesi de biz de hayal k\u0131r\u0131kl\u0131\u011f\u0131 yaratm\u0131\u015ft\u0131r&#8221; diye konu\u015ftu. <!--more--><\/p>\n<p style=\"text-align: justify;\">\u00d6mer \u00c7elik, ABD&#8217;deki d\u00fc\u015f\u00fcnce kurulu\u015fu Middle East Enstit\u00fcs\u00fc taraf\u0131ndan d\u00fczenlenen &#8220;T\u00fcrkiye&#8217;nin Yeni Jeopoliti\u011fi: Zorluklar ve F\u0131rsatlar&#8221; konulu konferansta konu\u015ftu.<\/p>\n<p style=\"text-align: justify;\">Washington&#8217;a gelmeden \u00f6nce kendisine, ziyaretin amac\u0131n\u0131n, T\u00fcrkiye-ABD ve T\u00fcrkiye-\u0130srail ili\u015fkilerinde ya\u015fanan olaylar konusunda &#8220;yumu\u015fatma giri\u015fimi mi&#8221; oldu\u011funun soruldu\u011funu belirten \u00c7elik, kendisinin de ziyaretinin &#8220;yumu\u015fatma veya sertle\u015ftirme&#8221; ama\u00e7l\u0131 olmad\u0131\u011f\u0131n\u0131, sadece T\u00fcrkiye&#8217;nin pozisyonunu net anlataca\u011f\u0131n\u0131 s\u00f6yledi\u011fini aktard\u0131.<\/p>\n<p style=\"text-align: justify;\">T\u00fcrkiye-\u0130srail ili\u015fkilerinde ya\u015fanan sertle\u015fmenin, \u0130srail&#8217;in Gazze&#8217;ye operasyonuyla ba\u015flad\u0131\u011f\u0131n\u0131 hat\u0131rlatan \u00c7elik, o d\u00f6nemde Ba\u015fbakan Recep Tayyip Erdo\u011fan&#8217;\u0131n, T\u00fcrkiye&#8217;de \u0130srail o d\u00f6nemki Ba\u015fbakan\u0131 Ehud Olmert ile \u0130srail-Suriye ili\u015fkilerinin normalle\u015fmesiyle ilgili g\u00f6r\u00fc\u015ft\u00fc\u011f\u00fcn\u00fc ve y\u00fczde 99 oran\u0131nda mutabakata var\u0131ld\u0131\u011f\u0131n\u0131 ifade ederek s\u00f6zlerini \u015f\u00f6yle s\u00fcrd\u00fcrd\u00fc:<\/p>\n<p style=\"text-align: justify;\">&#8220;Say\u0131n Olmert, &#8216;Birka\u00e7 noktada kelimelik anla\u015fmazl\u0131\u011f\u0131m\u0131z var. \u00dclkeme d\u00f6neyim, 1-2 g\u00fcn i\u00e7inde size d\u00f6nerim ve bu konuyu da hallederiz &#8216;dedi. Biz kendisinden cevap beklerken 1-2 g\u00fcn i\u00e7erisinde Gazze operasyonu ba\u015flad\u0131. Bundan birka\u00e7 y\u0131l \u00f6nce de Ba\u015fbakan Erdo\u011fan, \u0130talya&#8217;da Ba\u015fkan Peres ile yemek yemek yerken o masada ben de vard\u0131m. Ba\u015fkan Peres, Ba\u015fbakan\u0131m\u0131za &#8216;Biz \u0130srailliler istiyoruz ki kom\u015fumuz Norve\u00e7 olsun, Filistinliler istiyor ki kom\u015fular\u0131 \u0130sve\u00e7 olsun, ancak ger\u00e7ekler b\u00f6yle de\u011fil, \u00e7ok sert. O sebeple bar\u0131\u015f\u0131 \u00f6zelle\u015ftirmemiz laz\u0131m, bunu da yapabilecek tek \u00fclke T\u00fcrkiye&#8217;dir&#8217; demi\u015fti.&#8221;<\/p>\n<p style=\"text-align: justify;\"><strong>&#8220;\u0130srail vatanda\u015flar\u0131m\u0131z\u0131 infaz etti&#8221; <\/strong><\/p>\n<p style=\"text-align: justify;\">Ancak \u0130srail&#8217;in ge\u00e7enlerde 32 \u00fclkenin vatanda\u015flar\u0131n\u0131 ta\u015f\u0131yan ve Gazze&#8217;ye yard\u0131m g\u00f6t\u00fcren insani yard\u0131m gemisine sald\u0131rd\u0131\u011f\u0131n\u0131 ve biri Amerikan vatanda\u015f\u0131 olmak \u00fczere 9 T\u00fcrk&#8217;\u00fcn bu gemide \u00f6ld\u00fcr\u00fcld\u00fc\u011f\u00fcn\u00fc an\u0131msatan \u00c7elik, \u015funlar\u0131 kaydetti: &#8220;Bu ya\u015fanan olay T\u00fcrk tarihinin en trajik olaylar\u0131ndan bir tanesidir. B\u00fct\u00fcn so\u011fuk sava\u015f boyunca Sovyetler Birli\u011fi ile kar\u015f\u0131 kar\u015f\u0131yayd\u0131k, fakat Sovyetler Birli\u011fi hi\u00e7bir vatanda\u015f\u0131m\u0131z\u0131 \u00f6ld\u00fcrmeye te\u015febb\u00fcs etmedi, ancak y\u0131llard\u0131r kendisiyle i\u015fbirli\u011fi yapt\u0131\u011f\u0131m\u0131z ve destek verdi\u011fimiz \u0130srail 9 vatanda\u015f\u0131m\u0131z\u0131 \u00f6ld\u00fcrmenin \u00f6tesinde, bir gemiye sald\u0131rarak infaz etti.&#8221;<\/p>\n<p style=\"text-align: justify;\">&#8220;Yapt\u0131\u011f\u0131m\u0131z g\u00f6r\u00fc\u015fmelerde, \u0130srail taraf\u0131ndan gelen propaganda faaliyetlerinden gemilerdekilerin kimli\u011fi ki\u015fili\u011fi tart\u0131\u015f\u0131l\u0131yor, bu insani yard\u0131m\u0131n Gazze ablukas\u0131n\u0131 delme ama\u00e7l\u0131 oldu\u011fu s\u00f6ylenerek, bu insanl\u0131k d\u0131\u015f\u0131 eylem \u00f6rtbas edilmeye \u00e7al\u0131\u015f\u0131l\u0131yor&#8221; ifadesini kullanan \u00c7elik, \u0130srail&#8217;den, T\u00fcrkiye&#8217;den \u00f6z\u00fcr dilemesini ve bu olay\u0131n soru\u015fturulmas\u0131 i\u00e7in BM Genel Sekreterinin g\u00f6zetiminde ba\u011f\u0131ms\u0131z komisyon kurulmas\u0131na katk\u0131 vermesini beklediklerini s\u00f6yledi.<\/p>\n<p style=\"text-align: justify;\">AK Parti Genel Ba\u015fkan Yard\u0131mc\u0131s\u0131 \u00c7elik, \u015f\u00f6yle devam etti: &#8220;\u0130srail bu taleplerimize kar\u015f\u0131l\u0131k vermezse, ili\u015fkilerimiz bundan sonra daha k\u00f6t\u00fcye gedecektir. \u0130srail&#8217;in kendi kendine kurdu\u011fu komisyonun bizim a\u00e7\u0131m\u0131zdan hi\u00e7bir kredibilitesi yoktur. Maalesef, NATO m\u00fcttefiki dostlar\u0131m\u0131z\u0131n, ortak de\u011ferleri payla\u015ft\u0131\u011f\u0131m\u0131z ve ortak de\u011ferler u\u011fruna pek \u00e7ok yerde \u00f6l\u00fcm\u00fc g\u00f6ze ald\u0131\u011f\u0131m\u0131z dostlar\u0131m\u0131z\u0131n bu konuda \u0130srail&#8217;e destek vermesi de biz de hayal k\u0131r\u0131kl\u0131\u011f\u0131 yaratm\u0131\u015ft\u0131r.&#8221;<\/p>\n<p style=\"text-align: justify;\">Tepkilerinin \u0130srail halk\u0131 veya devletine kar\u015f\u0131 olmad\u0131\u011f\u0131n\u0131 ve anti-semitizm ile ilgisinin bulunmad\u0131\u011f\u0131n\u0131 vurgulayan \u00c7elik, &#8220;Kategorik olarak s\u00f6yl\u00fcyorum: \u0130srail&#8217;in var olma hakk\u0131 ve g\u00fcvenli\u011fi bizim i\u00e7in \u00e7ok \u00f6nemlidir, Orta Do\u011fu bar\u0131\u015f\u0131n\u0131n sa\u011flanmas\u0131 konusunda T\u00fcrk-\u0130srail ili\u015fkilerinin her zaman \u00e7ok iyi olmas\u0131 gerekir&#8221; dedi.<\/p>\n<p style=\"text-align: justify;\"><strong>&#8220;\u0130li\u015fkileri bozmak i\u00e7in elinden geleni yap\u0131yor&#8221; <\/strong><\/p>\n<p style=\"text-align: justify;\">T\u00fcrkiye&#8217;nin \u0130srail ile her zaman sorunlar\u0131 kolayca a\u015fabildi\u011fini ve ortak dil bulabildi\u011fini belirten \u00c7elik, ancak Gazze operasyonundan bu yana, \u00f6zellikle Netanyahu h\u00fck\u00fcmetinin T\u00fcrk-\u0130srail ili\u015fkilerini bozmak i\u00e7in elinden geleni g\u00f6sterdi\u011fini s\u00f6yledi. \u00d6mer \u00c7elik, s\u00f6zlerini \u015f\u00f6yle s\u00fcrd\u00fcrd\u00fc:<\/p>\n<p style=\"text-align: justify;\">&#8220;Bu krizi a\u015fmak i\u00e7in bize tavsiyelerde bulunan Amerikal\u0131 dostlar\u0131m\u0131za \u015funu soruyorum: Tavsiyelerinizi tabii ki dikkatle dinliyoruz, fakat benzer tavsiyeleri \u0130srail&#8217;e de yap\u0131yor musunuz? diyorum. &#8216;Hen\u00fcz onlarla konu\u015fmad\u0131k&#8217; diyorlar.<\/p>\n<p style=\"text-align: justify;\">Amerikan y\u00f6netiminden beklentimiz \u015fudur: T\u00fcrk halk\u0131n\u0131n hassasiyetlerini giderecek \u015fekilde ba\u011f\u0131ms\u0131z, kredibilitesi y\u00fcksek ve BM Genel Sekreteri g\u00f6zetiminde bu olay\u0131 soru\u015fturacak bir komisyonun kurulmas\u0131na destek vermeliler. \u0130srail ili\u015fkilerinin ger\u00e7ekten \u00f6n\u00fcm\u00fczdeki d\u00f6nemde Irak&#8217;tan L\u00fcbnan&#8217;a kadar ortaya \u00e7\u0131kabilecek geli\u015fmeler bak\u0131m\u0131ndan m\u00fckemmel bir dilayog i\u00e7inde olmas\u0131 laz\u0131m. Fakat \u015fu anda T\u00fcrk-\u0130srail ili\u015fkileri birbirine do\u011fru hareket eden iki formula 1 arabas\u0131 gibi s\u00fcratle \u00e7arp\u0131\u015fmak \u00fczere birbirine do\u011fru ilerliyor. Burada genellikle \u0130srailli dostlar\u0131m\u0131z, &#8216;T\u00fcrkiye \u0130srail&#8217;i kaybetmenin nas\u0131l bir tablo ortaya \u00e7\u0131karaca\u011f\u0131n\u0131 g\u00f6r\u00fcyor mu?&#8217; diyorlar. Biz de \u015funu diyoruz: \u0130srail, T\u00fcrkiye&#8217;yi kaybetmesinin nas\u0131l bir tablo ortaya \u00e7\u0131karaca\u011f\u0131n\u0131 g\u00f6r\u00fcyor mu acaba?&#8221;<\/p>\n<p style=\"text-align: justify;\">\u00c7elik, T\u00fcrkiye&#8217;nin Orta Do\u011fu bar\u0131\u015f\u0131 konusunda ABD ile hedeflerinin ortak oldu\u011funu, bu nedenle krizin \u00e7\u00f6z\u00fclmesinde, ba\u011f\u0131ms\u0131z komisyonun kurulmas\u0131nda ABD&#8217;nin \u00f6nc\u00fcl\u00fck etmesini beklediklerini ifade etti.<\/p>\n<p style=\"text-align: justify;\"><span style=\"color: #888888;\">CNN T\u00dcRK<\/span><\/p>\n","protected":false},"excerpt":{"rendered":"<\/p>\n<p style=\"text-align: justify;\">AK Parti&#8217;nin D\u0131\u015f \u0130li\u015fkilerden Sorumlu Genel Ba\u015fkan Yard\u0131mc\u0131s\u0131 \u00d6mer \u00c7elik, &#8220;T\u00fcrk-\u0130srail ili\u015fkileri, \u015fu anda birbirine do\u011fru hareket eden iki formula 1 arabas\u0131 gibi s\u00fcratle \u00e7arp\u0131\u015fmak \u00fczere birbirine do\u011fru ilerliyor&#8221; dedi.<\/p>\n<p style=\"text-align: justify;\">\u00c7elik, \u0130srail&#8217;in Gazze&#8217;ye giden gemilere sald\u0131rmas\u0131yla ilgili olarak komisyon kurmas\u0131na ili\u015fkin, &#8220;NATO m\u00fcttefiki dostlar\u0131m\u0131z\u0131n, ortak de\u011ferleri payla\u015ft\u0131\u011f\u0131m\u0131z ve ortak de\u011ferler <\/p>\n","protected":false},"author":1,"featured_media":0,"comment_status":"open","ping_status":"closed","sticky":false,"template":"","format":"standard","meta":{"footnotes":""},"categories":[105],"tags":[],"class_list":["post-23685","post","type-post","status-publish","format-standard","hentry","category-gundem","odd"],"_links":{"self":[{"href":"http:\/\/www.korhanyilmaz.com\/index.php?rest_route=\/wp\/v2\/posts\/23685","targetHints":{"allow":["GET"]}}],"collection":[{"href":"http:\/\/www.korhanyilmaz.com\/index.php?rest_route=\/wp\/v2\/posts"}],"about":[{"href":"http:\/\/www.korhanyilmaz.com\/index.php?rest_route=\/wp\/v2\/types\/post"}],"author":[{"embeddable":true,"href":"http:\/\/www.korhanyilmaz.com\/index.php?rest_route=\/wp\/v2\/users\/1"}],"replies":[{"embeddable":true,"href":"http:\/\/www.korhanyilmaz.com\/index.php?rest_route=%2Fwp%2Fv2%2Fcomments&post=23685"}],"version-history":[{"count":0,"href":"http:\/\/www.korhanyilmaz.com\/index.php?rest_route=\/wp\/v2\/posts\/23685\/revisions"}],"wp:attachment":[{"href":"http:\/\/www.korhanyilmaz.com\/index.php?rest_route=%2Fwp%2Fv2%2Fmedia&parent=23685"}],"wp:term":[{"taxonomy":"category","embeddable":true,"href":"http:\/\/www.korhanyilmaz.com\/index.php?rest_route=%2Fwp%2Fv2%2Fcategories&post=23685"},{"taxonomy":"post_tag","embeddable":true,"href":"http:\/\/www.korhanyilmaz.com\/index.php?rest_route=%2Fwp%2Fv2%2Ftags&post=23685"}],"curies":[{"name":"wp","href":"https:\/\/api.w.org\/{rel}","templated":true}]}}