{"id":23682,"date":"2010-06-18T21:24:22","date_gmt":"2010-06-18T21:24:22","guid":{"rendered":"http:\/\/www.korhanyilmaz.com\/?p=23682"},"modified":"2010-06-18T21:24:22","modified_gmt":"2010-06-18T21:24:22","slug":"balyoz-sorusturmasinda-14-tahliye","status":"publish","type":"post","link":"http:\/\/www.korhanyilmaz.com\/?p=23682","title":{"rendered":"Balyoz soru\u015fturmas\u0131nda 14 tahliye"},"content":{"rendered":"<p style=\"text-align: center;\"><a href=\"http:\/\/www.korhanyilmaz.com\/wp-content\/uploads\/2010\/06\/043.jpg\"  class=\"lightview\"><img loading=\"lazy\" decoding=\"async\" class=\"aligncenter size-full wp-image-23683\" src=\"http:\/\/www.korhanyilmaz.com\/wp-content\/uploads\/2010\/06\/043.jpg\" alt=\"\" width=\"234\" height=\"232\" \/><\/a><\/p>\n<p style=\"text-align: justify;\">\u0130stanbul 9. A\u011f\u0131r Ceza Mahkemesi, &#8220;Balyoz&#8221; soru\u015fturmas\u0131 kapsam\u0131nda tutuklu olan eski 1. Ordu Komutan\u0131 emekli Orgeneral \u00c7etin Do\u011fan ve emekli Korgeneral Engin Alan&#8217;\u0131n da aralar\u0131nda bulundu\u011fu 14 ki\u015finin tahliyesine karar verdi. 29 tutuklu san\u0131\u011f\u0131n bulundu\u011fu &#8220;Balyoz&#8221; soru\u015fturmas\u0131nda son tahliyelerden sonra 15 tutuklu san\u0131k kald\u0131.<!--more--><\/p>\n<p style=\"text-align: justify;\">\u0130stanbul 9. A\u011f\u0131r Ceza Mahkemesi \u00fcye hakimi Y\u0131lmaz Alp, soru\u015fturma kapsam\u0131nda tutuklananlar\u0131n ge\u00e7en hafta i\u00e7inde yapt\u0131klar\u0131 itirazlar\u0131 de\u011ferlendirdi.<\/p>\n<p style=\"text-align: justify;\">Hakim Alp, eski 1. Ordu Komutan\u0131 emekli Orgeneral \u00c7etin Do\u011fan, emekli Korgeneral Engin Alan ve emekli Tu\u011fgeneral S\u00fcha Tanyeri&#8217;nin de aralar\u0131nda bulundu\u011fu 14 ki\u015finin tahliyesine karar verdi.<\/p>\n<p style=\"text-align: justify;\"><strong>Tahliye edilenler <\/strong><\/p>\n<p style=\"text-align: justify;\">Hanefi Y\u0131ld\u0131r\u0131m, Yurdaer Olcan, Ali R\u0131za S\u00f6zen, Engin Alan, Ali Semih \u00c7etin, Nuri Ali Karababa, Y\u00fcksel G\u00fcrcan, S\u00fcha Tanyeli, \u00c7etin Do\u011fan, \u0130hsan Balabanl\u0131, Bekir Memi\u015f, Mustafa \u00d6nsel, B\u00fclent Tun\u00e7ay ve Abdullah Dalay.<\/p>\n<p style=\"text-align: justify;\"><strong>\u00c7etin Do\u011fan: &#8220;Darbelere kar\u015f\u0131y\u0131m&#8221; <\/strong><\/p>\n<p style=\"text-align: justify;\">&#8220;Balyoz Plan\u0131&#8221; iddialar\u0131 soru\u015fturmas\u0131 kapsam\u0131nda tutukluyken tahliye edilen eski 1. Ordu Komutan\u0131 emekli Orgeneral \u00c7etin Do\u011fan, &#8220;Benim bulundu\u011fum yerde darbe konu\u015fulmaz, konu\u015fulmam\u0131\u015ft\u0131r. Darbelere kar\u015f\u0131y\u0131m, \u00e7\u00fcnk\u00fc darbelerin en fazla T\u00fcrk insan\u0131na, ulusuna zarar verdi\u011fini, orduya zarar verdi\u011fini g\u00f6rd\u00fcm&#8221; dedi.<\/p>\n<p style=\"text-align: justify;\">Do\u011fan, Silivri Cezaevinden tahliye edildikten sonra gazetecilere yapt\u0131\u011f\u0131 a\u00e7\u0131klamada, soru\u015fturma kapsam\u0131nda sorgulanan ki\u015filerden hi\u00e7birinin, seminerde darbe laf\u0131 edildi\u011fine ili\u015fkin bir ifadede bulunmad\u0131\u011f\u0131n\u0131 s\u00f6yledi.<\/p>\n<p style=\"text-align: justify;\">Seminerdeki t\u00fcm konu\u015fmalar\u0131n kendi emriyle kay\u0131t alt\u0131na al\u0131nd\u0131\u011f\u0131n\u0131 s\u00f6yleyen Do\u011fan, &#8220;Bunlardan tutuyorlar birka\u00e7 CD yap\u0131yorlar. Ne imza var, hi\u00e7bir \u015fey yok. Siz at\u0131yorsunuz i\u00e7eriye. Ka\u00e7ma tehlikesi yok. Niye yok? Daha \u00e7\u0131kt\u0131\u011f\u0131 g\u00fcn ben televizyonlar\u0131n ba\u015f\u0131na ge\u00e7tim. \u00d6yle bir su\u00e7luluk kompleksi i\u00e7inde olsayd\u0131m ne olurdu? Ka\u00e7ar giderdim&#8221; diye konu\u015ftu.<\/p>\n<p style=\"text-align: justify;\">Amerika&#8217;ya ve Avrupa&#8217;daki t\u00fcm \u00fclkelere vizesi bulundu\u011funu, Amerika&#8217;da k\u0131z\u0131 oldu\u011funu, ama kendisinin burada kald\u0131\u011f\u0131n\u0131 ve davan\u0131n sonuna kadar kalmaya devam edece\u011fini kaydeden Do\u011fan, savc\u0131lardan, belgelere konulan k\u0131s\u0131tlama kararlar\u0131n\u0131 kald\u0131rmalar\u0131n\u0131 talep etti.<\/p>\n<p style=\"text-align: justify;\">\u00c7etin Do\u011fan, s\u00f6zlerini \u015f\u00f6yle s\u00fcrd\u00fcrd\u00fc: &#8220;Bu belgelere konulan k\u0131s\u0131tlama kararlar\u0131n\u0131 kald\u0131rs\u0131nlar, bunlar\u0131 kimin tertipledi\u011fini, onlar\u0131 da biz \u00e7\u0131kartal\u0131m. Su\u00e7suzlu\u011fumuzu biz ispat ediyoruz. Balyoz Darbe Plan\u0131 ile ilgili, sahteli\u011fini, bunun \u00e7akma bir plan oldu\u011funu, nereden al\u0131nt\u0131lar yapt\u0131\u011f\u0131n\u0131 biz ilan ediyoruz. \u015eimdi de bize belgeleri verdikleri takdirde bunun ucunu bulmak da bizim boynumuzun borcu olsun. Devletin yahut savc\u0131lar\u0131n bulmas\u0131 laz\u0131m, ama demek ki \u00e7\u0131kmazdalar. Onlar\u0131 da biz buluruz, yeter ki bu dava \u00fczerindeki k\u0131s\u0131tlamalar kald\u0131r\u0131ls\u0131n.<\/p>\n<p style=\"text-align: justify;\">\u015eimdiye kadar ifadelerimiz, arkada\u015flar\u0131m\u0131z\u0131n ifadeleri ve bilirki\u015fi raporlar\u0131 d\u0131\u015f\u0131nda elimize resmen ge\u00e7en bir \u015fey yok. Tabii bir silah\u015f\u00f6r\u00fcn yay\u0131nlad\u0131\u011f\u0131 me\u015fhur \u00e7\u00f6p tenekesine benzeyen bir kitap var. Ama bunlar\u0131n hepsinin adalet yerini buluncaya kadar m\u00fccadelesi yap\u0131lacak. Sakinlikle yap\u0131lacak, kavgas\u0131z yap\u0131lacak. Herkes, halk\u0131m\u0131z anlayacak. Bizim derdimiz adalet. T\u00fcrkiye&#8217;de adaletin hakim olmas\u0131 laz\u0131m. &#8216;M\u00fclk\u00fcn temeli adalet&#8217; diyoruz, o zaman b\u00fct\u00fcn ulusumuzun bu adalete sahip \u00e7\u0131kmas\u0131 laz\u0131m.&#8221;<\/p>\n<p style=\"text-align: justify;\">Bir gazetecinin, &#8220;Eski Genelkurmay Ba\u015fkan\u0131 emekli Orgeneral Hilmi \u00d6zk\u00f6k ile bir polemik ya\u015fad\u0131n\u0131z, k\u0131rg\u0131n m\u0131s\u0131n\u0131z kendisine?&#8221; \u015feklindeki sorusu \u00fczerine Do\u011fan, &#8220;Ben insanlara k\u0131rg\u0131n olamam. Ben bana kar\u015f\u0131 olanlara da k\u0131rg\u0131n olamam. Ben ulusuma ihanet edenlere k\u0131rg\u0131n\u0131m. Tertip i\u00e7inde olanlara, bu tertibe g\u00f6z yumanlara, ger\u00e7ekleri bildikleri halde a\u00e7\u0131klamayanlara k\u0131rg\u0131n\u0131m&#8221; diye konu\u015ftu.<\/p>\n<p style=\"text-align: justify;\">\u00d6zk\u00f6k ile zaman\u0131n Kara Kuvvetleri Komutan\u0131n\u0131n da seminere kat\u0131laca\u011f\u0131n\u0131, ancak son dakikada vazge\u00e7ildi\u011fini ifade eden Do\u011fan, &#8220;Ankara&#8217;da \u00e7\u0131kan me\u015fhur tezkere ve Amerikal\u0131lar\u0131n gelmesi, onlarla yap\u0131lan m\u00fczakere, ondan dolay\u0131 son anda g\u00f6zlemcilerini g\u00f6nderdiler. G\u00f6zlemcileri kendilerine raporlar\u0131n\u0131 verdi. Bunu en ba\u015f\u0131ndan anlatt\u0131m. \u015eimdi bunu \u00e7\u0131k\u0131p da &#8216;Efendim, her \u015feyi ben biliyorum&#8217; deyip de baz\u0131lar\u0131 kenara \u00e7ekilip de kendileri bir \u015fey s\u00f6ylemiyorsa, bu utan\u0131lacak bir \u015feydir&#8221; dedi.<\/p>\n<p style=\"text-align: justify;\"><strong>Cihaner&#8217;in tahliyesi <\/strong><\/p>\n<p style=\"text-align: justify;\">Erzincan Cumhuriyet Ba\u015fsavc\u0131s\u0131 \u0130lhan Cihaner&#8217;in tahliyesiyle kendi tahliyesi aras\u0131nda paralellik olup olmad\u0131\u011f\u0131 sorulan Do\u011fan, \u00f6yle bir zamanlaman\u0131n s\u00f6z konusu olmad\u0131\u011f\u0131n\u0131 belirterek, \u015f\u00f6yle devam etti:<\/p>\n<p style=\"text-align: justify;\">&#8220;Cihaner&#8217;in tahliyesine en az benim tahliyem kadar sevindi\u011fime inan\u0131n. Y\u00fcrekli bir savc\u0131m\u0131z, ger\u00e7ek Cumhuriyet savc\u0131s\u0131. Bug\u00fcne kadar bu davalarla ilgili d\u00fc\u015f\u00fcncelerim fluydu. Ba\u015f\u0131mdan ge\u00e7eni g\u00f6rd\u00fckten sonra art\u0131k kesin olarak neler yap\u0131ld\u0131\u011f\u0131n\u0131, nas\u0131l tertipler i\u00e7inde olundu\u011funu g\u00f6r\u00fcyorum. Bu korkun\u00e7 bir \u015fey. Buna ulusumuzun m\u00fcsaade etmemesi laz\u0131m.<\/p>\n<p style=\"text-align: justify;\">Yarg\u0131 demek ki belli kimselerin eline tam ge\u00e7ti\u011fi zaman Silivri benzeri kamp\u00fcsler yurt sath\u0131nda yay\u0131lacak. Bunu \u00f6nleyelim. &#8216;Adalet&#8217; diyoruz. Ben ilk defa bu konularla ilgili ortaya \u00e7\u0131k\u0131p konu\u015fmaya ba\u015flad\u0131\u011f\u0131m zaman Say\u0131n Ba\u015fbakan dedi ki; &#8216;Bir Orgeneral televizyon televizyon dola\u015f\u0131yor, bir \u015feyler s\u00f6yl\u00fcyor. Sanmay\u0131n ki biz onlar\u0131n ne yapt\u0131\u011f\u0131n\u0131 bilmiyorduk. Onlar bildiklerini yapt\u0131lar, biz bildiklerimizi yapt\u0131k&#8217;. \u00c7\u0131ks\u0131n ortaya koysun. Devletin kurulu\u015flar\u0131 var.<\/p>\n<p style=\"text-align: justify;\">Benim bulundu\u011fum yerde darbe konu\u015fulmaz, konu\u015fulmam\u0131\u015ft\u0131r. Ben darbelere kar\u015f\u0131y\u0131m, \u00e7\u00fcnk\u00fc darbelerin en fazla T\u00fcrk insan\u0131na, ulusuna zarar verdi\u011fini, orduya zarar verdi\u011fini g\u00f6rd\u00fcm. Ben devrimden yanay\u0131m. Atat\u00fcrk devriminden yanay\u0131m. O y\u00fczden Atat\u00fcrk\u00e7\u00fcy\u00fcm. Atat\u00fcrk devrimlerine y\u00fcrekten sad\u0131k bir kimsenin darbeci olmas\u0131na olanak yok. Biz darbeci de\u011filiz, T\u00fcrk ordusu da darbeci de\u011fildir.&#8221;<\/p>\n<p style=\"text-align: justify;\"><span style=\"color: #888888;\">CNN T\u00dcRK<\/span><\/p>\n","protected":false},"excerpt":{"rendered":"<p style=\"text-align: center;\">\n<p style=\"text-align: justify;\">\u0130stanbul 9. A\u011f\u0131r Ceza Mahkemesi, &#8220;Balyoz&#8221; soru\u015fturmas\u0131 kapsam\u0131nda tutuklu olan eski 1. Ordu Komutan\u0131 emekli Orgeneral \u00c7etin Do\u011fan ve emekli Korgeneral Engin Alan&#8217;\u0131n da aralar\u0131nda bulundu\u011fu 14 ki\u015finin tahliyesine karar verdi. 29 tutuklu san\u0131\u011f\u0131n bulundu\u011fu &#8220;Balyoz&#8221; soru\u015fturmas\u0131nda son tahliyelerden sonra 15 tutuklu san\u0131k kald\u0131.<\/p>\n","protected":false},"author":1,"featured_media":0,"comment_status":"open","ping_status":"closed","sticky":false,"template":"","format":"standard","meta":{"footnotes":""},"categories":[105],"tags":[],"class_list":["post-23682","post","type-post","status-publish","format-standard","hentry","category-gundem","odd"],"_links":{"self":[{"href":"http:\/\/www.korhanyilmaz.com\/index.php?rest_route=\/wp\/v2\/posts\/23682","targetHints":{"allow":["GET"]}}],"collection":[{"href":"http:\/\/www.korhanyilmaz.com\/index.php?rest_route=\/wp\/v2\/posts"}],"about":[{"href":"http:\/\/www.korhanyilmaz.com\/index.php?rest_route=\/wp\/v2\/types\/post"}],"author":[{"embeddable":true,"href":"http:\/\/www.korhanyilmaz.com\/index.php?rest_route=\/wp\/v2\/users\/1"}],"replies":[{"embeddable":true,"href":"http:\/\/www.korhanyilmaz.com\/index.php?rest_route=%2Fwp%2Fv2%2Fcomments&post=23682"}],"version-history":[{"count":0,"href":"http:\/\/www.korhanyilmaz.com\/index.php?rest_route=\/wp\/v2\/posts\/23682\/revisions"}],"wp:attachment":[{"href":"http:\/\/www.korhanyilmaz.com\/index.php?rest_route=%2Fwp%2Fv2%2Fmedia&parent=23682"}],"wp:term":[{"taxonomy":"category","embeddable":true,"href":"http:\/\/www.korhanyilmaz.com\/index.php?rest_route=%2Fwp%2Fv2%2Fcategories&post=23682"},{"taxonomy":"post_tag","embeddable":true,"href":"http:\/\/www.korhanyilmaz.com\/index.php?rest_route=%2Fwp%2Fv2%2Ftags&post=23682"}],"curies":[{"name":"wp","href":"https:\/\/api.w.org\/{rel}","templated":true}]}}