{"id":23678,"date":"2010-06-18T21:27:00","date_gmt":"2010-06-18T21:27:00","guid":{"rendered":"http:\/\/www.korhanyilmaz.com\/?p=23678"},"modified":"2010-06-18T21:27:00","modified_gmt":"2010-06-18T21:27:00","slug":"ilhan-cihaner-tahliye-edildi","status":"publish","type":"post","link":"http:\/\/www.korhanyilmaz.com\/?p=23678","title":{"rendered":"\u0130lhan Cihaner tahliye edildi"},"content":{"rendered":"<p style=\"text-align: justify;\"><a href=\"http:\/\/www.korhanyilmaz.com\/wp-content\/uploads\/2010\/06\/042.jpg\"  class=\"lightview\"><img loading=\"lazy\" decoding=\"async\" class=\"aligncenter size-full wp-image-23679\" src=\"http:\/\/www.korhanyilmaz.com\/wp-content\/uploads\/2010\/06\/042.jpg\" alt=\"\" width=\"292\" height=\"213\" \/><\/a><\/p>\n<p style=\"text-align: justify;\">Yarg\u0131tay 11. Ceza Dairesi, \u0130lhan Cihaner&#8217;in Erzurum 2. A\u011f\u0131r Ceza Mahkemesinde &#8220;Ergenekon ter\u00f6r \u00f6rg\u00fct\u00fcne \u00fcye olmak&#8221; iddias\u0131yla yarg\u0131land\u0131\u011f\u0131 dava ile Yarg\u0131tay&#8217;daki davas\u0131n\u0131n birle\u015ftirilmesine ve tahliyesine karar verdi. Cezavinden tahliye edilen Cihaner, &#8220;Yarg\u0131ya g\u00fcven kalmad\u0131\u011f\u0131 s\u00f6yleniyor. B\u00f6yle olmamal\u0131. Bug\u00fcn yapt\u0131\u011f\u0131n\u0131z s\u0131radan bir hareket yar\u0131n sizin kar\u015f\u0131n\u0131za \u00e7\u0131kma ihtimali, \u00fcstelik ter\u00f6r su\u00e7u gibi \u00e7\u0131k\u0131yorsa siyesette bunun ad\u0131 fa\u015fizmdir&#8221; dedi.<!--more--><\/p>\n<p style=\"text-align: justify;\">Erzincan Cumhuriyet Ba\u015fsavc\u0131s\u0131 Cihaner&#8217;in &#8220;g\u00f6revi k\u00f6t\u00fcye kullanma,evrakta sahtecilik ve imar kirlili\u011fine neden olmak&#8221; su\u00e7lamas\u0131yla yarg\u0131land\u0131\u011f\u0131 davaya Yarg\u0131tay 11. Ceza Dairesi&#8217;nde devam edildi.<\/p>\n<p style=\"text-align: justify;\">Davan\u0131n bug\u00fcnk\u00fc duru\u015fmas\u0131, izleyicilerin \u00e7ok olmas\u0131 nedeniyle Yarg\u0131tay Konferans Salonu&#8217;nda yap\u0131ld\u0131.<\/p>\n<p style=\"text-align: justify;\">Yarg\u0131tay 11. Ceza Dairesi Ba\u015fkan\u0131 Ersan \u00dclker, Cihaner&#8217;in Erzurum 2. A\u011f\u0131r Ceza Mahkemesi&#8217;nde &#8220;Ergenekon ter\u00f6r \u00f6rg\u00fct\u00fcne \u00fcye olmak&#8221; su\u00e7lamas\u0131yla yarg\u0131land\u0131\u011f\u0131 dava ile &#8220;g\u00f6revi k\u00f6t\u00fcye kullanmak&#8221;, &#8220;evrakta sahtecilik&#8221; ve &#8220;imar kirlili\u011fine neden olmak&#8221; iddialar\u0131yla Yarg\u0131tay&#8217;da yarg\u0131land\u0131\u011f\u0131 davan\u0131n birle\u015ftirilmesinin ard\u0131ndan duru\u015fmaya verilen k\u0131sa aradan sonra ara karar\u0131 a\u00e7\u0131klad\u0131.<\/p>\n<p style=\"text-align: justify;\">\u00dclker, her iki dava dosyas\u0131n\u0131n birle\u015ftirilmesinin ard\u0131ndan, birle\u015ftirilen dosyan\u0131n incelendi\u011fini a\u00e7\u0131klad\u0131.<\/p>\n<p style=\"text-align: justify;\">Erzurum 2. A\u011f\u0131r Ceza Mahkemesi&#8217;ndeki davada tutuklanan \u0130lhan Cihaner, Recep Gen\u00e7o\u011flu, Nedim Ersan, Ersin Erkut, Murat Y\u0131ld\u0131z, Sabri Bark\u0131n \u0130nce, K\u0131v\u0131lc\u0131m \u00dcstel, \u015eenol Bozkurt, \u015einasi Demir ve Orhan Esirgen hakk\u0131nda &#8220;isnatedilen su\u00e7lamalar\u0131n tutuklama i\u00e7in tek ba\u015f\u0131na yeterli olup olmayaca\u011f\u0131 g\u00f6zetilmeden&#8221; tutuklama karar\u0131 verildi\u011fini belirten Daire Ba\u015fkan\u0131 \u00dclker, &#8220;dosyadaki hukuki bulgu ve belgeler gere\u011fi ko\u015fullar\u0131 olu\u015fmayan tutuklama karar\u0131n\u0131n kald\u0131r\u0131ld\u0131\u011f\u0131n\u0131 ve san\u0131klar\u0131n ko\u015fulsuz tahliyelerine karar verildi\u011fini&#8221; a\u00e7\u0131klad\u0131.<\/p>\n<p style=\"text-align: justify;\">Daire Ba\u015fkan\u0131 \u00dclker, t\u00fcm san\u0131klar\u0131n derhal sal\u0131verilmeleri i\u00e7in Yarg\u0131tay Cumhuriyet Ba\u015fsavc\u0131l\u0131\u011f\u0131&#8217;na yaz\u0131 yaz\u0131lmas\u0131na ve san\u0131klar hakk\u0131nda adli kontrolu ygulanmas\u0131na yer olmad\u0131\u011f\u0131na h\u00fckmetti.<\/p>\n<p style=\"text-align: justify;\">Yarg\u0131tay 11. Ceza Dairesi, yarg\u0131lama s\u00fcrecinde Cihaner&#8217;in Erzurum&#8217;dayarg\u0131land\u0131\u011f\u0131 dava dosyas\u0131n\u0131n de\u011fi\u015fik a\u015famalarda istenmesine ra\u011fmen Yarg\u0131tay 11.Ceza Dairesi&#8217;ne g\u00f6ndermeyen Erzurum 2. A\u011f\u0131r Ceza Mahkemesi sorumlular\u0131 hakk\u0131nda yasal gere\u011finin yap\u0131lmas\u0131 i\u00e7in Erzurum Cumhuriyet Ba\u015fsavc\u0131l\u0131\u011f\u0131&#8217;na su\u00e7 duyurusunda bulunulmas\u0131na karar verdi.<\/p>\n<p style=\"text-align: justify;\"><strong>Cihaner: &#8220;Bunun ad\u0131 fa\u015fizmdir&#8221; <\/strong><\/p>\n<p style=\"text-align: justify;\">Erzincan Cumhuriyet Ba\u015fsavc\u0131s\u0131 \u0130lhan Cihaner, bug\u00fcn tutuklu bulundu\u011fu Ankara Ceza \u0130nfaz Kurumu&#8217;ndan 18.15 s\u0131ralar\u0131nda tahliye edildi.<\/p>\n<p style=\"text-align: justify;\">Yak\u0131nlar\u0131 ve kalabal\u0131k bir bas\u0131n ordusu taraf\u0131ndan kar\u015f\u0131lanan Cihaner yapt\u0131\u011f\u0131 a\u00e7\u0131klamada \u015funlar\u0131 s\u00f6yledi: \u201cYer yer \u00e7ok a\u011f\u0131r hukuk ihlalleriyle \u00f6zg\u00fcrl\u00fc\u011f\u00fcm\u00fcz k\u0131s\u0131tland\u0131. Duru\u015fmalarda da belirtmi\u015ftim, ben hi\u00e7bir zaman kendimi tutuklu olarak g\u00f6rmedim. Bug\u00fcne kadar gerek insan haklar\u0131 s\u00f6zle\u015fmesinin, gerekse anayasan\u0131n \u00f6ng\u00f6rd\u00fc\u011f\u00fc yetkili ve g\u00f6revli mahkeme \u00f6n\u00fcne \u00e7\u0131kmam\u0131\u015ft\u0131k. Bug\u00fcn ilk kez \u00e7\u0131kt\u0131k.<\/p>\n<p style=\"text-align: justify;\">Nitekim onlarda hukukun gere\u011fini yapt\u0131lar ve ilk ba\u015ftan itibaren yap\u0131lmamas\u0131 gereken yanl\u0131\u015flar tespit edilip tahliye karar\u0131 verildi. Bu hen\u00fcz devam eden s\u00fcre\u00e7. \u015eimdiye kadarki s\u00fcre\u00e7te en b\u00fcy\u00fck zarar\u0131n biz g\u00f6rd\u00fc\u011f\u00fcm\u00fcz halde, h\u00fcrriyetimiz k\u0131s\u0131tland\u0131\u011f\u0131 halde,  yarg\u0131ya olan g\u00fcven kesinlikle sars\u0131lmamal\u0131.<\/p>\n<p style=\"text-align: justify;\">Yarg\u0131ya g\u00fcven kalmad\u0131\u011f\u0131 s\u00f6yleniyor. B\u00f6yle olmamal\u0131. Bug\u00fcn yapt\u0131\u011f\u0131n\u0131z s\u0131radan bir hareket yar\u0131n sizin kar\u015f\u0131n\u0131za \u00e7\u0131kma ihtimali, \u00fcstelik ter\u00f6r su\u00e7u gibi \u00e7\u0131k\u0131yorsa siyesette bunun ad\u0131 fa\u015fizmdir.&#8221;<\/p>\n<p style=\"text-align: justify;\">Cihaner, ayr\u0131ca en k\u0131sa s\u00fcrede g\u00f6revine ba\u015flayaca\u011f\u0131n\u0131da kaydetti.<\/p>\n<p style=\"text-align: justify;\">\u0130lhan Cihaner, Sincan Cezaevinden tahliyesinin ard\u0131ndan bas\u0131n mensuplar\u0131n\u0131n takibi \u00fczerine, a\u00e7\u0131klamalarda bulundu.<\/p>\n<p style=\"text-align: justify;\">\u0130lhan Cihaner, gazetecilerin sorular\u0131 \u00fczerine, kendisini iyi hissetti\u011fini belirtti. Bug\u00fcn a\u00e7\u0131klanan karar\u0131n, &#8220;hi\u00e7 ya\u015fanmamas\u0131 gereken b\u00fcy\u00fck bir hukuki yanl\u0131\u015f\u0131n d\u00fczeltilmesi&#8221; anlam\u0131na geldi\u011fini ifade eden Cihaner, karar\u0131n, &#8220;\u015fok edici, dramatik, d\u00f6n\u00fc\u015f\u00fcm ya da de\u011fi\u015fim sa\u011flayan&#8221; bir karar olmad\u0131\u011f\u0131n\u0131 s\u00f6yledi.<\/p>\n<p style=\"text-align: justify;\">Hukukun yerini buldu\u011funu kaydeden Cihaner, &#8220;Ancak \u00fclkemiz \u00f6yle bir hale geldi ki art\u0131k olmas\u0131 gereken bile sanki ola\u011fan\u00fcst\u00fc bir \u015feymi\u015f gibi alg\u0131lanmaya ba\u015flad\u0131. Onun i\u00e7in ola\u011fan\u00fcst\u00fc duygulan\u0131m ya\u015famad\u0131m&#8221; de\u011ferlendirmesinde bulundu.<\/p>\n<p style=\"text-align: justify;\">&#8220;Erzurum&#8217;daki dosyan\u0131n niye g\u00f6nderilmedi\u011finin&#8221; sorulmas\u0131 \u00fczerine Cihaner, bunlar\u0131n hepsinin hukuk i\u00e7inde \u00e7\u00f6z\u00fclebilecek \u015feyler oldu\u011funu ifade ederek, \u015f\u00f6yle konu\u015ftu: &#8220;Bir mahkemenin birle\u015ftirmek i\u00e7in incelemek \u00fczere g\u00f6nderdi\u011fi bir dosyay\u0131, sadece Yarg\u0131tay i\u00e7in s\u00f6ylemiyorum, herhangi bir sulh hukuk mahkemesi Yarg\u0131tay&#8217;dan istese bile o dosya g\u00f6nderilir. \u00dcstelik bu birka\u00e7 kez istenip g\u00f6nderilmeyince y\u00fcksek yarg\u0131\u00e7lar\u0131n da o y\u00f6nde bir takdiri oldu. M\u00fcdafilerin de en az\u0131ndan bunun g\u00f6revi ihmal oldu\u011fu y\u00f6n\u00fcnde tespitleri oldu. Bizim de o y\u00f6nde ba\u015fvurular\u0131m\u0131z oldu. O arkada\u015flar\u0131n ne \u015fekilde yorumlayarak i\u015flerini icra ettiklerini bilmiyorum. Ama bizim bak\u0131\u015f a\u00e7\u0131m\u0131z bunun bir g\u00f6revi ihmal oldu\u011fu, nitekim y\u00fcksek yarg\u0131\u00e7lar\u0131n da g\u00f6r\u00fc\u015f\u00fc o y\u00f6nde olu\u015ftu.&#8221;<\/p>\n<p style=\"text-align: justify;\">Bir ba\u015fka soru \u00fczerine Cihaner, tutukluluk s\u00fcrecini &#8220;kapat\u0131lma&#8221; olarak niteleyerek, bu s\u00fcre\u00e7te vahim yanl\u0131\u015flar oldu\u011funu ileri s\u00fcrd\u00fc.<\/p>\n<p style=\"text-align: justify;\">G\u00f6zalt\u0131na al\u0131nma an\u0131yla ilgili sorular \u00fczerine Cihaner, &#8220;\u00e7ok dramatize edici \u00f6zel \u015feylere cevap vermek istemedi\u011fini&#8221; belirterek, &#8220;ya\u015fad\u0131\u011f\u0131 s\u00fcrecin en u\u00e7 \u015feyleri bile insan\u0131n akl\u0131na getirdi\u011fini&#8221; ifade etti.<\/p>\n<p style=\"text-align: justify;\">Cihaner, &#8220;Babalar G\u00fcn\u00fcnde k\u0131z\u0131n\u0131z\u0131n yan\u0131nda olacak m\u0131s\u0131n\u0131z&#8221; sorusunu, &#8220;Muhtemelen&#8221; diyerek yan\u0131tlad\u0131.<\/p>\n<p style=\"text-align: justify;\">Bundan sonra ailesiyle g\u00f6r\u00fc\u015fece\u011fini belirten Cihaner, bas\u0131n mensuplar\u0131n\u0131n kendisini takip etmemesini istedi.<\/p>\n<p style=\"text-align: justify;\">Cihaner, ayr\u0131ca t\u00fcm \u00e7\u00f6z\u00fcmleri hukuk i\u00e7inde aramak ve yarg\u0131ya g\u00fcvenmek gerekti\u011fini vurgulayarak, &#8220;Aksine \u00e7\u00f6z\u00fcm sokakt\u0131r, \u015fiddettir. Bunun i\u00e7in herkesin devam eden yarg\u0131sal s\u00fcre\u00e7lere sayg\u0131l\u0131 olmas\u0131 laz\u0131m. Bu anlamda yurtta\u015flar\u0131m\u0131z\u0131n yarg\u0131ya y\u00f6nelik inan\u00e7lar\u0131n\u0131 yitirmemeleri \u00e7a\u011fr\u0131s\u0131n\u0131 yap\u0131yorum&#8221; diye konu\u015ftu.<\/p>\n<p style=\"text-align: justify;\"><strong>6 askeri personele tahliye <\/strong><\/p>\n<p style=\"text-align: justify;\">Bu arada Erzincan&#8217;daki &#8220;silahl\u0131 ter\u00f6r \u00f6rg\u00fct\u00fc&#8221; davas\u0131n\u0131n Erzurum&#8217;da tutuklu bulunan san\u0131klar\u0131ndan, aralar\u0131nda K\u0131demli Albay Recep Gen\u00e7o\u011flu&#8217;nun da bulundu\u011fu 6 askeri personel tahliye edildi.<\/p>\n<p style=\"text-align: justify;\">Erzurum Askeri Cezaevindeki resmi i\u015flemlerin tamamlanmas\u0131n\u0131n ard\u0131ndan K\u0131demli Albay Recep Gen\u00e7o\u011flu, Binba\u015f\u0131 Nedim Ersan, \u00dcste\u011fmen Ersin Ergut ile astsubaylar Orhan Esirger, \u015eenol Bozkurt ve Murat Y\u0131ld\u0131z tahliye edildiler.<\/p>\n<p style=\"text-align: justify;\">Tutuklu san\u0131klardan Ersin Ergut ve Orhan Esirger&#8217;in avukat\u0131 Yavuz Ertugay, cezaevi \u00e7\u0131k\u0131\u015f\u0131nda gazetecilere yapt\u0131\u011f\u0131 a\u00e7\u0131klamada, tahliye i\u00e7in gerekli faks\u0131n ula\u015fmas\u0131n\u0131n ard\u0131ndan, i\u015flemlerin tamamland\u0131\u011f\u0131n\u0131 belirterek, &#8220;M\u00fcvekkillerim kendilerine inanan, su\u00e7suzluklar\u0131na inanan ve kendilerinden maddi, manevi desteklerini esirgemeyen TSK personeline, ailelerine ve dostlar\u0131na \u00e7ok te\u015fekk\u00fcr ediyorlar&#8221; dedi.<\/p>\n<p style=\"text-align: justify;\">Ard\u0131ndan tahliye edilen san\u0131klar, cezaevinin di\u011fer \u00e7\u0131k\u0131\u015f kap\u0131s\u0131ndan minib\u00fcsle ayr\u0131ld\u0131lar.<\/p>\n<p style=\"text-align: justify;\">Dava kapsam\u0131nda M\u0130T Erzincan \u015eube M\u00fcd\u00fcr\u00fc \u015einasi Demir&#8217;in de bulundu\u011fu 3 M\u0130T personeli de tahliye edildi.<\/p>\n<p style=\"text-align: justify;\"><strong>\u0130rticayla m\u00fccadele dosyas\u0131 Erzurum&#8217;a g\u00f6nderildi <\/strong><\/p>\n<p style=\"text-align: justify;\">\u0130stanbul 13. A\u011f\u0131r Ceza Mahkemesi&#8217;nin Daire&#8217;ye g\u00f6nderdi\u011fi &#8220;irticayla m\u00fccadele eylem plan\u0131&#8221; dava dosyas\u0131n\u0131n \u0130stanbul&#8217;da duru\u015fma g\u00fcn\u00fcn\u00fcn yakla\u015fmas\u0131 nedeniyle \u00f6zel kuryeyle \u0130stanbul&#8217;a g\u00f6nderilmesinin kararla\u015ft\u0131r\u0131ld\u0131\u011f\u0131n\u0131 a\u00e7\u0131klayan \u00dclker, birle\u015ftirme karar\u0131n\u0131n bir \u00f6rne\u011finin de Erzurum 2. A\u011f\u0131r Ceza Mahkemesi&#8217;ne g\u00f6nderilerek kay\u0131tlara i\u015flenmesine h\u00fckmetti.<\/p>\n<p style=\"text-align: justify;\">Yarg\u0131tay 11. Ceza Dairesi, yarg\u0131lama s\u00fcrecinde Cihaner&#8217;in Erzurum&#8217;da yarg\u0131land\u0131\u011f\u0131 dava dosyas\u0131n\u0131n de\u011fi\u015fik a\u015famalarda istenmesine ra\u011fmen Yarg\u0131tay 11. Ceza Dairesi&#8217;ne g\u00f6ndermeyen Erzurum 2. A\u011f\u0131r Ceza Mahkemesi sorumlular\u0131 hakk\u0131nda yasal gere\u011finin yap\u0131lmas\u0131 i\u00e7in Erzurum Cumhuriyet Ba\u015fsavc\u0131l\u0131\u011f\u0131&#8217;na su\u00e7 duyurusunda bulunulmas\u0131na karar verdi.<\/p>\n<p style=\"text-align: justify;\">Yarg\u0131tay 11. Ceza Dairesi, dava dosyas\u0131nda yer alan eksikliklerin tamamlanmas\u0131 ve istenen di\u011fer dava dosyalar\u0131n\u0131n gelmesinin beklenmesine karar vererek, duru\u015fmay\u0131 erteledi.<\/p>\n<p style=\"text-align: justify;\">Karar\u0131n ard\u0131ndan salonda bulunanlar, 11. Ceza Dairesi heyetini ve Cihaner&#8217;i alk\u0131\u015flad\u0131. Baz\u0131 ki\u015filer de &#8220;Adalet budur&#8221; diye ba\u011f\u0131rd\u0131.<\/p>\n<p style=\"text-align: justify;\">Duru\u015fmay\u0131 izleyenler, Yarg\u0131tay bah\u00e7esinde de bir s\u00fcre bekledi, sloganlar ve alk\u0131\u015flarla karar\u0131 kutlad\u0131.<\/p>\n<p style=\"text-align: justify;\"><strong>DAVA DOSYASININ 5 B\u0130N K\u0130LOMETREL\u0130K YOLCULU\u011eU <\/strong><\/p>\n<p style=\"text-align: justify;\">Davan\u0131n dosyas\u0131, s\u00fcrekli \u015fehir ve mahkeme de\u011fi\u015ftirdi. Yarg\u0131tay&#8217;\u0131n \u00fc\u00e7 kez istedi\u011fi dosya Ankara&#8217;ya gtimedi. Diyarbak\u0131r ve Erzurum&#8217;dan sonra bir kez daha \u0130stanbul&#8217;a g\u00f6nderildi. \u0130\u015fte cihaner dosyas\u0131&#8217;n\u0131n 5 bin kilometrelik yolculu\u011fu.<\/p>\n<p style=\"text-align: justify;\">Erzurum, \u0130stanbul, Diyarbak\u0131r&#8230; Bu iller aras\u0131nda mekik dokuyan \u00e7ok \u00f6nemli bir dava dosyas\u0131 var.<\/p>\n<p style=\"text-align: justify;\">Erzincan Cumhuriyet Ba\u015fsavc\u0131s\u0131 \u0130lhan Cihaner ile 3. Ordu Komutan\u0131 Orgeneral Sald\u0131ray Berk&#8217;in yarg\u0131land\u0131\u011f\u0131 silahl\u0131 ter\u00f6r \u00f6rg\u00fct\u00fc davas\u0131. O dava dosyas\u0131n\u0131n ak\u0131beti yarg\u0131y\u0131 ikiye b\u00f6ld\u00fc. Dosyaya hangi mahkemenin bamaca\u011f\u0131 konusunda hukuk\u00e7ular aras\u0131nda bile bir uzla\u015fma yok.<\/p>\n<p style=\"text-align: justify;\">Karma\u015fan\u0131n sebebini anlayabilmek i\u00e7in ba\u015fa en ba\u015fa d\u00f6nmek laz\u0131m. Tutuklu Ba\u015fsavc\u0131 Cihaner iki davada san\u0131k olarak yarg\u0131lan\u0131yor. \u0130lki \u015fahsi bir dava. Yani &#8220;g\u00f6revi k\u00f6t\u00fcye kullanma, evrakta sahtecilik ve imar kirlili\u011fine neden olmakla&#8221; su\u00e7lan\u0131yor.<\/p>\n<p style=\"text-align: justify;\">Cihanerin hakk\u0131ndaki di\u011fer dava ise silahl\u0131 ter\u00f6r \u00f6rg\u00fct\u00fc davas\u0131. Ba\u015fsavc\u0131, Erzincan&#8217;daki Ergenekon davas\u0131n\u0131n 14 san\u0131\u011f\u0131ndan biri. &#8220;\u0130rtica ile m\u00fccadele eylem plan\u0131&#8221;n\u0131n hayata ge\u00e7irdi\u011fi iddias\u0131yla yarg\u0131lan\u0131yor.<\/p>\n<p style=\"text-align: justify;\"><strong>Dosya adres bulamad\u0131 <\/strong><\/p>\n<p style=\"text-align: justify;\">Cihaner&#8217;in avukat\u0131, iki dosyan\u0131n Yarg\u0131tay&#8217;da birle\u015fmesini talep etti. Ancak bu talep bir t\u00fcrl\u00fc uzun s\u00fcre karara ba\u011flanamad\u0131. Ba\u011flanamad\u0131, \u00e7\u00fcnk\u00fc Yarg\u0131tay&#8217;\u0131n Erzurum A\u011f\u0131r Ceza Mahkemesi&#8217;nden istedi\u011fi dava dosyas\u0131 bir t\u00fcrl\u00fc Ankara&#8217;ya g\u00f6nderilmedi.<\/p>\n<p style=\"text-align: justify;\">Yarg\u0131tay&#8217;\u0131n mahkemeye \u00fc\u00e7 kez iletti\u011fi talebe ra\u011fmen. Dosyan\u0131n yolculu\u011fu bu taleplerle ba\u015flad\u0131, Erzurum \u0130kinci A\u011f\u0131r Ceza Mahkemesi, Ergenekon dava dosyas\u0131n\u0131 \u00f6nce \u0130stanbul&#8217;a g\u00f6nderme karar\u0131 verdi.<\/p>\n<p style=\"text-align: justify;\">Yarg\u0131tay dosyay\u0131 yine istedi, hatta Erzurum \u0130kinci A\u011f\u0131r Ceza Mahkemesi hakk\u0131nda su\u00e7 duyurusunda bulundu. Bu arada dava dosyan\u0131n itiraz nedeniyle Diyarbak\u0131r&#8217;a gitti\u011fi ortaya \u00e7\u0131kt\u0131.<\/p>\n<p style=\"text-align: justify;\">Yarg\u0131tay dosyay\u0131 bir kere daha istedi. Ama bir s\u00fcre sonra Ankara&#8217;da beklenen o dosya, ikinci kez Diyarbak\u0131r&#8217;a gitti. Oradan da ba\u015flad\u0131\u011f\u0131 noktaya yani Erzurum&#8217;a yolland\u0131. Son karar\u0131 veren Diyarbak\u0131r 4. A\u011f\u0131r Ceza Mahkemesi.<\/p>\n<p style=\"text-align: justify;\">Mahkeme, davayla ilgili bir m\u00fc\u015ftekinin yapt\u0131\u011f\u0131 reddi hakim talebini karara ba\u011flad\u0131. Reddi hakim talebiyle ilgili itiraz reddedildi. Dosya yeniden Erzurum 2. A\u011f\u0131r Ceza Mahkemesi&#8217;ne g\u00f6nderildi. Erzurum&#8217;un g\u00f6nderdi\u011fi dosya ise \u0130stanbul 13. A\u011f\u0131r Ceza Mahkemesi&#8217;ne ula\u015ft\u0131.<\/p>\n<p style=\"text-align: justify;\"><span style=\"color: #888888;\">CNN T\u00dcRK<\/span><\/p>\n","protected":false},"excerpt":{"rendered":"<p style=\"text-align: justify;\">\n<p style=\"text-align: justify;\">Yarg\u0131tay 11. Ceza Dairesi, \u0130lhan Cihaner&#8217;in Erzurum 2. A\u011f\u0131r Ceza Mahkemesinde &#8220;Ergenekon ter\u00f6r \u00f6rg\u00fct\u00fcne \u00fcye olmak&#8221; iddias\u0131yla yarg\u0131land\u0131\u011f\u0131 dava ile Yarg\u0131tay&#8217;daki davas\u0131n\u0131n birle\u015ftirilmesine ve tahliyesine karar verdi. Cezavinden tahliye edilen Cihaner, &#8220;Yarg\u0131ya g\u00fcven kalmad\u0131\u011f\u0131 s\u00f6yleniyor. B\u00f6yle olmamal\u0131. Bug\u00fcn yapt\u0131\u011f\u0131n\u0131z s\u0131radan bir hareket yar\u0131n sizin kar\u015f\u0131n\u0131za \u00e7\u0131kma ihtimali, \u00fcstelik ter\u00f6r su\u00e7u <\/p>\n","protected":false},"author":1,"featured_media":0,"comment_status":"open","ping_status":"closed","sticky":false,"template":"","format":"standard","meta":{"footnotes":""},"categories":[105],"tags":[],"class_list":["post-23678","post","type-post","status-publish","format-standard","hentry","category-gundem","odd"],"_links":{"self":[{"href":"http:\/\/www.korhanyilmaz.com\/index.php?rest_route=\/wp\/v2\/posts\/23678","targetHints":{"allow":["GET"]}}],"collection":[{"href":"http:\/\/www.korhanyilmaz.com\/index.php?rest_route=\/wp\/v2\/posts"}],"about":[{"href":"http:\/\/www.korhanyilmaz.com\/index.php?rest_route=\/wp\/v2\/types\/post"}],"author":[{"embeddable":true,"href":"http:\/\/www.korhanyilmaz.com\/index.php?rest_route=\/wp\/v2\/users\/1"}],"replies":[{"embeddable":true,"href":"http:\/\/www.korhanyilmaz.com\/index.php?rest_route=%2Fwp%2Fv2%2Fcomments&post=23678"}],"version-history":[{"count":0,"href":"http:\/\/www.korhanyilmaz.com\/index.php?rest_route=\/wp\/v2\/posts\/23678\/revisions"}],"wp:attachment":[{"href":"http:\/\/www.korhanyilmaz.com\/index.php?rest_route=%2Fwp%2Fv2%2Fmedia&parent=23678"}],"wp:term":[{"taxonomy":"category","embeddable":true,"href":"http:\/\/www.korhanyilmaz.com\/index.php?rest_route=%2Fwp%2Fv2%2Fcategories&post=23678"},{"taxonomy":"post_tag","embeddable":true,"href":"http:\/\/www.korhanyilmaz.com\/index.php?rest_route=%2Fwp%2Fv2%2Ftags&post=23678"}],"curies":[{"name":"wp","href":"https:\/\/api.w.org\/{rel}","templated":true}]}}