{"id":23674,"date":"2010-06-18T19:36:09","date_gmt":"2010-06-18T19:36:09","guid":{"rendered":"http:\/\/www.korhanyilmaz.com\/?p=23674"},"modified":"2010-06-18T19:36:09","modified_gmt":"2010-06-18T19:36:09","slug":"monserler-erdogana-isyan-etti","status":"publish","type":"post","link":"http:\/\/www.korhanyilmaz.com\/?p=23674","title":{"rendered":"&#8220;Mon\u015fer&#8221;ler Erdo\u011fan&#8217;a isyan etti"},"content":{"rendered":"<p><a href=\"http:\/\/www.korhanyilmaz.com\/wp-content\/uploads\/2010\/06\/041.jpg\"  class=\"lightview\"><img loading=\"lazy\" decoding=\"async\" class=\"aligncenter size-full wp-image-23675\" src=\"http:\/\/www.korhanyilmaz.com\/wp-content\/uploads\/2010\/06\/041.jpg\" alt=\"\" width=\"292\" height=\"175\" \/><\/a><\/p>\n<p style=\"text-align: justify;\">Emekli diplomatlar, Ba\u015fbakan Erdo\u011fan&#8217;\u0131n Davos restinden sonra davran\u0131\u015f\u0131n\u0131 ele\u015ftiren b\u00fcy\u00fckel\u00e7ilere d\u00f6n\u00fck sarf etti\u011fi &#8220;Mon\u015fer&#8221; ifadesine ve son d\u00f6nemdeki politik s\u00f6ylemlerine sert tepki g\u00f6sterdi. 72 emekli diplomat yapt\u0131\u011f\u0131 yaz\u0131l\u0131 a\u00e7\u0131klamada d\u0131\u015f politikan\u0131n uzun vadeli olmas\u0131 gerekti\u011fini s\u00f6yledi, &#8220;hesaps\u0131z kitaps\u0131z tutumlar\u0131n bedelini ulusumuz \u00f6der&#8221; dedi.<!--more--><\/p>\n<p style=\"text-align: justify;\">Ba\u015fbakan Erdo\u011fan&#8217;\u0131n, \u0130srail&#8217;e &#8220;One Minute&#8221; \u00e7\u0131k\u0131\u015f\u0131na en \u00e7ok onlar tepki g\u00f6stermi\u015f, Erdo\u011fan onlar\u0131n ele\u015ftirilerine &#8220;Mon\u015ferler&#8221; diye yan\u0131t vermi\u015fti.<\/p>\n<p style=\"text-align: justify;\">\u0130srail&#8217;le ya\u015fanan &#8220;yard\u0131m gemisine bask\u0131n&#8221; krizinin ard\u0131ndan Erdo\u011fan&#8217;\u0131n deyimiyle mon\u015ferlerden yaz\u0131l\u0131 a\u00e7\u0131klama geldi:<\/p>\n<p style=\"text-align: justify;\">&#8220;D\u0131\u015f politika, g\u00fcn\u00fc kurtarmaya y\u00f6nelik, kendisiyle \u00e7eli\u015fki i\u00e7inde &#8216;perakende&#8217; a\u00e7\u0131l\u0131mlarla, \u00fc\u00e7-be\u015f yabanc\u0131 s\u00f6zc\u00fc\u011f\u00fc yerli yersiz kullanmakla, diplomatlara kar\u015f\u0131 k\u00fc\u00e7\u00fck d\u00fc\u015f\u00fcr\u00fcc\u00fc ifadelerle y\u00fcr\u00fct\u00fclmez. Y\u00fcr\u00fct\u00fclmeye kalk\u0131\u015f\u0131l\u0131rsa bedeli a\u011f\u0131r olur. \u0130\u015fin ac\u0131 taraf\u0131, bu bedeli de sadece bu hesaps\u0131z, kitaps\u0131z, y\u00fczeysel tutumlar\u0131 benimseyenler de\u011fil, t\u00fcm ulusumuz \u00f6der.&#8221;<\/p>\n<p style=\"text-align: justify;\">A\u00e7\u0131klamada, Ba\u015fbakan Erdo\u011fan&#8217;\u0131n son zamanlarda konu\u015fmalar\u0131na yabanc\u0131 dillerden ibareler serpi\u015ftirmeyi adet haline getirdi\u011fi belirtilerek T\u00fcrk D\u0131\u015fi\u015flerinde Frans\u0131zca&#8217;da &#8220;azizim, dostum&#8221; anlam\u0131na gelen mon\u015fer s\u00f6c\u00fc\u011f\u00fcn\u00fcn kullan\u0131lmad\u0131\u011f\u0131 ifade edildi.<\/p>\n<p style=\"text-align: justify;\">&#8220;D\u0131\u015f politika \u00f6yle &#8216;benden \u00f6ncekiler hi\u00e7 bir \u015fey yapmad\u0131. Bizimle onurlu d\u00f6nem ba\u015flad\u0131&#8217; gibisinden ge\u00e7mi\u015fteki kazan\u0131mlar\u0131 yok sayarak, geli\u015fig\u00fczel yakla\u015f\u0131mlar sergilemek demek de\u011fildir. D\u0131\u015f politika uzun soluklu ciddi bir i\u015ftir. Bilgi, birikim, \u00f6ng\u00f6r\u00fc, so\u011fukkanl\u0131 analiz yetene\u011fi gerektiren ciddi bir u\u011fra\u015f\u0131d\u0131r. H\u00fckm\u00fcn\u00fc, so\u011fukkanl\u0131 bir yakla\u015f\u0131mla, bir satran\u00e7 oyunun incelikleri ve stratejik derinli\u011fi ile ge\u00e7mi\u015fi dikkate alan ve ayn\u0131 zamanda gelece\u011fi hesaplayan bir perspektiften verir.&#8221;<\/p>\n<p style=\"text-align: justify;\">Emekli diplomatlar a\u00e7\u0131klamada &#8220;\u015fimdiye kadar T\u00fcrk diplomatlar\u0131n\u0131 sadece Ermeni ter\u00f6r\u00fcn\u00fcn ve di\u011fer ter\u00f6r eylemlerinin hedef ald\u0131\u011f\u0131n\u0131 zannediyorduk. Son bir y\u0131ld\u0131r her f\u0131rsatta kendi \u00fclkesinin diplomatlar\u0131na kar\u015f\u0131 s\u00f6zl\u00fc bir sald\u0131r\u0131 ba\u015flatan Say\u0131n Ba\u015fbakan\u0131m\u0131z\u0131n bu tutumunu izahta b\u00fcy\u00fck g\u00fc\u00e7l\u00fck \u00e7ekiyoruz&#8221; dedi.<\/p>\n<p style=\"text-align: justify;\"><span style=\"color: #888888;\">CNN T\u00dcRK<\/span><\/p>\n","protected":false},"excerpt":{"rendered":"<\/p>\n<p style=\"text-align: justify;\">Emekli diplomatlar, Ba\u015fbakan Erdo\u011fan&#8217;\u0131n Davos restinden sonra davran\u0131\u015f\u0131n\u0131 ele\u015ftiren b\u00fcy\u00fckel\u00e7ilere d\u00f6n\u00fck sarf etti\u011fi &#8220;Mon\u015fer&#8221; ifadesine ve son d\u00f6nemdeki politik s\u00f6ylemlerine sert tepki g\u00f6sterdi. 72 emekli diplomat yapt\u0131\u011f\u0131 yaz\u0131l\u0131 a\u00e7\u0131klamada d\u0131\u015f politikan\u0131n uzun vadeli olmas\u0131 gerekti\u011fini s\u00f6yledi, &#8220;hesaps\u0131z kitaps\u0131z tutumlar\u0131n bedelini ulusumuz \u00f6der&#8221; dedi.<\/p>\n","protected":false},"author":1,"featured_media":0,"comment_status":"open","ping_status":"closed","sticky":false,"template":"","format":"standard","meta":{"footnotes":""},"categories":[105],"tags":[],"class_list":["post-23674","post","type-post","status-publish","format-standard","hentry","category-gundem","odd"],"_links":{"self":[{"href":"http:\/\/www.korhanyilmaz.com\/index.php?rest_route=\/wp\/v2\/posts\/23674","targetHints":{"allow":["GET"]}}],"collection":[{"href":"http:\/\/www.korhanyilmaz.com\/index.php?rest_route=\/wp\/v2\/posts"}],"about":[{"href":"http:\/\/www.korhanyilmaz.com\/index.php?rest_route=\/wp\/v2\/types\/post"}],"author":[{"embeddable":true,"href":"http:\/\/www.korhanyilmaz.com\/index.php?rest_route=\/wp\/v2\/users\/1"}],"replies":[{"embeddable":true,"href":"http:\/\/www.korhanyilmaz.com\/index.php?rest_route=%2Fwp%2Fv2%2Fcomments&post=23674"}],"version-history":[{"count":0,"href":"http:\/\/www.korhanyilmaz.com\/index.php?rest_route=\/wp\/v2\/posts\/23674\/revisions"}],"wp:attachment":[{"href":"http:\/\/www.korhanyilmaz.com\/index.php?rest_route=%2Fwp%2Fv2%2Fmedia&parent=23674"}],"wp:term":[{"taxonomy":"category","embeddable":true,"href":"http:\/\/www.korhanyilmaz.com\/index.php?rest_route=%2Fwp%2Fv2%2Fcategories&post=23674"},{"taxonomy":"post_tag","embeddable":true,"href":"http:\/\/www.korhanyilmaz.com\/index.php?rest_route=%2Fwp%2Fv2%2Ftags&post=23674"}],"curies":[{"name":"wp","href":"https:\/\/api.w.org\/{rel}","templated":true}]}}