{"id":23633,"date":"2010-06-16T10:05:35","date_gmt":"2010-06-16T10:05:35","guid":{"rendered":"http:\/\/www.korhanyilmaz.com\/?p=23633"},"modified":"2010-06-16T10:05:35","modified_gmt":"2010-06-16T10:05:35","slug":"turkiye-guatemalaya-doner","status":"publish","type":"post","link":"http:\/\/www.korhanyilmaz.com\/?p=23633","title":{"rendered":"T\u00fcrkiye Guatemala&#8217;ya d\u00f6ner!"},"content":{"rendered":"<div id=\"attachment_23635\" style=\"width: 310px\" class=\"wp-caption aligncenter\"><a href=\"http:\/\/www.korhanyilmaz.com\/wp-content\/uploads\/2010\/06\/037.jpg\"  class=\"lightview\"><img loading=\"lazy\" decoding=\"async\" aria-describedby=\"caption-attachment-23635\" class=\"size-full wp-image-23635\" src=\"http:\/\/www.korhanyilmaz.com\/wp-content\/uploads\/2010\/06\/037.jpg\" alt=\"\" width=\"300\" height=\"165\" \/><\/a><p id=\"caption-attachment-23635\" class=\"wp-caption-text\">Ar\u015fiv<\/p><\/div>\n<p style=\"text-align: justify;\"><strong>&#8216;AKP Osman Can&#8217;\u0131n dedi\u011fini yapmaz&#8221; <\/strong><\/p>\n<p style=\"text-align: justify;\">D\u00fcnyaca \u00fcnl\u00fc anayasa profes\u00f6r\u00fc Andrew Arato, Osman Can\u2019\u0131n Anayasa Mahkemesi karar\u0131n\u0131 dinlememe \u00f6nerisi i\u00e7in \u201cKesin kanaatim odur ki, AKP Osman Can\u2019\u0131n bu \u00f6nerisine uymaz\u201d dedi. Arato Gazeteport\u2019a yapt\u0131\u011f\u0131 de\u011ferlendirmede, H\u00fck\u00fcmet\u2019e yak\u0131n gazetelerde kendisi hakk\u0131nda yap\u0131lan \u201cErgenekon\u2019un uzant\u0131s\u0131\u201d su\u00e7lamalar\u0131na hakk\u0131nda da, \u201cHer \u015feye ve herkese Ergenekon diyorlar\u201d dedi. <!--more--><\/p>\n<p style=\"text-align: justify;\">-Anayasa Mahkemesi raport\u00f6r\u00fc Osman Can, Anayasa Mahkemesi H\u00fck\u00fcmet\u2019in ger\u00e7ekle\u015ftirdi\u011fi Anayasa de\u011fi\u015fikliklerini iptal ederse bu iptali tan\u0131mama ve referanduma gitme fikrini ortaya att\u0131. Bu konuda nas\u0131l bir de\u011ferlendirme yapars\u0131n\u0131z?<\/p>\n<p style=\"text-align: justify;\">Osman Can\u2019\u0131n s\u00f6ylediklerini Zaman Gazetesi\u2019nin \u0130ngilizce yay\u0131n\u0131ndan takip ettim. Can\u2019\u0131n s\u00f6yledi\u011fi <strong>b\u00fcy\u00fck bir sa\u00e7mal\u0131k oldu\u011fu kadar, ayn\u0131 zamanda da \u00e7ok tehlikeli bir \u00f6neri<\/strong>. Anayasa Mahkemesi yap\u0131lan anayasa de\u011fi\u015fikliklerini k\u0131smen veya tamamen iptal etme yetkisine sahiptir. Ben bundan bir m\u00fcddet \u00f6nce Daily News\u2019da yazd\u0131\u011f\u0131m bir makalede, Anayasa Mahkemesi\u2019nin \u00fc\u00e7 maddesinde yap\u0131lan de\u011fi\u015fikli\u011fin iptal edilmesi gerekti\u011fini, bunun hukuk devleti ilkelerine ayk\u0131r\u0131 oldu\u011funu belirtmi\u015ftim. Bu maddelerden bir tanesi zaten Meclis\u2019ten ge\u00e7medi. Di\u011fer iki maddenin ama iptal edilmesi gerekir. Bunu umuyorum. Osman Can\u2019\u0131n s\u00f6yledi\u011fi ise, Anayasa Mahkemesi\u2019ni tehlikeli bir anayasa ihtilaf\u0131n\u0131n tam ortas\u0131na itmeye \u00e7al\u0131\u015fmakt\u0131r. Bu ayr\u0131ca \u00e7ok tehlikeli bir durumdur \u00e7\u00fcnk\u00fc yap\u0131lan de\u011fi\u015fiklikler tek y\u00f6nl\u00fc (unilateral) ve \u00e7o\u011funluk\u00e7u hakimiyete y\u00f6nelik olup, Anayasa Mahkemesi bu hukuk d\u0131\u015f\u0131 de\u011fi\u015fiklikler ve anayasay\u0131 temelden de\u011fi\u015ftiren transformasyonlar konusunda tek garantidir.<\/p>\n<p style=\"text-align: justify;\"><strong>\u0130K\u0130 BA\u015eLI DEVLET OLUR <\/strong><\/p>\n<p style=\"text-align: justify;\">-H\u00fck\u00fcmet e\u011fer Osman Can\u2019\u0131n bu dedi\u011fini yaparsa sizce ne olur?<\/p>\n<p style=\"text-align: justify;\">Bunu sadece Allah bilir. Ama \u015funu s\u00f6yleyebilirim. B\u00f6yle bir durumda devlet \u00fczerinde iki de\u011fi\u015fik patron olur. Polis, ordu ve idari erk aras\u0131nda \u00f6yle \u00e7eli\u015fkiler \u00e7\u0131kar ki, birinin dedi\u011fine di\u011feri uymaz. Ordu H\u00fck\u00fcmet\u2019in dedi\u011fine uymaz, polis idarenin dedi\u011fine uymaz. Bir \u00fclke i\u00e7in bundan daha tehlikeli bir durum yoktur.<\/p>\n<p style=\"text-align: justify;\"><strong>ARKASINDAN BA\u015eKA ADIMLAR GEL\u0130R <\/strong><\/p>\n<p style=\"text-align: justify;\">Bunun ard\u0131ndan da yeni ad\u0131mlar gelir. Anayasal d\u00fczende ve kamu d\u00fczeninde yeni temel de\u011fi\u015fiklikler g\u00fcndeme gelir. Bu nedenle de Anayasa Mahkemesi\u2019nin kararlar\u0131na herkesin uymas\u0131 gerekir. Buna uyulmazsa, \u00f6rne\u011fin, ordunun H\u00fck\u00fcmet\u2019i tan\u0131mama durumu da ortaya \u00e7\u0131kabilir.<\/p>\n<p style=\"text-align: justify;\"><strong>T\u00dcRK\u0130YE GUATEMALA\u2019YA D\u00d6NER <\/strong><\/p>\n<p style=\"text-align: justify;\">Bundan 6 ay kadar \u00f6nce Guatemala\u2019da b\u00f6yle bir durum ortaya \u00e7\u0131kt\u0131. Birbirinin kurallar\u0131na uymayan bir devlet ba\u015fkan\u0131, bir kongre, ordu ve de\u011fi\u015fik kamu d\u00fczenleri.<\/p>\n<p style=\"text-align: justify;\"><strong>ANAYASAL D\u00dcZENE UYMAYAN H\u00dcK\u00dcMET ARTIK H\u00dcK\u00dcMET DE\u011e\u0130LD\u0130R <\/strong><\/p>\n<p style=\"text-align: justify;\">Ayr\u0131ca, anayasal d\u00fczene uymayan bir h\u00fck\u00fcmet art\u0131k h\u00fck\u00fcmet de\u011fildir, h\u00fck\u00fcmet \u00f6zelli\u011fini yitirmi\u015ftir.<\/p>\n<p style=\"text-align: justify;\"><strong>AKP OSMAN CAN\u2019IN AKLINA ASLA UYMAZ <\/strong><\/p>\n<p style=\"text-align: justify;\">Ama size \u015funu s\u00f6yleyeyim, AKP Osman Can\u2019\u0131n akl\u0131na asla uymaz. Kesin kanaatim budur. AKP Osman Can\u2019\u0131n dedi\u011fini yapmayacakt\u0131r. Osman Can\u2019\u0131n bu fikri \u00e7ok radikal bir fikir. Ve, de bu radikallik \u00e7ok tehlikeli bir radikallik \u00e7\u00fcnk\u00fc.<\/p>\n<p style=\"text-align: justify;\"><strong>HAK\u0130M OLSAYDIM ANAYASA MAHKEMES\u0130\u2019N\u0130 KORURDUM <\/strong><\/p>\n<p style=\"text-align: justify;\">Bir \u015feyi de belirtmek istiyorum. Ben hakim olsayd\u0131m, Anayasa Mahkemesi\u2019nde bir hakim olsayd\u0131m, Anayasa Mahkemesi\u2019ni ve onun yap\u0131s\u0131n\u0131 koruyacak \u015fekilde hareket ederdim. Anayasa Mahkemesi2ne bu t\u00fcr m\u00fcdahalelerin yap\u0131lmas\u0131na asla m\u00fcsaade etmezdim.<\/p>\n<p style=\"text-align: justify;\"><strong>HER \u015eEYE, HERKESE ERGENEKON D\u0130YORLAR <\/strong><\/p>\n<p style=\"text-align: justify;\">-Say\u0131n Profes\u00f6r, sizin hakk\u0131n\u0131zda da \u201cErgenekon\u2019un uzant\u0131s\u0131 yay\u0131nlar\u0131 yap\u0131ld\u0131\u201d, haberiniz var m\u0131?<\/p>\n<p style=\"text-align: justify;\">Evet, H\u00fck\u00fcmet\u2019e yak\u0131n gazetelerde hakk\u0131mda bu t\u00fcr yaz\u0131lar\u0131n yaz\u0131ld\u0131\u011f\u0131n\u0131 biliyorum. Ne denir ki b\u00f6yle bir \u015feye, cevap verilmez ki bu t\u00fcr iddialara. Bunlar her \u015feye, herkese Ergenekon diyorlar. Ben bu t\u00fcr iddialar\u0131 \u00e7ok karanl\u0131k buluyorum, \u00e7ok baya\u011f\u0131 buluyorum. Bu Ergenekon denen \u015fey nedir bilmiyorum ama benim g\u00f6rd\u00fc\u011f\u00fcm \u015fudur; T\u00fcrkiye\u2019de iki adet yarg\u0131 sistemi ve iki adet idari g\u00fc\u00e7 var. Bu iki g\u00fc\u00e7 birbirleri ile sava\u015f halinde. Yarg\u0131da ve idarede bir k\u0131s\u0131m H\u00fck\u00fcmet\u2019e yak\u0131n bir k\u0131sm\u0131 da orduya. Bir k\u0131s\u0131m di\u011ferine, \u201cErgenekoncu\u201d, bir k\u0131sm\u0131 da di\u011ferlerine \u201cFethullah G\u00fclenci\u201d diyor.<\/p>\n<p style=\"text-align: justify;\"><strong>IRAK VE DO\u011eU AVRUPA ANAYASA K\u0130TAPLARI YAZDIM <\/strong><\/p>\n<p style=\"text-align: justify;\">H\u00fck\u00fcmet\u2019e yak\u0131n gazetelerde benim i\u00e7in, T\u00fcrkiye\u2019yi ve anayasas\u0131n\u0131 nereden biliyor, anayasadan ne anl\u0131yor gibi yaz\u0131lar da yaz\u0131ld\u0131. Ben Irak Anayasas\u0131 ve Do\u011fu Avrupa \u00dclkeleri Anayasalar\u0131 \u00fczerine kitaplar yazm\u0131\u015f birisiyim. AB\u2019de anayasa konular\u0131nda dan\u0131\u015fmanl\u0131k yapt\u0131m. Hakk\u0131mda nas\u0131l bu d\u00fczeyde konu\u015fulabiliyor, anlamak m\u00fcmk\u00fcn de\u011fil. T\u00fcm bunlara cevap bile verilmez.<\/p>\n<p style=\"text-align: justify;\"><strong>ANAYASA SADECE UZLA\u015eI \u0130LE DE\u011e\u0130\u015e\u0130R <\/strong><\/p>\n<p style=\"text-align: justify;\">Ancak, Anayasa Mahkemesi\u2019nin karar\u0131 belli olduktan sonra buna ili\u015fkin bir makale yazaca\u011f\u0131m. Anayasa Mahkemesi de\u011fi\u015fiklikleri iptal ederse H\u00fck\u00fcmet\u2019e bu karar uyma \u00e7a\u011fr\u0131s\u0131 yapaca\u011f\u0131m. T\u00fcrkiye bunu \u015fu ana kadar ba\u015farm\u0131\u015ft\u0131r. \u00d6rne\u011fin, Baykal, ki kendisi favori politikac\u0131m de\u011fildir, \u015fu ana kadar yap\u0131lan demokrasi i\u00e7erikli \u00e7ok say\u0131da anayasa de\u011fi\u015fiklikli\u011fine destek vermi\u015ftir. Uzla\u015f\u0131 m\u00fcmk\u00fcnd\u00fcr yani.<\/p>\n<p style=\"text-align: justify;\"><a href=\"http:\/\/www9.gazetevatan.com\/turkiye-guatemalaya-doner\/311499\/1\/Gundem\" target=\"_blank\"><span style=\"color: #888888;\">Kaynak : VATAN<\/span><\/a><\/p>\n","protected":false},"excerpt":{"rendered":"<p id=\"caption-attachment-23635\" class=\"wp-caption-text\">Ar\u015fiv<\/p>\n<p style=\"text-align: justify;\">&#8216;AKP Osman Can&#8217;\u0131n dedi\u011fini yapmaz&#8221; <\/p>\n<p style=\"text-align: justify;\">D\u00fcnyaca \u00fcnl\u00fc anayasa profes\u00f6r\u00fc Andrew Arato, Osman Can\u2019\u0131n Anayasa Mahkemesi karar\u0131n\u0131 dinlememe \u00f6nerisi i\u00e7in \u201cKesin kanaatim odur ki, AKP Osman Can\u2019\u0131n bu \u00f6nerisine uymaz\u201d dedi. Arato Gazeteport\u2019a yapt\u0131\u011f\u0131 de\u011ferlendirmede, H\u00fck\u00fcmet\u2019e yak\u0131n gazetelerde kendisi hakk\u0131nda yap\u0131lan \u201cErgenekon\u2019un uzant\u0131s\u0131\u201d su\u00e7lamalar\u0131na hakk\u0131nda da, \u201cHer \u015feye <\/p>\n","protected":false},"author":1,"featured_media":0,"comment_status":"open","ping_status":"closed","sticky":false,"template":"","format":"standard","meta":{"footnotes":""},"categories":[105],"tags":[],"class_list":["post-23633","post","type-post","status-publish","format-standard","hentry","category-gundem","odd"],"_links":{"self":[{"href":"http:\/\/www.korhanyilmaz.com\/index.php?rest_route=\/wp\/v2\/posts\/23633","targetHints":{"allow":["GET"]}}],"collection":[{"href":"http:\/\/www.korhanyilmaz.com\/index.php?rest_route=\/wp\/v2\/posts"}],"about":[{"href":"http:\/\/www.korhanyilmaz.com\/index.php?rest_route=\/wp\/v2\/types\/post"}],"author":[{"embeddable":true,"href":"http:\/\/www.korhanyilmaz.com\/index.php?rest_route=\/wp\/v2\/users\/1"}],"replies":[{"embeddable":true,"href":"http:\/\/www.korhanyilmaz.com\/index.php?rest_route=%2Fwp%2Fv2%2Fcomments&post=23633"}],"version-history":[{"count":0,"href":"http:\/\/www.korhanyilmaz.com\/index.php?rest_route=\/wp\/v2\/posts\/23633\/revisions"}],"wp:attachment":[{"href":"http:\/\/www.korhanyilmaz.com\/index.php?rest_route=%2Fwp%2Fv2%2Fmedia&parent=23633"}],"wp:term":[{"taxonomy":"category","embeddable":true,"href":"http:\/\/www.korhanyilmaz.com\/index.php?rest_route=%2Fwp%2Fv2%2Fcategories&post=23633"},{"taxonomy":"post_tag","embeddable":true,"href":"http:\/\/www.korhanyilmaz.com\/index.php?rest_route=%2Fwp%2Fv2%2Ftags&post=23633"}],"curies":[{"name":"wp","href":"https:\/\/api.w.org\/{rel}","templated":true}]}}