{"id":23629,"date":"2010-06-16T12:35:30","date_gmt":"2010-06-16T12:35:30","guid":{"rendered":"http:\/\/www.korhanyilmaz.com\/?p=23629"},"modified":"2010-06-16T12:35:30","modified_gmt":"2010-06-16T12:35:30","slug":"erdoganin-arap-acilimi-kapak-oldu","status":"publish","type":"post","link":"http:\/\/www.korhanyilmaz.com\/?p=23629","title":{"rendered":"Erdo\u011fan&#8217;\u0131n &#8216;Arap&#8217; a\u00e7\u0131l\u0131m\u0131 kapak oldu"},"content":{"rendered":"<p style=\"text-align: center;\"><a href=\"http:\/\/www.korhanyilmaz.com\/wp-content\/uploads\/2010\/06\/038.jpg\"  class=\"lightview\"><img loading=\"lazy\" decoding=\"async\" class=\"aligncenter size-full wp-image-23630\" src=\"http:\/\/www.korhanyilmaz.com\/wp-content\/uploads\/2010\/06\/035.jpeg\" alt=\"\" width=\"360\" height=\"240\" \/><\/a><\/p>\n<p style=\"text-align: justify;\">Ba\u015fbakan Tayyip Erdo\u011fan&#8217;\u0131n \u0130stiklal Mar\u015f\u0131 \u015eairi Mehmet Akif Ersoy&#8217;un, \u201cT\u00fcrk Araps\u0131z ya\u015fayamaz, Kim ki &#8216;Ya\u015far der&#8217; delidir. Arab\u0131n T\u00fcrk hem sa\u011f g\u00f6z\u00fcd\u00fcr, hem sa\u011f elidir&#8221; dizelerini okumas\u0131 mizah dergilerinin de g\u00fcndemini olu\u015fturdu.<\/p>\n<p style=\"text-align: justify;\"><span style=\"color: #888888;\">Radikal<\/span><\/p>\n","protected":false},"excerpt":{"rendered":"<p style=\"text-align: center;\">\n<p style=\"text-align: justify;\">Ba\u015fbakan Tayyip Erdo\u011fan&#8217;\u0131n \u0130stiklal Mar\u015f\u0131 \u015eairi Mehmet Akif Ersoy&#8217;un, \u201cT\u00fcrk Araps\u0131z ya\u015fayamaz, Kim ki &#8216;Ya\u015far der&#8217; delidir. Arab\u0131n T\u00fcrk hem sa\u011f g\u00f6z\u00fcd\u00fcr, hem sa\u011f elidir&#8221; dizelerini okumas\u0131 mizah dergilerinin de g\u00fcndemini olu\u015fturdu.<\/p>\n<p style=\"text-align: justify;\">Radikal<\/p>\n","protected":false},"author":1,"featured_media":0,"comment_status":"open","ping_status":"closed","sticky":false,"template":"","format":"standard","meta":{"footnotes":""},"categories":[105],"tags":[],"class_list":["post-23629","post","type-post","status-publish","format-standard","hentry","category-gundem","odd"],"_links":{"self":[{"href":"http:\/\/www.korhanyilmaz.com\/index.php?rest_route=\/wp\/v2\/posts\/23629","targetHints":{"allow":["GET"]}}],"collection":[{"href":"http:\/\/www.korhanyilmaz.com\/index.php?rest_route=\/wp\/v2\/posts"}],"about":[{"href":"http:\/\/www.korhanyilmaz.com\/index.php?rest_route=\/wp\/v2\/types\/post"}],"author":[{"embeddable":true,"href":"http:\/\/www.korhanyilmaz.com\/index.php?rest_route=\/wp\/v2\/users\/1"}],"replies":[{"embeddable":true,"href":"http:\/\/www.korhanyilmaz.com\/index.php?rest_route=%2Fwp%2Fv2%2Fcomments&post=23629"}],"version-history":[{"count":0,"href":"http:\/\/www.korhanyilmaz.com\/index.php?rest_route=\/wp\/v2\/posts\/23629\/revisions"}],"wp:attachment":[{"href":"http:\/\/www.korhanyilmaz.com\/index.php?rest_route=%2Fwp%2Fv2%2Fmedia&parent=23629"}],"wp:term":[{"taxonomy":"category","embeddable":true,"href":"http:\/\/www.korhanyilmaz.com\/index.php?rest_route=%2Fwp%2Fv2%2Fcategories&post=23629"},{"taxonomy":"post_tag","embeddable":true,"href":"http:\/\/www.korhanyilmaz.com\/index.php?rest_route=%2Fwp%2Fv2%2Ftags&post=23629"}],"curies":[{"name":"wp","href":"https:\/\/api.w.org\/{rel}","templated":true}]}}