{"id":23625,"date":"2010-06-16T14:11:22","date_gmt":"2010-06-16T14:11:22","guid":{"rendered":"http:\/\/www.korhanyilmaz.com\/?p=23625"},"modified":"2010-06-16T14:11:22","modified_gmt":"2010-06-16T14:11:22","slug":"osman-can-elestirilerine-ergenekon-vurgulu-yanit","status":"publish","type":"post","link":"http:\/\/www.korhanyilmaz.com\/?p=23625","title":{"rendered":"Osman Can ele\u015ftirilerine Ergenekon vurgulu yan\u0131t"},"content":{"rendered":"<div id=\"attachment_23626\" style=\"width: 294px\" class=\"wp-caption aligncenter\"><a title=\"Adalet Bakan\u0131 Sadullah Ergin\" href=\"http:\/\/www.korhanyilmaz.com\/wp-content\/uploads\/2010\/06\/032.jpeg\"  class=\"lightview\"><img loading=\"lazy\" decoding=\"async\" aria-describedby=\"caption-attachment-23626\" class=\"size-full wp-image-23626  \" title=\"Adalet Bakan\u0131 Sadullah Ergin\" src=\"http:\/\/www.korhanyilmaz.com\/wp-content\/uploads\/2010\/06\/032.jpeg\" alt=\"\" width=\"284\" height=\"204\" \/><\/a><p id=\"caption-attachment-23626\" class=\"wp-caption-text\">Adalet Bakan\u0131 Sadullah Ergin<\/p><\/div>\n<p style=\"text-align: justify;\">Muhalefet, Adalet Bakan\u0131 Ergin&#8217;i Osman Can&#8217;\u0131n Anayasa de\u011fi\u015fikli\u011fiyle ilgili s\u00f6zlerine tepki g\u00f6stermedi\u011fi i\u00e7in ele\u015ftirdi. Ergin, CHP&#8217;lilere &#8216;ergenekon vurgusu yaparak yan\u0131t verdi: Gizli tan\u0131klarla g\u00f6r\u00fc\u015ferek, beyanlarla bu davalar\u0131 etkileyecek tav\u0131rlardan hepimizin ka\u00e7\u0131nmas\u0131 gerekiyor. <!--more--><\/p>\n<p style=\"text-align: justify;\">ANKARA &#8211; Adalet Bakan\u0131 Sadullah Ergin, TBMM Adalet Komisyonu\u2019nda g\u00f6r\u00fc\u015f\u00fclen &#8220;ta\u015f atan \u00e7ocuklarla&#8221; ilgili teklifin g\u00f6r\u00fc\u015fmelerine kat\u0131lmak \u00fczere geldi\u011fi toplant\u0131da, muhalefet partili milletvekillerinin Osman Can\u2019\u0131n a\u00e7\u0131klamalar\u0131na &#8220;neden cevap vermedi\u011fi&#8221; \u015feklindeki ele\u015ftirileri yan\u0131tlad\u0131.<\/p>\n<p style=\"text-align: justify;\">Komisyon toplant\u0131s\u0131na Anayasa Raport\u00f6r\u00fc Osman Can\u2019\u0131n a\u00e7\u0131klamalar\u0131 damgas\u0131n\u0131 vurdu. Bu y\u00f6nde Adalet Bakan\u0131 Ergin\u2019e sert ele\u015ftiriler y\u00f6nelten muhalefet partili milletvekilleri Adalet Bakan\u0131\u2019n\u0131n neden bu a\u00e7\u0131klamalara tav\u0131r koymad\u0131\u011f\u0131n\u0131 sordu.<\/p>\n<p style=\"text-align: justify;\">Komisyonda MHP Ordu Milletvekili R\u0131dvan Yal\u00e7\u0131n\u2019\u0131n, Can\u2019\u0131n a\u00e7\u0131klamalar\u0131 ile ilgili h\u00fck\u00fcmet \u00fcyeleri ve Cumhurba\u015fkan\u0131 G\u00fcl\u2019\u00fcn a\u00e7\u0131klamalar\u0131n\u0131 ele\u015ftirerek, &#8220;Adalet Bakan\u0131\u2019n\u0131n bu a\u00e7\u0131klamaya tav\u0131r koymas\u0131n\u0131 bekliyoruz&#8221; dedi.<\/p>\n<p style=\"text-align: justify;\">CHP Afyonkarahisar Milletvekili Halil \u00dcnl\u00fctepe de, Ergin\u2019e y\u00f6neltti\u011fi ele\u015ftiride, &#8220;Adalet Bakan\u0131 olarak yarg\u0131 b\u00fct\u00fcnl\u00fc\u011f\u00fcn\u00fc korumak zorundas\u0131n\u0131z. Bu sizin g\u00f6reviniz. Yarg\u0131 b\u00fct\u00fcnl\u00fc\u011f\u00fcn\u00fcn korunmas\u0131 bak\u0131m\u0131ndan harekete ge\u00e7melisiniz&#8221; dedi.<\/p>\n<p style=\"text-align: justify;\">CHP Mersin Milletvekili Ali R\u0131za \u00d6zt\u00fcrk ise, &#8220;Anayasa Mahkemesi\u2019nin kararlar\u0131n\u0131 H\u00fck\u00fcmet i\u015fine geldi\u011finde ele\u015ftiriyor, i\u015fine gelmedi\u011finde destek veriyor yap\u0131lan a\u00e7\u0131klamalara. Bu konuda destek ve te\u015fvik veren a\u00e7\u0131klamalar yapan H\u00fck\u00fcmet \u00fcyelerini, komisyon ba\u015fkanlar\u0131n\u0131 k\u0131n\u0131yor ve ay\u0131pl\u0131yorum&#8221; diye konu\u015ftu.<\/p>\n<p style=\"text-align: justify;\">CHP K\u0131rklareli Milletvekili Turgut Dibek, Cumhurba\u015fkan\u0131 G\u00fcl ve H\u00fck\u00fcmet \u00fcyeleri taraf\u0131ndan Can\u2019\u0131n a\u00e7\u0131klamalar\u0131na y\u00f6nelik &#8220;destek&#8221; tepkilerini ele\u015ftirdi.<\/p>\n<p style=\"text-align: justify;\">CHP Ordu Milletvekili Rahmi G\u00fcner de, Anayasa Mahkemesi\u2019nin verece\u011fi karar\u0131 y\u00f6nlendiren Can\u2019a tepki g\u00f6sterirken, gelen destek s\u00f6zlerini de ele\u015ftirdi. G\u00fcner, yarg\u0131 kararlar\u0131na ve Y\u00fcksek Mahkemenin verece\u011fi karara herkesin sayg\u0131 g\u00f6stermesi gerekti\u011finin alt\u0131n\u0131 \u00e7izdi.<\/p>\n<p style=\"text-align: justify;\">Toplant\u0131da gelen ele\u015ftirileri yan\u0131tlayan Adalet Bakan\u0131 Ergin, bu konuda herkesi samimi olmaya \u00e7a\u011f\u0131rarak \u015f\u00f6yle dedi:<\/p>\n<p style=\"text-align: justify;\">&#8220;Anayasa Mahkemesi ile ilgili, yarg\u0131 ba\u011f\u0131ms\u0131zl\u0131\u011f\u0131 ile ilgili yap\u0131lan ele\u015ftirilerle ilgili, bu konuda herkesi samimi olmaya davet ediyorum. Bu noktada herkesin, ama herkesin parlamentoda g\u00f6rev yapan milletvekillerinin, bakanlar\u0131n, Devlet b\u00fcrokrasisinin, yarg\u0131da \u00e7al\u0131\u015fanlar\u0131n, yarg\u0131 derneklerinin ba\u015f\u0131ndakilerin ve \u00fcyelerinin ama herkesin buna sayg\u0131 g\u00f6stermesi laz\u0131m. Herkes \u00e7\u0131k\u0131p, \u2018\u015eu \u015funu s\u00f6yledi, bu bunu s\u00f6yledi\u2019 B\u00fct\u00fcn bunlar konu\u015fuldu\u011fu vakit, b\u00fct\u00fcn bunlara samimiyetle kar\u015f\u0131 \u00e7\u0131kmam\u0131z laz\u0131m.&#8221;<\/p>\n<p style=\"text-align: justify;\"><strong>-ERGENEKON VURGUSU-<\/strong><\/p>\n<p style=\"text-align: justify;\">Ergin, CHP\u2019li milletvekilleri taraf\u0131ndan Osman Can\u2019a yan\u0131t vermedi\u011fi i\u00e7in kendisine y\u00f6neltilen ele\u015ftirilere ise &#8220;Ergenekon&#8221; vurgusu yaparak yan\u0131t verdi. Sadullah Ergin, &#8220;Kimden gelirse gelsin s\u00fcrmekte olan bir davay\u0131 etkileyebilecek mahiyette ki beyanlardan ka\u00e7\u0131nmal\u0131y\u0131z. Elbette mahkemelerin vermi\u015f oldu\u011fu kararlar ele\u015ftirilebilir. Ama yarg\u0131lama s\u00fcreci devam ediyor ise hepimiz buna itina etmeliyiz. Gizli tan\u0131klarla g\u00f6r\u00fc\u015ferek, beyanlarla bu davalar\u0131 etkileyecek tav\u0131rlardan hepimizin ka\u00e7\u0131nmas\u0131 gerekiyor. Bu konuyu b\u00f6yle a\u015far\u0131z diye d\u00fc\u015f\u00fcn\u00fcyorum&#8221; dedi.<\/p>\n<p style=\"text-align: justify;\"><span style=\"color: #888888;\">Radikal<\/span><\/p>\n","protected":false},"excerpt":{"rendered":"<p id=\"caption-attachment-23626\" class=\"wp-caption-text\">Adalet Bakan\u0131 Sadullah Ergin<\/p>\n<p style=\"text-align: justify;\">Muhalefet, Adalet Bakan\u0131 Ergin&#8217;i Osman Can&#8217;\u0131n Anayasa de\u011fi\u015fikli\u011fiyle ilgili s\u00f6zlerine tepki g\u00f6stermedi\u011fi i\u00e7in ele\u015ftirdi. Ergin, CHP&#8217;lilere &#8216;ergenekon vurgusu yaparak yan\u0131t verdi: Gizli tan\u0131klarla g\u00f6r\u00fc\u015ferek, beyanlarla bu davalar\u0131 etkileyecek tav\u0131rlardan hepimizin ka\u00e7\u0131nmas\u0131 gerekiyor. <\/p>\n","protected":false},"author":1,"featured_media":0,"comment_status":"open","ping_status":"closed","sticky":false,"template":"","format":"standard","meta":{"footnotes":""},"categories":[105],"tags":[],"class_list":["post-23625","post","type-post","status-publish","format-standard","hentry","category-gundem","odd"],"_links":{"self":[{"href":"http:\/\/www.korhanyilmaz.com\/index.php?rest_route=\/wp\/v2\/posts\/23625","targetHints":{"allow":["GET"]}}],"collection":[{"href":"http:\/\/www.korhanyilmaz.com\/index.php?rest_route=\/wp\/v2\/posts"}],"about":[{"href":"http:\/\/www.korhanyilmaz.com\/index.php?rest_route=\/wp\/v2\/types\/post"}],"author":[{"embeddable":true,"href":"http:\/\/www.korhanyilmaz.com\/index.php?rest_route=\/wp\/v2\/users\/1"}],"replies":[{"embeddable":true,"href":"http:\/\/www.korhanyilmaz.com\/index.php?rest_route=%2Fwp%2Fv2%2Fcomments&post=23625"}],"version-history":[{"count":0,"href":"http:\/\/www.korhanyilmaz.com\/index.php?rest_route=\/wp\/v2\/posts\/23625\/revisions"}],"wp:attachment":[{"href":"http:\/\/www.korhanyilmaz.com\/index.php?rest_route=%2Fwp%2Fv2%2Fmedia&parent=23625"}],"wp:term":[{"taxonomy":"category","embeddable":true,"href":"http:\/\/www.korhanyilmaz.com\/index.php?rest_route=%2Fwp%2Fv2%2Fcategories&post=23625"},{"taxonomy":"post_tag","embeddable":true,"href":"http:\/\/www.korhanyilmaz.com\/index.php?rest_route=%2Fwp%2Fv2%2Ftags&post=23625"}],"curies":[{"name":"wp","href":"https:\/\/api.w.org\/{rel}","templated":true}]}}