{"id":23620,"date":"2010-06-16T13:56:41","date_gmt":"2010-06-16T13:56:41","guid":{"rendered":"http:\/\/www.korhanyilmaz.com\/?p=23620"},"modified":"2010-06-16T13:56:41","modified_gmt":"2010-06-16T13:56:41","slug":"sehit-babasi-isyan-etti","status":"publish","type":"post","link":"http:\/\/www.korhanyilmaz.com\/?p=23620","title":{"rendered":"\u015eehit babas\u0131 isyan etti!"},"content":{"rendered":"<p style=\"text-align: center;\"><a href=\"http:\/\/www.korhanyilmaz.com\/wp-content\/uploads\/2010\/06\/030.jpg\"  class=\"lightview\"><img loading=\"lazy\" decoding=\"async\" class=\"aligncenter size-full wp-image-23621\" src=\"http:\/\/www.korhanyilmaz.com\/wp-content\/uploads\/2010\/06\/030.jpg\" alt=\"\" width=\"420\" height=\"210\" \/><\/a><\/p>\n<p style=\"text-align: justify;\">\u015eehidin babas\u0131ndan tepki: &#8220;<strong>D\u00f6rt \u00e7apulcuyla ba\u015fedemiyorsan yaz\u0131klar olsun<\/strong>&#8220;<\/p>\n<p style=\"text-align: justify;\">\u015eIRNAK\u2019\u0131n Uludere \u0130l\u00e7esi\u2019nde g\u00fcvenlik g\u00fc\u00e7leri ile ter\u00f6ristler aras\u0131nda \u00e7\u0131kan \u00e7at\u0131\u015fmada \u015fehit olan Piyade uzman \u00c7avu\u015f 24 ya\u015f\u0131ndaki Mehmet Tez\u2019in \u015fehit d\u00fc\u015ft\u00fc\u011f\u00fc haberi, babas\u0131 Rasim Tez\u2019e hasat i\u00e7in gitti\u011fi Yerk\u00f6y \u0130l\u00e7esi\u2019ne ba\u011fl\u0131 Belkavak K\u00f6y\u00fc\u2019ndeki evinde Yozgat \u0130l Jandarma Komutan\u0131 Binba\u015f\u0131 S\u00fcleyman G\u00fcrz taraf\u0131ndan verildi. <!--more--><\/p>\n<p style=\"text-align: justify;\">Ac\u0131 haberle y\u0131k\u0131lan baba Tez, Binba\u015f\u0131 G\u00fcrz ile birlikte il\u00e7eye getirildi. Baba G\u00fcrz, \u201cO\u011flumun d\u00fc\u011f\u00fcn\u00fcn\u00fc yapal\u0131 bir y\u0131l oldu. Evinin yar\u0131s\u0131 Bolu\u2019da, yar\u0131s\u0131 burada. Bu adam\u0131n su\u00e7u ne? Trakya\u2019da, Ege\u2019de niye \u00f6l\u00fcmler olmuyor, buralardan oluyor?\u201d dedi.<\/p>\n<p style=\"text-align: justify;\">Uludere\u2019de Irak s\u0131n\u0131r\u0131 kesiminde gece saatlerinde g\u00fcvenlik g\u00fc\u00e7leri ile ter\u00f6ristler aras\u0131nda \u00e7\u0131kan \u00e7at\u0131\u015fmada \u015fehit olan Yozgat Yerk\u00f6y do\u011fumlu Piyade Uzman \u00c7avu\u015f Mehmet Tez\u2019in \u015fehit d\u00fc\u015ft\u00fc\u011f\u00fc haberi, baba evine sabah saatlerinde ula\u015ft\u0131.<\/p>\n<p style=\"text-align: justify;\">O\u011flunun \u015fehit d\u00fc\u015ft\u00fc\u011f\u00fc haberini Belkavak K\u00f6y\u00fc\u2019ndeki tarlaya arpa ve bu\u011fday hasad\u0131 i\u00e7in gitmeden \u00f6nce Binba\u015f\u0131 S\u00fcleyman G\u00fcrz\u2019den \u00f6\u011frenen baba Rasim ile anne Fatma Tez sinir krizlleri ge\u00e7irdi. \u015eahidin ailesine haber verilirken, sa\u011fl\u0131k ekipleri de haz\u0131r bulundu.<\/p>\n<p style=\"text-align: justify;\"><strong>\u2018\u0130\u00c7\u0130\u015eLER\u0130 BAKANI N\u0130YE CENAZELERDE YOK?\u2019 <\/strong><\/p>\n<p style=\"text-align: justify;\">O\u011flunun \u015fehit d\u00fc\u015ft\u00fc\u011f\u00fc haberiyle y\u0131k\u0131lan anne Fatma tez a\u011f\u0131tlar yak\u0131p, \u201c\u0130zine gelecektin yavrum, cenazen gelecek yavrum\u201d diyerek g\u00f6zya\u015f\u0131 d\u00f6kt\u00fc. Baba Rasim Tez ise h\u00fck\u00fcmete tepkisini dile getirirken \u015funlar\u0131 s\u00f6yledi:<\/p>\n<p style=\"text-align: justify;\">\u201cH\u00fck\u00fcmet s\u00fcr\u00fcm s\u00fcr\u00fcm s\u00fcr\u00fcn. H\u00fck\u00fcmet d\u00f6rt \u00e7apulcuyla ba\u015f edemiyorsan ben ba\u015fka ne diyeyim. Koca bir devletin var, koca bir milletin var. D\u00f6rt tane \u00e7apulcu, devleti yok, milleti yok. D\u00f6rt \u00e7apulcu ile ba\u015fademiyorsa, yaz\u0131klar olsun. Biz sava\u015fmad\u0131k m\u0131?, bu millet sava\u015fmad\u0131 m\u0131, biz de gideriz oraya. Analar\u0131m\u0131z, bac\u0131lar\u0131m\u0131z kazma ile k\u00fcrek ile sopa ile sava\u015fmad\u0131 m\u0131? Hep beraber sava\u015fmad\u0131k m\u0131?. Ter\u00f6r giderek daha da \u00e7o\u011fal\u0131yor. 20 tane Meclis\u2019te grup kurmu\u015f, 60 tane de AK Parti\u2019nin i\u00e7inde var. Bunlar PKK\u2019l\u0131 ter\u00f6rist. Her g\u00fcn \u015fehit, her g\u00fcn \u015fehit. Samsun\u2019da biri bir yumruk vurdu, taaa Amerika\u2019dan telefon a\u00e7\u0131p, ba\u015fsa\u011fl\u0131\u011f\u0131 diliyor. Ondan sonra 15 tane \u015fehit var. Niye birine gidip de \u0130\u00e7i\u015fleri Bakan\u0131 ba\u015fsa\u011fl\u0131\u011f\u0131 dilemedi. Kula\u011f\u0131m sa\u011f\u0131r de\u011fil, g\u00f6z\u00fcm de g\u00f6r\u00fcyor. Sen duydunmu hi\u00e7 \u0130\u00e7i\u015fleri Bakan\u0131\u2019n\u0131n bir \u015fehit cenazesine kat\u0131ld\u0131\u011f\u0131n\u0131 Allah i\u00e7in. Ben bir millet isem, k\u00f6k\u00fcn\u00fc kaz\u0131r\u0131m. \u0130srail\u2019e bak, g\u00f6r\u00fcyon i\u015fte. Ben \u00e7ok duyguluyum, metanetliyim, ama hazmedemiyorum. Bu \u00e7ocu\u011fun su\u00e7u bu devlete, bu millete hizmet etmek mi?\u201d<\/p>\n<p style=\"text-align: justify;\">Jandarma ekipleri taraf\u0131ndan Belkavak K\u00f6y\u00fc\u2019nden al\u0131nan \u015fehit ailesi, Yerk\u00f6y \u0130l\u00e7esi\u2019ndeki evlerine getirildi. \u015eehidin baba evi, T\u00fcrk bayraklar\u0131 ile donat\u0131ld\u0131. Fenal\u0131k ge\u00e7iren \u015fehit askerin babaannesi Sultan, torunlar\u0131 taraf\u0131ndan kucakta eve ta\u015f\u0131nd\u0131. Ailenin en k\u00fc\u00e7\u00fck o\u011flu olan \u015fehit Mehmet Tez\u2019in, Fatih ve Sultan adlar\u0131nda iki karde\u015fi daha bulunuyor.<\/p>\n<p style=\"text-align: justify;\"><a href=\"http:\/\/www9.gazetevatan.com\/sehit-babasi-isyan-etti\/311555\/1\/Gundem\" target=\"_blank\"><span style=\"color: #888888;\">Kaynak : Harun G\u00d6K\u00c7EO\u011eLU \/ DHA ( VATAN )<\/span><\/a><\/p>\n","protected":false},"excerpt":{"rendered":"<p style=\"text-align: center;\">\n<p style=\"text-align: justify;\">\u015eehidin babas\u0131ndan tepki: &#8220;D\u00f6rt \u00e7apulcuyla ba\u015fedemiyorsan yaz\u0131klar olsun&#8220;<\/p>\n<p style=\"text-align: justify;\">\u015eIRNAK\u2019\u0131n Uludere \u0130l\u00e7esi\u2019nde g\u00fcvenlik g\u00fc\u00e7leri ile ter\u00f6ristler aras\u0131nda \u00e7\u0131kan \u00e7at\u0131\u015fmada \u015fehit olan Piyade uzman \u00c7avu\u015f 24 ya\u015f\u0131ndaki Mehmet Tez\u2019in \u015fehit d\u00fc\u015ft\u00fc\u011f\u00fc haberi, babas\u0131 Rasim Tez\u2019e hasat i\u00e7in gitti\u011fi Yerk\u00f6y \u0130l\u00e7esi\u2019ne ba\u011fl\u0131 Belkavak K\u00f6y\u00fc\u2019ndeki evinde Yozgat \u0130l Jandarma Komutan\u0131 Binba\u015f\u0131 S\u00fcleyman <\/p>\n","protected":false},"author":1,"featured_media":0,"comment_status":"open","ping_status":"closed","sticky":false,"template":"","format":"standard","meta":{"footnotes":""},"categories":[105],"tags":[],"class_list":["post-23620","post","type-post","status-publish","format-standard","hentry","category-gundem","odd"],"_links":{"self":[{"href":"http:\/\/www.korhanyilmaz.com\/index.php?rest_route=\/wp\/v2\/posts\/23620","targetHints":{"allow":["GET"]}}],"collection":[{"href":"http:\/\/www.korhanyilmaz.com\/index.php?rest_route=\/wp\/v2\/posts"}],"about":[{"href":"http:\/\/www.korhanyilmaz.com\/index.php?rest_route=\/wp\/v2\/types\/post"}],"author":[{"embeddable":true,"href":"http:\/\/www.korhanyilmaz.com\/index.php?rest_route=\/wp\/v2\/users\/1"}],"replies":[{"embeddable":true,"href":"http:\/\/www.korhanyilmaz.com\/index.php?rest_route=%2Fwp%2Fv2%2Fcomments&post=23620"}],"version-history":[{"count":0,"href":"http:\/\/www.korhanyilmaz.com\/index.php?rest_route=\/wp\/v2\/posts\/23620\/revisions"}],"wp:attachment":[{"href":"http:\/\/www.korhanyilmaz.com\/index.php?rest_route=%2Fwp%2Fv2%2Fmedia&parent=23620"}],"wp:term":[{"taxonomy":"category","embeddable":true,"href":"http:\/\/www.korhanyilmaz.com\/index.php?rest_route=%2Fwp%2Fv2%2Fcategories&post=23620"},{"taxonomy":"post_tag","embeddable":true,"href":"http:\/\/www.korhanyilmaz.com\/index.php?rest_route=%2Fwp%2Fv2%2Ftags&post=23620"}],"curies":[{"name":"wp","href":"https:\/\/api.w.org\/{rel}","templated":true}]}}