{"id":23610,"date":"2010-06-15T17:27:35","date_gmt":"2010-06-15T17:27:35","guid":{"rendered":"http:\/\/www.korhanyilmaz.com\/?p=23610"},"modified":"2010-06-15T17:27:35","modified_gmt":"2010-06-15T17:27:35","slug":"erdogan%e2%80%99in-tazminat-davasina-ret","status":"publish","type":"post","link":"http:\/\/www.korhanyilmaz.com\/?p=23610","title":{"rendered":"Erdo\u011fan\u2019\u0131n tazminat davas\u0131na ret"},"content":{"rendered":"<p style=\"text-align: center;\"><a href=\"http:\/\/www.korhanyilmaz.com\/wp-content\/uploads\/2010\/06\/029.jpg\"  class=\"lightview\"><img loading=\"lazy\" decoding=\"async\" class=\"aligncenter size-full wp-image-23611\" src=\"http:\/\/www.korhanyilmaz.com\/wp-content\/uploads\/2010\/06\/029.jpg\" alt=\"\" width=\"348\" height=\"218\" \/><\/a><\/p>\n<p style=\"text-align: justify;\">ANKARA &#8211; Ba\u015fbakan Recep Tayyip Erdo\u011fan&#8217;\u0131n, TBMM&#8217;de d\u00fczenledi\u011fi bas\u0131n toplant\u0131s\u0131nda sarf etti\u011fi s\u00f6zlerle &#8221;ki\u015filik haklar\u0131na sald\u0131r\u0131da&#8221; bulundu\u011fu iddias\u0131yla Elaz\u0131\u011f ba\u011f\u0131ms\u0131z milletvekili Feyzi \u0130\u015fba\u015faran aleyhinde a\u00e7t\u0131\u011f\u0131 30 bin TL&#8217;lik manevi tazminat davas\u0131 reddedildi.<\/p>\n<p style=\"text-align: justify;\">Ankara 21. Asliye Hukuk Mahkemesi\u2019nde g\u00f6r\u00fclen davan\u0131n karar duru\u015fmas\u0131na, Erdo\u011fan&#8217;\u0131n avukat\u0131 Muammer Cemalo\u011flu ile \u0130\u015fba\u015faran&#8217;\u0131n avukat\u0131 \u015e\u00fckr\u00fc Evrim \u0130nal kat\u0131ld\u0131. <!--more--><\/p>\n<p style=\"text-align: justify;\">Avukat Cemalo\u011flu, dava konusu ifadelerle m\u00fcvekkili Erdo\u011fan&#8217;\u0131n &#8221;ki\u015filik haklar\u0131n\u0131n ihlal edildi\u011fini&#8221; savunarak, davan\u0131n kabul edilmesini talep etti.<\/p>\n<p style=\"text-align: justify;\">Avukat \u0130nal ise s\u00f6z konusu beyanlar\u0131n, &#8221;ifade \u00f6zg\u00fcrl\u00fc\u011f\u00fc \u00e7er\u00e7evesinde ve hukuka uygun siyasi ele\u015ftiri niteli\u011finde oldu\u011funu&#8221; ileri s\u00fcrerek, davan\u0131n reddine karar verilmesini istedi.<\/p>\n<p style=\"text-align: justify;\">Yarg\u0131\u00e7 Ahmet Metin T\u00f6z\u00fcn, davan\u0131n reddine karar verdi.<\/p>\n<p style=\"text-align: justify;\"><span style=\"color: #888888;\">ntvmsnbc<\/span><\/p>\n","protected":false},"excerpt":{"rendered":"<p style=\"text-align: center;\">\n<p style=\"text-align: justify;\">ANKARA &#8211; Ba\u015fbakan Recep Tayyip Erdo\u011fan&#8217;\u0131n, TBMM&#8217;de d\u00fczenledi\u011fi bas\u0131n toplant\u0131s\u0131nda sarf etti\u011fi s\u00f6zlerle &#8221;ki\u015filik haklar\u0131na sald\u0131r\u0131da&#8221; bulundu\u011fu iddias\u0131yla Elaz\u0131\u011f ba\u011f\u0131ms\u0131z milletvekili Feyzi \u0130\u015fba\u015faran aleyhinde a\u00e7t\u0131\u011f\u0131 30 bin TL&#8217;lik manevi tazminat davas\u0131 reddedildi.<\/p>\n<p style=\"text-align: justify;\">Ankara 21. Asliye Hukuk Mahkemesi\u2019nde g\u00f6r\u00fclen davan\u0131n karar duru\u015fmas\u0131na, Erdo\u011fan&#8217;\u0131n avukat\u0131 Muammer Cemalo\u011flu ile \u0130\u015fba\u015faran&#8217;\u0131n avukat\u0131 <\/p>\n","protected":false},"author":1,"featured_media":0,"comment_status":"open","ping_status":"closed","sticky":false,"template":"","format":"standard","meta":{"footnotes":""},"categories":[105],"tags":[],"class_list":["post-23610","post","type-post","status-publish","format-standard","hentry","category-gundem","odd"],"_links":{"self":[{"href":"http:\/\/www.korhanyilmaz.com\/index.php?rest_route=\/wp\/v2\/posts\/23610","targetHints":{"allow":["GET"]}}],"collection":[{"href":"http:\/\/www.korhanyilmaz.com\/index.php?rest_route=\/wp\/v2\/posts"}],"about":[{"href":"http:\/\/www.korhanyilmaz.com\/index.php?rest_route=\/wp\/v2\/types\/post"}],"author":[{"embeddable":true,"href":"http:\/\/www.korhanyilmaz.com\/index.php?rest_route=\/wp\/v2\/users\/1"}],"replies":[{"embeddable":true,"href":"http:\/\/www.korhanyilmaz.com\/index.php?rest_route=%2Fwp%2Fv2%2Fcomments&post=23610"}],"version-history":[{"count":0,"href":"http:\/\/www.korhanyilmaz.com\/index.php?rest_route=\/wp\/v2\/posts\/23610\/revisions"}],"wp:attachment":[{"href":"http:\/\/www.korhanyilmaz.com\/index.php?rest_route=%2Fwp%2Fv2%2Fmedia&parent=23610"}],"wp:term":[{"taxonomy":"category","embeddable":true,"href":"http:\/\/www.korhanyilmaz.com\/index.php?rest_route=%2Fwp%2Fv2%2Fcategories&post=23610"},{"taxonomy":"post_tag","embeddable":true,"href":"http:\/\/www.korhanyilmaz.com\/index.php?rest_route=%2Fwp%2Fv2%2Ftags&post=23610"}],"curies":[{"name":"wp","href":"https:\/\/api.w.org\/{rel}","templated":true}]}}