{"id":23605,"date":"2010-06-15T17:16:52","date_gmt":"2010-06-15T17:16:52","guid":{"rendered":"http:\/\/www.korhanyilmaz.com\/?p=23605"},"modified":"2010-06-15T17:16:52","modified_gmt":"2010-06-15T17:16:52","slug":"cihanerin-dosyasi-bu-sefer-de-istanbula-gonderildi","status":"publish","type":"post","link":"http:\/\/www.korhanyilmaz.com\/?p=23605","title":{"rendered":"Cihaner&#8217;in dosyas\u0131 bu sefer de \u0130stanbul&#8217;a g\u00f6nderildi"},"content":{"rendered":"<p><a href=\"http:\/\/www.korhanyilmaz.com\/wp-content\/uploads\/2010\/06\/028.jpg\"  class=\"lightview\"><img loading=\"lazy\" decoding=\"async\" class=\"aligncenter size-full wp-image-23606\" src=\"http:\/\/www.korhanyilmaz.com\/wp-content\/uploads\/2010\/06\/028.jpg\" alt=\"\" width=\"333\" height=\"259\" \/><\/a><\/p>\n<p style=\"text-align: justify;\">Erzincan Ba\u015fsavc\u0131s\u0131 \u0130lhan Cihaner&#8217;in &#8220;Ergenekon ter\u00f6r \u00f6rg\u00fct\u00fc \u00fcyesi olmak&#8221; su\u00e7lamas\u0131yla yarg\u0131land\u0131\u011f\u0131 dava dosyas\u0131 \u0130stanbul 13. A\u011f\u0131r Ceza Mahkemesi&#8217;ne g\u00f6nderildi.<\/p>\n<p style=\"text-align: justify;\">ANKARA- Yarg\u0131tay 11. Ceza Dairesi, Cihaner\u2019in &#8220;g\u00f6revi k\u00f6t\u00fcye kullanma&#8221;, &#8220;evrakta sahtecilik&#8221; ve &#8220;imar kirlili\u011fine neden olmak&#8221; su\u00e7lamas\u0131yla yarg\u0131land\u0131\u011f\u0131 davan\u0131n son duru\u015fmas\u0131nda, Erzurum 2. A\u011f\u0131r Ceza Mahkemesinde g\u00f6r\u00fclen Cihaner\u2019in &#8220;Ergenekon ter\u00f6r \u00f6rg\u00fct\u00fc \u00fcyesi olmak&#8221; su\u00e7lamas\u0131yla yarg\u0131land\u0131\u011f\u0131 dava dosyas\u0131n\u0131n, \u0130stanbul 13. A\u011f\u0131r Ceza Mahkemesi\u2019nde devam eden &#8220;irtica ile m\u00fccadele eylem plan\u0131&#8221; dava dosyas\u0131 ile birle\u015ftirme kararlar\u0131na yap\u0131lan itiraz\u0131n Diyarbak\u0131r A\u011f\u0131r Ceza Mahkemesi\u2019nde de\u011ferlendirildikten sonra &#8220;ivedi&#8221; \u015fekilde \u00f6zel kurye ile Daire\u2019ye g\u00f6nderilmesine karar vermi\u015fti.<!--more--><\/p>\n<p style=\"text-align: justify;\">Erzurum 2. A\u011f\u0131r Ceza Mahkemesindeki dava dosyas\u0131n\u0131n istenilmesinin \u00fczerinden uzun s\u00fcre ge\u00e7mesine ra\u011fmen dava dosyas\u0131n\u0131n g\u00f6nderilmedi\u011fini belirten Daire karar\u0131nda Erzurum 2. A\u011f\u0131r Ceza Mahkemesince davaya ili\u015fkin daha \u00f6nce g\u00f6nderilen CD\u2019lerin Daire kaleminde ka\u011f\u0131t ortam\u0131na aktar\u0131ld\u0131ktan sonra heyet\u00e7e incelenmesine karar verildi\u011fini a\u00e7\u0131klanm\u0131\u015ft\u0131. Daire ayr\u0131ca, \u0130stanbul 13. A\u011f\u0131r Ceza Mahkemesinden g\u00f6nderilen &#8220;\u0130rticayla M\u00fccadele Eylem Plan\u0131&#8221; davas\u0131n\u0131n dosyas\u0131n\u0131n da incelenmesine devam edilmesine karar verildi\u011fini de belirtmi\u015fti.<\/p>\n<p style=\"text-align: justify;\"><strong><span style=\"color: #000000;\">DOSYA \u0130STANBUL\u2019DA<\/span><\/strong><\/p>\n<p style=\"text-align: justify;\">M\u00fc\u015fteki Ahmet Demir\u2019in, Erzurum 2. A\u011f\u0131r Ceza Mahkemesi\u2019ndeki &#8220;Silahl\u0131 ter\u00f6r \u00f6rg\u00fct\u00fc&#8221; davas\u0131yla ile ilgili yapt\u0131\u011f\u0131 &#8220;Reddi Hakim&#8221; talebini ikinci kez inceleyen Diyarbak\u0131r 4. A\u011f\u0131r Ceza Mahkemesi, talebi reddederek dosyay\u0131 d\u00fcn tekrar Erzurum 2. A\u011f\u0131r Ceza Mahkemesine geri g\u00f6nderdi. Bunun \u00fczerine, Erzurum 2. A\u011f\u0131r Ceza Mahkemesi, Cihaner dosyas\u0131n\u0131 Ergenekon savc\u0131lar\u0131na g\u00f6nderdi.<\/p>\n<p style=\"text-align: justify;\">B\u00f6ylece soru\u015fturma a\u015famas\u0131nda dosya, hakk\u0131nda &#8220;yetkisizlik&#8221; karar\u0131 verilen Osman \u015eenal taraf\u0131ndan &#8220;Ergenekon&#8221; savc\u0131lar\u0131na g\u00f6nderilmesinin ard\u0131ndan ikinci kez \u0130stanbul\u2019a gitmi\u015f oldu.<\/p>\n<p style=\"text-align: justify;\"><span style=\"color: #888888;\">Radikal<\/span><\/p>\n","protected":false},"excerpt":{"rendered":"<\/p>\n<p style=\"text-align: justify;\">Erzincan Ba\u015fsavc\u0131s\u0131 \u0130lhan Cihaner&#8217;in &#8220;Ergenekon ter\u00f6r \u00f6rg\u00fct\u00fc \u00fcyesi olmak&#8221; su\u00e7lamas\u0131yla yarg\u0131land\u0131\u011f\u0131 dava dosyas\u0131 \u0130stanbul 13. A\u011f\u0131r Ceza Mahkemesi&#8217;ne g\u00f6nderildi.<\/p>\n<p style=\"text-align: justify;\">ANKARA- Yarg\u0131tay 11. Ceza Dairesi, Cihaner\u2019in &#8220;g\u00f6revi k\u00f6t\u00fcye kullanma&#8221;, &#8220;evrakta sahtecilik&#8221; ve &#8220;imar kirlili\u011fine neden olmak&#8221; su\u00e7lamas\u0131yla yarg\u0131land\u0131\u011f\u0131 davan\u0131n son duru\u015fmas\u0131nda, Erzurum 2. A\u011f\u0131r Ceza Mahkemesinde g\u00f6r\u00fclen Cihaner\u2019in &#8220;Ergenekon ter\u00f6r \u00f6rg\u00fct\u00fc <\/p>\n","protected":false},"author":1,"featured_media":0,"comment_status":"open","ping_status":"closed","sticky":false,"template":"","format":"standard","meta":{"footnotes":""},"categories":[105],"tags":[],"class_list":["post-23605","post","type-post","status-publish","format-standard","hentry","category-gundem","odd"],"_links":{"self":[{"href":"http:\/\/www.korhanyilmaz.com\/index.php?rest_route=\/wp\/v2\/posts\/23605","targetHints":{"allow":["GET"]}}],"collection":[{"href":"http:\/\/www.korhanyilmaz.com\/index.php?rest_route=\/wp\/v2\/posts"}],"about":[{"href":"http:\/\/www.korhanyilmaz.com\/index.php?rest_route=\/wp\/v2\/types\/post"}],"author":[{"embeddable":true,"href":"http:\/\/www.korhanyilmaz.com\/index.php?rest_route=\/wp\/v2\/users\/1"}],"replies":[{"embeddable":true,"href":"http:\/\/www.korhanyilmaz.com\/index.php?rest_route=%2Fwp%2Fv2%2Fcomments&post=23605"}],"version-history":[{"count":0,"href":"http:\/\/www.korhanyilmaz.com\/index.php?rest_route=\/wp\/v2\/posts\/23605\/revisions"}],"wp:attachment":[{"href":"http:\/\/www.korhanyilmaz.com\/index.php?rest_route=%2Fwp%2Fv2%2Fmedia&parent=23605"}],"wp:term":[{"taxonomy":"category","embeddable":true,"href":"http:\/\/www.korhanyilmaz.com\/index.php?rest_route=%2Fwp%2Fv2%2Fcategories&post=23605"},{"taxonomy":"post_tag","embeddable":true,"href":"http:\/\/www.korhanyilmaz.com\/index.php?rest_route=%2Fwp%2Fv2%2Ftags&post=23605"}],"curies":[{"name":"wp","href":"https:\/\/api.w.org\/{rel}","templated":true}]}}