{"id":23601,"date":"2010-06-15T10:55:07","date_gmt":"2010-06-15T10:55:07","guid":{"rendered":"http:\/\/www.korhanyilmaz.com\/?p=23601"},"modified":"2010-06-15T10:55:07","modified_gmt":"2010-06-15T10:55:07","slug":"baykal-arincin-sozleri-hem-itiraf-hem-tehdit","status":"publish","type":"post","link":"http:\/\/www.korhanyilmaz.com\/?p=23601","title":{"rendered":"Baykal: Ar\u0131n\u00e7&#8217;\u0131n s\u00f6zleri hem itiraf hem tehdit"},"content":{"rendered":"<p style=\"text-align: center;\"><a href=\"http:\/\/www.korhanyilmaz.com\/wp-content\/uploads\/2010\/06\/027.jpeg\"  class=\"lightview\"><img loading=\"lazy\" decoding=\"async\" class=\"aligncenter size-full wp-image-23602\" src=\"http:\/\/www.korhanyilmaz.com\/wp-content\/uploads\/2010\/06\/027.jpeg\" alt=\"\" width=\"321\" height=\"214\" \/><\/a><\/p>\n<p style=\"text-align: justify;\">Eski CHP Genel Ba\u015fkan\u0131 Deniz Baykal, Ba\u015fbakan Yard\u0131mc\u0131s\u0131 B\u00fclent Ar\u0131n\u00e7&#8217;\u0131n &#8216;K\u0131l\u0131\u00e7daro\u011flu \u00e7ok konu\u015fmas\u0131n, kimsenin avukatl\u0131\u011f\u0131n\u0131 yapmas\u0131n. Baykal da birilerinin avukatl\u0131\u011f\u0131n\u0131 yapt\u0131, bak ba\u015f\u0131na neler geldi&#8217; \u015feklindeki a\u00e7\u0131klamalar\u0131n\u0131 &#8216;hem itiraf, hem tehdit&#8217; \u015feklinde yorumlad\u0131. <!--more--><\/p>\n<p style=\"text-align: justify;\">\u0130STANBUL &#8211; U\u011fur D\u00fcndar\u2019\u0131n haz\u0131rlay\u0131p sundu\u011fu &#8216;Arena&#8217; program\u0131na kat\u0131lan Baykal, \u201cEksen kaymas\u0131\u201d tart\u0131\u015fmalar\u0131yla ilgili bir soru \u00fczerine T\u00fcrkiye\u2019nin izledi\u011fi d\u0131\u015f politika ile ilgili bir teredd\u00fct ve sorgulama i\u00e7ine girdi\u011fini ve yeni aray\u0131\u015flara y\u00f6neldi\u011fini kaydederek, \u201cBunda da yanl\u0131\u015f bir \u015fey yoktur. \u00d6nemli olan bunun \u00e7ok sa\u011flam de\u011ferlendirmelere ve sa\u011flam verilere dayal\u0131 olarak g\u00f6t\u00fcr\u00fclmesidir\u201d dedi. \u0130srail\u2019in Gazze politikas\u0131na kar\u015f\u0131 d\u00fcnyada b\u00fcy\u00fck bir tepki oldu\u011funu s\u00f6yleyen Baykal, \u201cT\u00fcrkiye\u2019nin bu tablo kar\u015f\u0131s\u0131nda d\u00fc\u011fmeye bas\u0131p harekete ge\u00e7mesi, fiilen olaya m\u00fcdahil olmas\u0131 \u00e7ok \u00f6nemli bir karard\u0131r\u201d diye konu\u015ftu.<\/p>\n<p style=\"text-align: justify;\">T\u00fcrk insanlar\u0131n\u0131n bu olaya kar\u015f\u0131 hayatlar\u0131n\u0131 riske ederek tepki g\u00f6sterme ihtiya\u00e7lar\u0131n\u0131 fevkalede sayg\u0131de\u011fer buldu\u011funu kaydeden Baykal, ancak h\u00fck\u00fcmetin i\u015fin i\u00e7ine kar\u0131\u015fmas\u0131n\u0131 \u00e7ok yanl\u0131\u015f buldu\u011funu kaydetti. H\u00fck\u00fcmetin, M\u0130T\u2019in ve devletin b\u00fct\u00fcn kurumlar\u0131n\u0131n i\u015fin i\u00e7inde oldu\u011funu kaydeden Baykal, \u015f\u00f6yle konu\u015ftu: \u201cH\u00fck\u00fcmet de i\u015fin i\u00e7inde, milletvekili de i\u015fin i\u00e7inde. Ama de\u011filmi\u015f gibi g\u00f6z\u00fck\u00fcyor. Kimse kimseyi aldatmas\u0131n.\u201d<\/p>\n<p style=\"text-align: justify;\"><strong>&#8216;\u0130SRA\u0130L&#8217;\u0130N SALDIRISI A\u011eIR B\u0130R YEN\u0130LG\u0130&#8217;<\/strong><\/p>\n<p style=\"text-align: justify;\">H\u00fck\u00fcmetin i\u015fin i\u00e7ine kar\u0131\u015fmas\u0131n\u0131n T\u00fcrkiye\u2019yi \u00e7ok zor duruma soktu\u011funu belirten Baykal, \u201cG\u00fcney K\u0131br\u0131s\u2019\u0131n gemilerin ge\u00e7i\u015fine izin vermedi. Biliyor ki \u0130srail bir yanl\u0131\u015f yap\u0131yor, herkesin tepkisini \u00e7ekiyor ama, o yanl\u0131\u015fla ben devlet olarak, muhatap olmaya kalkarsam, ba\u015fka bir s\u00fcre\u00e7 i\u015fleyecek. Bak\u0131n Amerika\u2019dan say\u0131n Fethullah G\u00fclen \u2018\u0130srail\u2019den izin al\u0131n diyor\u2019. Niye? \u0130\u015fte bunun i\u00e7in\u201d dedi.<\/p>\n<p style=\"text-align: justify;\">Olayda 9 yurtta\u015f\u0131m\u0131z\u0131n kabul edilemez \u015fartlarda \u00f6ld\u00fc\u011f\u00fcn\u00fc hat\u0131rlatan Baykal, \u201cBu i\u015fin sorumlusu h\u00fck\u00fcmet midir?\u201d sorusunu, \u201c\u0130srail yapt\u0131, ama bunu organize etmi\u015f olan h\u00fck\u00fcmet nas\u0131l sorumlusu olmas\u0131n. Bu a\u011f\u0131r bir yenilgidir. Bu bir faciad\u0131r. H\u00fck\u00fcmet bu konuda ezilmi\u015ftir. Bu eziklik duygusu, art\u0131k en ileri su\u00e7lamalar\u0131, hakaretleri yapmaya te\u015fvik ediyor, oradan da bir \u015fey \u00e7\u0131km\u0131yor\u201d dedi.<\/p>\n<p style=\"text-align: justify;\"><strong>&#8216;CHP BUNLARA BOYUN E\u011eMEZ&#8217;<\/strong><\/p>\n<p style=\"text-align: justify;\">Ba\u015fbakan Yard\u0131mc\u0131s\u0131 B\u00fclent Ar\u0131n\u00e7\u2019\u0131n \u201cCHP Genel Ba\u015fkan\u0131 Kemal K\u0131l\u0131\u00e7daro\u011flu \u00e7ok konu\u015fmas\u0131n, kimsenin avukatl\u0131\u011f\u0131n\u0131 yapmas\u0131n, Baykal da birilerinin avukatl\u0131\u011f\u0131n\u0131 yapt\u0131, bak ba\u015f\u0131na neler geldi\u201d \u015feklindeki s\u00f6zlerinin hat\u0131rlat\u0131lmas\u0131 \u00fczerine Baykal, \u201cMaalesef bu de\u011ferlendirme siyasi hayat\u0131m\u0131zda, gereken bi\u00e7imde irdelenmedi, ele al\u0131namad\u0131, \u00e7\u00fcnk\u00fc bu de\u011ferlendirmenin alt\u0131nda bir itiraf yat\u0131yor, bir de tehdit yat\u0131yor\u201d dedi.<\/p>\n<p style=\"text-align: justify;\">Baykal kendisiyle ilgili olarak ya\u015fanan olayda, h\u00fck\u00fcmetin a\u011f\u0131r bir sorumluluk ta\u015f\u0131d\u0131\u011f\u0131 kan\u0131s\u0131nda oldu\u011funu belirterek, \u201cBa\u015fbakan\u2019\u0131n bilgisi ve onay\u0131 dahilinde birtak\u0131m \u015feylerin yap\u0131ld\u0131\u011f\u0131 kan\u0131s\u0131nday\u0131m. Her ge\u00e7en g\u00fcn, bunun b\u00f6yle oldu\u011fu daha \u00e7ok ortaya \u00e7\u0131k\u0131yor. Kemal Beye y\u00f6nelik olarak da tehdit vard\u0131r. Yani senin de ba\u015f\u0131na bir \u00e7orap \u00f6reriz. Bunlar AKP\u2019nin i\u00e7inde girdi\u011fi s\u0131k\u0131nt\u0131n\u0131n ifadesidir. Ama CHP buna teslim olmaz, bundan hi\u00e7 ku\u015fku duymuyorum\u201d dedi.<\/p>\n<p style=\"text-align: justify;\"><strong>&#8216;TSK; CHP&#8217;N\u0130N ARKA BAH\u00c7ES\u0130 OLMADI&#8217;<\/strong><\/p>\n<p style=\"text-align: justify;\">Ar\u0131n\u00e7\u2019\u0131n \u201cTSK art\u0131k CHP\u2019nin arka bah\u00e7esi de\u011fildir\u201d s\u00f6zlerini de\u011ferlendiren Baykal, \u201cHi\u00e7bir zaman TSK, CHP\u2019nin arka bah\u00e7esi olmam\u0131\u015ft\u0131r. CHP hi\u00e7bir zaman TSK\u2019ye b\u00f6yle bir bekleyi\u015f, aray\u0131\u015f i\u00e7inde kesinlikle olmam\u0131\u015ft\u0131r. Bunlar\u0131n her birisi ger\u00e7e\u011fe ayk\u0131r\u0131 olmas\u0131 bir yana, yak\u0131\u015f\u0131ks\u0131z, TSK\u2019ye zarar veren, T\u00fcrk demokrasisine zarar veren, haks\u0131z ithamlard\u0131r. Hi\u00e7bir temeli, asl\u0131 astar\u0131 yoktur. Silahl\u0131 Kuvvetler\u2019le ili\u015fkimiz daima mesafeli olmu\u015ftur\u201d dedi.<\/p>\n<p style=\"text-align: justify;\"><span style=\"color: #888888;\">CNN T\u00dcRK<\/span><\/p>\n","protected":false},"excerpt":{"rendered":"<p style=\"text-align: center;\">\n<p style=\"text-align: justify;\">Eski CHP Genel Ba\u015fkan\u0131 Deniz Baykal, Ba\u015fbakan Yard\u0131mc\u0131s\u0131 B\u00fclent Ar\u0131n\u00e7&#8217;\u0131n &#8216;K\u0131l\u0131\u00e7daro\u011flu \u00e7ok konu\u015fmas\u0131n, kimsenin avukatl\u0131\u011f\u0131n\u0131 yapmas\u0131n. Baykal da birilerinin avukatl\u0131\u011f\u0131n\u0131 yapt\u0131, bak ba\u015f\u0131na neler geldi&#8217; \u015feklindeki a\u00e7\u0131klamalar\u0131n\u0131 &#8216;hem itiraf, hem tehdit&#8217; \u015feklinde yorumlad\u0131. <\/p>\n","protected":false},"author":1,"featured_media":0,"comment_status":"open","ping_status":"closed","sticky":false,"template":"","format":"standard","meta":{"footnotes":""},"categories":[105],"tags":[],"class_list":["post-23601","post","type-post","status-publish","format-standard","hentry","category-gundem","odd"],"_links":{"self":[{"href":"http:\/\/www.korhanyilmaz.com\/index.php?rest_route=\/wp\/v2\/posts\/23601","targetHints":{"allow":["GET"]}}],"collection":[{"href":"http:\/\/www.korhanyilmaz.com\/index.php?rest_route=\/wp\/v2\/posts"}],"about":[{"href":"http:\/\/www.korhanyilmaz.com\/index.php?rest_route=\/wp\/v2\/types\/post"}],"author":[{"embeddable":true,"href":"http:\/\/www.korhanyilmaz.com\/index.php?rest_route=\/wp\/v2\/users\/1"}],"replies":[{"embeddable":true,"href":"http:\/\/www.korhanyilmaz.com\/index.php?rest_route=%2Fwp%2Fv2%2Fcomments&post=23601"}],"version-history":[{"count":0,"href":"http:\/\/www.korhanyilmaz.com\/index.php?rest_route=\/wp\/v2\/posts\/23601\/revisions"}],"wp:attachment":[{"href":"http:\/\/www.korhanyilmaz.com\/index.php?rest_route=%2Fwp%2Fv2%2Fmedia&parent=23601"}],"wp:term":[{"taxonomy":"category","embeddable":true,"href":"http:\/\/www.korhanyilmaz.com\/index.php?rest_route=%2Fwp%2Fv2%2Fcategories&post=23601"},{"taxonomy":"post_tag","embeddable":true,"href":"http:\/\/www.korhanyilmaz.com\/index.php?rest_route=%2Fwp%2Fv2%2Ftags&post=23601"}],"curies":[{"name":"wp","href":"https:\/\/api.w.org\/{rel}","templated":true}]}}