{"id":23595,"date":"2010-06-15T15:19:31","date_gmt":"2010-06-15T15:19:31","guid":{"rendered":"http:\/\/www.korhanyilmaz.com\/?p=23595"},"modified":"2010-06-15T15:19:31","modified_gmt":"2010-06-15T15:19:31","slug":"bdpden-basbakana-ocalan-mitle-gorusmedi-dersen-yalancisin","status":"publish","type":"post","link":"http:\/\/www.korhanyilmaz.com\/?p=23595","title":{"rendered":"BDP&#8217;den Ba\u015fbakan&#8217;a: \u00d6calan, M\u0130T&#8217;le g\u00f6r\u00fc\u015fmedi dersen yalanc\u0131s\u0131n"},"content":{"rendered":"<p style=\"text-align: center;\"><a href=\"http:\/\/www.korhanyilmaz.com\/wp-content\/uploads\/2010\/06\/026.jpeg\"  class=\"lightview\"><img loading=\"lazy\" decoding=\"async\" class=\"aligncenter size-full wp-image-23596\" src=\"http:\/\/www.korhanyilmaz.com\/wp-content\/uploads\/2010\/06\/026.jpeg\" alt=\"\" width=\"284\" height=\"225\" \/><\/a><\/p>\n<p style=\"text-align: justify;\">BDP Ba\u015fkan\u0131 Demirta\u015f, Erdo\u011fan&#8217;a y\u00fcklendi: &#8216;Analar\u0131n g\u00f6zya\u015f\u0131 dinecek&#8217; derken topluma kar\u015f\u0131 hamaset yap\u0131yor, arkadan da t\u00fcrl\u00fc f\u0131r\u0131ldaklar \u00e7eviriyor. \u00d6calan-M\u0130T g\u00f6r\u00fc\u015fmesi olmam\u0131\u015f gibi davran\u0131rsa kendisini yalanc\u0131l\u0131kla itham ederim. <!--more--><\/p>\n<p style=\"text-align: justify;\">ANKARA &#8211; BDP Genel Ba\u015fkan\u0131 Selahattin Demirta\u015f, &#8220;Bizim politikam\u0131z\u0131n \u00f6z\u00fc, bar\u0131\u015fta \u0131srard\u0131r. Etnik \u00e7at\u0131\u015fma pe\u015finde ko\u015fanlar, bunun haz\u0131rl\u0131\u011f\u0131n\u0131 yapanlar avu\u00e7lar\u0131n\u0131 yalas\u0131nlar. Biz bar\u0131\u015f pe\u015finde ko\u015faca\u011f\u0131z&#8221; dedi.<\/p>\n<p style=\"text-align: justify;\">Demirta\u015f, grup toplant\u0131s\u0131nda yapt\u0131\u011f\u0131 konu\u015fmada, Ba\u015fbakan Recep Tayyip Erdo\u011fan\u2019\u0131n, AK Parti Grup Toplant\u0131s\u0131nda yapt\u0131\u011f\u0131 konu\u015fmay\u0131 dinlediklerini s\u00f6yledi.<\/p>\n<p style=\"text-align: justify;\">Ba\u015fbakan Erdo\u011fan\u2019\u0131n, kendi \u00fclkesindeki bir sorundan m\u0131 yoksa ba\u015fka \u00fclkedeki bir sorundan m\u0131 bahsetti\u011fini anlamad\u0131klar\u0131n\u0131 ifade eden Demirta\u015f, &#8220;Bir Ba\u015fbakan canl\u0131 yay\u0131nlarda toplumun kar\u015f\u0131s\u0131na \u00e7\u0131k\u0131p, milletin g\u00f6z\u00fcn\u00fcn i\u00e7ine baka baka yalan atabiliyorsa, o Ba\u015fbakan\u0131n siyaset anlay\u0131\u015f\u0131 iflas etmi\u015f demektir&#8221; dedi.<\/p>\n<p style=\"text-align: justify;\">Partisinin, bar\u0131\u015f i\u00e7in, analar\u0131n g\u00f6zya\u015f\u0131n\u0131n dinmesi i\u00e7in \u00e7ok \u00f6nemli \u00e7abalar sarfetti\u011fini anlatan Demirta\u015f, &#8220;Bunu halk\u0131m\u0131z ve kamuoyu \u00e7ok yak\u0131ndan biliyor. Bunu en iyi bilen siyaset\u00e7i Say\u0131n Ba\u015fbakan\u2019d\u0131r. Buna ra\u011fmen kameralar \u00f6n\u00fcnde kendi beceriksizli\u011fiyle \u00fclkeyi getirdi\u011fi noktan\u0131n sorumlulu\u011funu bize y\u00fcklemeye \u00e7al\u0131\u015f\u0131yor&#8221; diye konu\u015ftu.<\/p>\n<p style=\"text-align: justify;\">&#8220;Ba\u015fbakan Erdo\u011fan\u2019\u0131n, grup toplant\u0131s\u0131nda yapt\u0131\u011f\u0131 konu\u015fmada, bir anlamda BDP\u2019nin kapat\u0131lmas\u0131 y\u00f6n\u00fcnde talimat verdi\u011fini&#8221; \u00f6ne s\u00fcren Demirta\u015f, \u015f\u00f6yle konu\u015ftu: &#8220;Biz bunu anlar\u0131z. \u00c7\u00fcnk\u00fc DTP kapat\u0131lmadan \u00f6nce de bu tip konu\u015fmalar yapm\u0131\u015ft\u0131. K\u00fcrs\u00fcde s\u00fcrekli \u015fikayet etmesi, partisinin iktidardan d\u00fc\u015ft\u00fc\u011f\u00fc anlam\u0131na geliyor. 1 saattir konu\u015fuyor sadece \u015fikayet ediyor. \u2019A\u00e7\u0131l\u0131m\u0131, demokratikle\u015fmeyi engelliyorlar\u2019 diyor. Demokratikle\u015fme s\u00fcrecinde hangi somut \u00e7\u00f6z\u00fcm proje getirdin de kim engel oldu? Bir y\u0131ld\u0131r K\u00fcrt sorununu nas\u0131l \u00e7\u00f6zece\u011fini tart\u0131\u015f\u0131yorsun. A\u00e7\u0131l\u0131m s\u00fcreci ba\u015flad\u0131\u011f\u0131nda, \u2019T\u00fcrkiye bu mesele ile y\u00fczle\u015fmeli. Aya\u011f\u0131nda pranga olan bu meseleden kurtulmal\u0131\u2019 diyordun. Say\u0131n Ba\u015fbakan bug\u00fcn ise \u2019ter\u00f6rle m\u00fccadele kararl\u0131l\u0131kla s\u00fcrecektir\u2019 diyor. Bir y\u0131l \u00f6nce ba\u015flayan bizim de destek verdi\u011fimiz bu s\u00fcre\u00e7, bizim y\u00fcz\u00fcm\u00fczden mi sizin maskelerinizin d\u00fc\u015fmesinden mi bu hale geldi? Ba\u015fbakan, \u2019analar\u0131n g\u00f6zya\u015f\u0131 dinecek\u2019 derken topluma kar\u015f\u0131 hamaset yap\u0131yor, arkadan da t\u00fcrl\u00fc f\u0131r\u0131ldaklar \u00e7eviriyor. Ba\u015fbakan\u2019\u0131n \u00e7antas\u0131nda \u00e7\u00f6z\u00fcme dair tek c\u00fcmle yok. Gelinen noktada &#8220;ben demokratikle\u015fecektim, birileri engelledi\u2019 deniliyor. Bunun ad\u0131, en yal\u0131n haliyle yaland\u0131r. Bunu en iyi biz biliriz.<\/p>\n<p style=\"text-align: justify;\">\u0130ktidar i\u00e7in takke d\u00fc\u015ft\u00fc, kel g\u00f6r\u00fcnd\u00fc. Ger\u00e7ek y\u00fcz\u00fc ortaya \u00e7\u0131k\u0131nca bize sald\u0131rarak sorumluluktan kurtulmaya \u00e7al\u0131\u015f\u0131yor. Bar\u0131\u015f istiyorsan\u0131z BDP haz\u0131rd\u0131r. Biz \u00e7\u00f6z\u00fcme y\u00f6nelik en k\u00fc\u00e7\u00fck bar\u0131\u015f ad\u0131m\u0131n\u0131 desteklemeye y\u00fcrekten haz\u0131r\u0131z. Bir araya gelelim. Hem sizinle hem de ana muhalefet partisinin lideriyle. Konu\u015fal\u0131m, bar\u0131\u015fa gidecek yolu biz size g\u00f6sterece\u011fiz. Arkan\u0131zda medya, holdingler ve b\u00fcrokrasi olabilir ama tek bir \u015fey eksik o da arkan\u0131zda halk yok. O halk bizim arkam\u0131zda&#8221;<\/p>\n<p style=\"text-align: justify;\">Demirta\u015f, Ba\u015fbakan\u2019\u0131n b\u00f6lgede \u015fiddet oldu\u011funu o y\u00fczden yat\u0131r\u0131m yap\u0131lamad\u0131\u011f\u0131n\u0131 s\u00f6yledi\u011fini ve bunun do\u011fru olmad\u0131\u011f\u0131n\u0131 belirterek, &#8220;Bilin\u00e7li yoksulla\u015ft\u0131rma politikalar\u0131n\u0131n sorumlulu\u011funu ba\u015fka yerlere y\u00fcklemeye \u00e7al\u0131\u015f\u0131yor Say\u0131n Ba\u015fbakan&#8221;dedi. Demirta\u015f, Ba\u015fbakan\u2019\u0131n bu \u015fekilde konu\u015fmas\u0131n\u0131n hi\u00e7bir katk\u0131 sa\u011flamad\u0131\u011f\u0131n\u0131 ifade ederek, &#8220;Bizim politikam\u0131z\u0131n \u00f6z\u00fc, bar\u0131\u015fta \u0131srard\u0131r. Etnik \u00e7at\u0131\u015fma pe\u015finde ko\u015fanlar, bunun haz\u0131rl\u0131\u011f\u0131n\u0131 yapanlar avu\u00e7lar\u0131n\u0131 yalas\u0131nlar. Biz bar\u0131\u015f pe\u015finde ko\u015faca\u011f\u0131z. AKP ya kendisi y\u00fcrekten bar\u0131\u015f pe\u015finde ko\u015facak, \u00e7\u00f6z\u00fcme gelecek ya da kendisi \u00e7\u00f6z\u00fclecek.&#8221;<\/p>\n<p style=\"text-align: justify;\"><strong>D\u0130NSEL M\u0130LL\u0130YET\u00c7\u0130L\u0130\u011e\u0130N DAN\u0130SKASI YAPILIYOR<\/strong><\/p>\n<p style=\"text-align: justify;\">Selahattin Demirta\u015f, Ba\u015fbakan Erdo\u011fan\u2019\u0131n, &#8220;Meclis\u2019te grubu olan bir partinin ve baz\u0131 belediyelerin b\u00f6lgede TOK\u0130 taraf\u0131ndan yap\u0131lacak yat\u0131r\u0131mlara engel&#8221; oldu\u011fu \u015feklinde s\u00f6zlerini an\u0131msatan Demirta\u015f, \u015f\u00f6yle devam etti: &#8220;Belediyeler, sizin yanda\u015flar\u0131n\u0131z\u0131n ve milletvekillerinizin TOK\u0130 in\u015faatlar\u0131ndan rant sa\u011flamas\u0131n\u0131 engellemi\u015ftir. TOK\u0130, belediyeye hazine arazileri \u00fczerine yapaca\u011f\u0131 in\u015faatlardan pay vermemek i\u00e7in arazileri yanda\u015flar\u0131n\u0131za sat\u0131yor sonra da \u015fah\u0131s arazisiymi\u015f gibi in\u015faat yapmaya ba\u015fl\u0131yor. Bunun ad\u0131 d\u00fcped\u00fcz doland\u0131r\u0131c\u0131l\u0131kt\u0131r Say\u0131n Ba\u015fbakan. Belediyeler, oraya ger\u00e7ekten yat\u0131r\u0131m i\u00e7in gidenlerin emrindedir. Biz, partimizin TBMM grubu olarak kamu kaynaklar\u0131n\u0131n oraya akmas\u0131 i\u00e7in \u00e7aba sarfediyoruz.&#8221;<\/p>\n<p style=\"text-align: justify;\">Ba\u015fbakan Recep Tayyip Erdo\u011fan\u2019\u0131n, \u00e7\u00f6z\u00fcme y\u00f6nelik hi\u00e7bir \u015fey s\u00f6ylemedi\u011fini ileri s\u00fcren Demirta\u015f, keni politikalar\u0131n\u0131n \u00f6z\u00fcn\u00fcn bar\u0131\u015fta \u0131srar etmek oldu\u011funu s\u00f6yledi.<\/p>\n<p style=\"text-align: justify;\">KCK operasyonlar\u0131na da de\u011finen Demirta\u015f, tutuklamalar\u0131n s\u00fcrd\u00fc\u011f\u00fcn\u00fc ve davalar\u0131n y\u00fcr\u00fct\u00fclme \u015feklinden operasyonlar\u0131n operasyonlar\u0131n ne kadar siyasi oldu\u011funun ortaya \u00e7\u0131kt\u0131\u011f\u0131n\u0131 \u00f6ne s\u00fcrd\u00fc.<\/p>\n<p style=\"text-align: justify;\">Gazze olay\u0131nda utan\u00e7 verici bir s\u00fcre\u00e7 ya\u015fand\u0131\u011f\u0131n\u0131 iddia eden Demirta\u015f, &#8220;Neyin hesab\u0131 soruldu? \u0130srail bir \u00f6zr\u00fc bile \u00e7ok g\u00f6rd\u00fc. K\u00fcrs\u00fcde at\u0131p tutarken iyi de&#8230; \u0130srail ile cumhuriyet tarihinin en yo\u011fun ili\u015fkilerini y\u00fcr\u00fct\u00fcyorsunuz. \u015eimdi Say\u0131n Ba\u015fbakan, kar\u015f\u0131 oldu\u011funu s\u00f6yledi\u011fi dinsel milliyet\u00e7ili\u011fin daniskas\u0131n\u0131 yap\u0131yor. Bunun \u00fczerinden iktidarda kalma hesaplar\u0131 yap\u0131yor. Say\u0131n Ba\u015fbakan, Gazze\u2019yi dilinden d\u00fc\u015f\u00fcrm\u00fcyor ama Gazze art\u0131k diline de\u011fil aya\u011f\u0131na doland\u0131&#8221;diye konu\u015ftu.<\/p>\n<p style=\"text-align: justify;\"><strong>&#8220;M\u0130T, \u00d6CALAN \u0130LE G\u00d6R\u00dc\u015eT\u00dc&#8221; \u0130DD\u0130ASI<\/strong><\/p>\n<p style=\"text-align: justify;\">\u0130\u015fsizlik rakamlar\u0131n\u0131n a\u00e7\u0131kland\u0131\u011f\u0131n\u0131 bildiren Demirta\u015f, &#8220;Durum ortada ama Say\u0131n Ba\u015fbakan\u2019a g\u00f6re i\u015fsizlik sorun de\u011fil, ekonomi iyi yolda ilerliyor&#8221; dedi.<\/p>\n<p style=\"text-align: justify;\">Mevsimlik i\u015f\u00e7ilerin sorunlar\u0131na da de\u011finen Demirta\u015f, bu i\u015f\u00e7ilere, gittikleri illerde kamu y\u00f6neticileri taraf\u0131ndan &#8220;etnik ayr\u0131mc\u0131l\u0131k&#8221; uyguland\u0131\u011f\u0131nI \u00f6ne s\u00fcrd\u00fc. Giresun\u2019da kamu y\u00f6neticilerinin bu y\u00f6nde bir karar ald\u0131\u011f\u0131n\u0131 iddia eden Demirta\u015f, &#8220;G\u00fcneydo\u011fudan art\u0131k bu ile i\u015f\u00e7i al\u0131nmayacakm\u0131\u015f. Ad\u0131n\u0131 koyam\u0131yor \u2019K\u00fcrt i\u015f\u00e7i\u2019 diyemiyor. Bu insanlar kendi \u00fclkelerinde, bu ile ka\u00e7ak yollardan girerse il d\u0131\u015f\u0131na \u00e7\u0131kar\u0131lacakm\u0131\u015f. \u0130\u015fte a\u00e7\u0131l\u0131m\u0131n geldi\u011fi nokta&#8221; diye konu\u015ftu.<\/p>\n<p style=\"text-align: justify;\">Demirta\u015f, grup toplant\u0131s\u0131n\u0131n ard\u0131ndan gazetecilerin sorular\u0131n\u0131 yan\u0131tlad\u0131 ve bug\u00fcn bir gazetede yer alan &#8220;M\u0130T\u2019in, \u00d6calan ile g\u00f6r\u00fc\u015ft\u00fc\u011f\u00fc&#8221; yolundaki habere ili\u015fkin de \u015funlar\u0131 s\u00f6yledi:<\/p>\n<p style=\"text-align: justify;\">&#8220;\u00d6calan ile hem yakalanmadan \u00f6nce hem yakaland\u0131ktan sonra devletin \u00e7e\u015fitli kademelerde g\u00f6r\u00fc\u015fmeler yapt\u0131\u011f\u0131 bir s\u0131r de\u011fil. Herkesin bildi\u011fi \u015fey, s\u0131r de\u011fil. Dolay\u0131s\u0131yla g\u00f6r\u00fc\u015fmelerin devletin hangi kademesinde, hangi ekiple y\u00fcr\u00fct\u00fcld\u00fc\u011f\u00fcn\u00fc ben detaylar\u0131yla bilmiyorum do\u011frusu&#8230; Ne ama\u00e7la y\u00fcr\u00fct\u00fcld\u00fc\u011f\u00fcn\u00fc ve nas\u0131l sonu\u00e7lara ula\u015f\u0131ld\u0131\u011f\u0131n\u0131 da bilmiyorum ama bunlar\u0131 bilmesi gereken Ba\u015fbakan\u2019\u0131n kendisidir. M\u0130T, Ba\u015fbakan\u2019a ba\u011fl\u0131d\u0131r. Dolay\u0131s\u0131yla say\u0131n Ba\u015fbakan \u00e7\u0131kar a\u00e7\u0131klarsa, biz de bilgilenmi\u015f oluruz. Bu g\u00f6r\u00fc\u015fmeler olmam\u0131\u015f gibi davran\u0131rsa yine ben kendisini yalanc\u0131l\u0131kla itham ederim.&#8221;<\/p>\n<p style=\"text-align: justify;\"><span style=\"color: #888888;\">Radikal<\/span><\/p>\n","protected":false},"excerpt":{"rendered":"<p style=\"text-align: center;\">\n<p style=\"text-align: justify;\">BDP Ba\u015fkan\u0131 Demirta\u015f, Erdo\u011fan&#8217;a y\u00fcklendi: &#8216;Analar\u0131n g\u00f6zya\u015f\u0131 dinecek&#8217; derken topluma kar\u015f\u0131 hamaset yap\u0131yor, arkadan da t\u00fcrl\u00fc f\u0131r\u0131ldaklar \u00e7eviriyor. \u00d6calan-M\u0130T g\u00f6r\u00fc\u015fmesi olmam\u0131\u015f gibi davran\u0131rsa kendisini yalanc\u0131l\u0131kla itham ederim. <\/p>\n","protected":false},"author":1,"featured_media":0,"comment_status":"open","ping_status":"closed","sticky":false,"template":"","format":"standard","meta":{"footnotes":""},"categories":[105],"tags":[],"class_list":["post-23595","post","type-post","status-publish","format-standard","hentry","category-gundem","odd"],"_links":{"self":[{"href":"http:\/\/www.korhanyilmaz.com\/index.php?rest_route=\/wp\/v2\/posts\/23595","targetHints":{"allow":["GET"]}}],"collection":[{"href":"http:\/\/www.korhanyilmaz.com\/index.php?rest_route=\/wp\/v2\/posts"}],"about":[{"href":"http:\/\/www.korhanyilmaz.com\/index.php?rest_route=\/wp\/v2\/types\/post"}],"author":[{"embeddable":true,"href":"http:\/\/www.korhanyilmaz.com\/index.php?rest_route=\/wp\/v2\/users\/1"}],"replies":[{"embeddable":true,"href":"http:\/\/www.korhanyilmaz.com\/index.php?rest_route=%2Fwp%2Fv2%2Fcomments&post=23595"}],"version-history":[{"count":0,"href":"http:\/\/www.korhanyilmaz.com\/index.php?rest_route=\/wp\/v2\/posts\/23595\/revisions"}],"wp:attachment":[{"href":"http:\/\/www.korhanyilmaz.com\/index.php?rest_route=%2Fwp%2Fv2%2Fmedia&parent=23595"}],"wp:term":[{"taxonomy":"category","embeddable":true,"href":"http:\/\/www.korhanyilmaz.com\/index.php?rest_route=%2Fwp%2Fv2%2Fcategories&post=23595"},{"taxonomy":"post_tag","embeddable":true,"href":"http:\/\/www.korhanyilmaz.com\/index.php?rest_route=%2Fwp%2Fv2%2Ftags&post=23595"}],"curies":[{"name":"wp","href":"https:\/\/api.w.org\/{rel}","templated":true}]}}