{"id":23591,"date":"2010-06-15T22:56:03","date_gmt":"2010-06-15T22:56:03","guid":{"rendered":"http:\/\/www.korhanyilmaz.com\/?p=23591"},"modified":"2010-06-15T22:56:03","modified_gmt":"2010-06-15T22:56:03","slug":"ak-partili-vekiller-abdde-israil-mesaisinde","status":"publish","type":"post","link":"http:\/\/www.korhanyilmaz.com\/?p=23591","title":{"rendered":"AK Partili vekiller ABD&#8217;de \u0130srail mesaisinde"},"content":{"rendered":"<p><a href=\"http:\/\/www.korhanyilmaz.com\/wp-content\/uploads\/2010\/06\/025.jpg\"  class=\"lightview\"><img loading=\"lazy\" decoding=\"async\" class=\"aligncenter size-full wp-image-23592\" src=\"http:\/\/www.korhanyilmaz.com\/wp-content\/uploads\/2010\/06\/025.jpg\" alt=\"\" width=\"292\" height=\"182\" \/><\/a><\/p>\n<p style=\"text-align: justify;\">AK Parti milletvekili heyetinin ABD&#8217;nin ba\u015fkenti Washington&#8217;da, ilk g\u00fcnk\u00fc temaslar\u0131na, \u0130srail&#8217;in Gazze&#8217;ye giden gemilere sald\u0131rmas\u0131 damgas\u0131n\u0131 vurdu.<\/p>\n<p style=\"text-align: justify;\">Edinilen bilgiye g\u00f6re, AK Parti&#8217;nin D\u0131\u015f \u0130li\u015fkilerden Sorumlu Genel Ba\u015fkan Yard\u0131mc\u0131s\u0131 \u00d6mer \u00c7elik&#8217;in ba\u015fkanl\u0131\u011f\u0131nda, TBMM D\u0131\u015fi\u015fleri Komisyonu Ba\u015fkan\u0131 Murat Mercan, T\u00fcrkiye-ABD Parlamentolararas\u0131 Dostluk Grubu Ba\u015fkan\u0131 ve AK Parti D\u0131\u015f \u0130li\u015fkiler Ba\u015fkan Yard\u0131mc\u0131s\u0131 Suat K\u0131n\u0131kl\u0131o\u011flu ile AK Parti Milletvekili Zeynep Da\u011f\u0131&#8217;dan olu\u015fan heyet, Washington&#8217;daki ilk g\u00fcnlerine yo\u011fun g\u00f6r\u00fc\u015fme trafi\u011fiyle ba\u015flad\u0131. <!--more--><\/p>\n<p style=\"text-align: justify;\">\u00c7elik, sabah saatlerinde ilk olarak, kald\u0131\u011f\u0131 Hay Adams Oteli&#8217;nde, ABD&#8217;deki bir grup T\u00fcrkiye uzman\u0131n\u0131 kabul etti. Uzmanlarla g\u00f6r\u00fc\u015fmesinde, T\u00fcrkiye&#8217;nin Gazze konusundaki g\u00f6r\u00fc\u015fleri ile \u0130srail&#8217;in &#8220;Mavi Marmara&#8221; gemisine yapt\u0131\u011f\u0131 sald\u0131r\u0131y\u0131 anlatan \u00c7elik, bu konuda \u0130srail&#8217;in tamamen haks\u0131z ve sald\u0131rgan bir tutum izledi\u011fini belirtti.<\/p>\n<p style=\"text-align: justify;\">Ard\u0131ndan Kongre&#8217;ye ge\u00e7en \u00c7elik ve beraberindeki heyet, baz\u0131 Temsilciler Meclisi \u00fcyeleriyle g\u00f6r\u00fc\u015ft\u00fc.<\/p>\n<p style=\"text-align: justify;\">\u00c7elik ve heyet \u00fcyeleri, bu g\u00f6r\u00fc\u015fmelerde, \u0130srail&#8217;in, T\u00fcrk vatanda\u015flar\u0131n\u0131n \u00f6l\u00fcm\u00fcne yol a\u00e7an sald\u0131r\u0131s\u0131ndan sonra \u00f6z\u00fcr dilememesi ve uluslararas\u0131 ba\u011f\u0131ms\u0131z ve g\u00fcvenilirli\u011fi y\u00fcksek bir ara\u015ft\u0131rma komisyonunun kurulmas\u0131na destek vermemesi halinde, T\u00fcrk-\u0130srail ili\u015fkilerindeki krizin derinle\u015fece\u011fi uyar\u0131s\u0131nda bulundu.<\/p>\n<p style=\"text-align: justify;\">\u00c7elik, ayr\u0131ca muhataplar\u0131na, \u0130srail ile ya\u015fanan krizle BM G\u00fcvenlik Konseyi&#8217;nde \u0130ran&#8217;a kar\u015f\u0131 yapt\u0131r\u0131mlara T\u00fcrkiye&#8217;nin &#8220;hay\u0131r&#8221; oyu kullanmas\u0131n\u0131n birbirine kar\u0131\u015ft\u0131r\u0131lmas\u0131n\u0131n \u00e7ok yanl\u0131\u015f olaca\u011f\u0131n\u0131 belirterek, &#8220;baz\u0131 \u00e7evrelerin bu iki olay\u0131 \u00f6zellikle birbiriyle ba\u011flant\u0131l\u0131 gibi g\u00f6stermeye \u00e7al\u0131\u015fan k\u00f6t\u00fc niyetli davran\u0131\u015flar\u0131n\u0131 tespit ettiklerini&#8221; s\u00f6yledi.<\/p>\n<p style=\"text-align: justify;\">AK Parti heyeti de BM G\u00fcvenlik Konseyi&#8217;nde T\u00fcrkiye&#8217;nin kulland\u0131\u011f\u0131 &#8220;hay\u0131r&#8221; oyunun m\u00fczakere ve diplomasi yollar\u0131n\u0131 a\u00e7\u0131k tutmaya d\u00f6n\u00fck bir iradenin eseri oldu\u011funu kaydetti.<\/p>\n<p style=\"text-align: justify;\">T\u00fcrkiye&#8217;nin d\u0131\u015f politikas\u0131 konusundaki g\u00f6r\u00fc\u015flerini anlatmak \u00fczere Washington&#8217;da bulunan heyetin, temaslar\u0131na yar\u0131n da yo\u011fun bi\u00e7imde devam edece\u011fi belirtildi.<\/p>\n<p style=\"text-align: justify;\"><span style=\"color: #888888;\">CNN T\u00dcRK<\/span><\/p>\n","protected":false},"excerpt":{"rendered":"<\/p>\n<p style=\"text-align: justify;\">AK Parti milletvekili heyetinin ABD&#8217;nin ba\u015fkenti Washington&#8217;da, ilk g\u00fcnk\u00fc temaslar\u0131na, \u0130srail&#8217;in Gazze&#8217;ye giden gemilere sald\u0131rmas\u0131 damgas\u0131n\u0131 vurdu.<\/p>\n<p style=\"text-align: justify;\">Edinilen bilgiye g\u00f6re, AK Parti&#8217;nin D\u0131\u015f \u0130li\u015fkilerden Sorumlu Genel Ba\u015fkan Yard\u0131mc\u0131s\u0131 \u00d6mer \u00c7elik&#8217;in ba\u015fkanl\u0131\u011f\u0131nda, TBMM D\u0131\u015fi\u015fleri Komisyonu Ba\u015fkan\u0131 Murat Mercan, T\u00fcrkiye-ABD Parlamentolararas\u0131 Dostluk Grubu Ba\u015fkan\u0131 ve AK Parti D\u0131\u015f \u0130li\u015fkiler Ba\u015fkan Yard\u0131mc\u0131s\u0131 Suat <\/p>\n","protected":false},"author":1,"featured_media":0,"comment_status":"open","ping_status":"closed","sticky":false,"template":"","format":"standard","meta":{"footnotes":""},"categories":[3],"tags":[],"class_list":["post-23591","post","type-post","status-publish","format-standard","hentry","category-dunya","odd"],"_links":{"self":[{"href":"http:\/\/www.korhanyilmaz.com\/index.php?rest_route=\/wp\/v2\/posts\/23591","targetHints":{"allow":["GET"]}}],"collection":[{"href":"http:\/\/www.korhanyilmaz.com\/index.php?rest_route=\/wp\/v2\/posts"}],"about":[{"href":"http:\/\/www.korhanyilmaz.com\/index.php?rest_route=\/wp\/v2\/types\/post"}],"author":[{"embeddable":true,"href":"http:\/\/www.korhanyilmaz.com\/index.php?rest_route=\/wp\/v2\/users\/1"}],"replies":[{"embeddable":true,"href":"http:\/\/www.korhanyilmaz.com\/index.php?rest_route=%2Fwp%2Fv2%2Fcomments&post=23591"}],"version-history":[{"count":0,"href":"http:\/\/www.korhanyilmaz.com\/index.php?rest_route=\/wp\/v2\/posts\/23591\/revisions"}],"wp:attachment":[{"href":"http:\/\/www.korhanyilmaz.com\/index.php?rest_route=%2Fwp%2Fv2%2Fmedia&parent=23591"}],"wp:term":[{"taxonomy":"category","embeddable":true,"href":"http:\/\/www.korhanyilmaz.com\/index.php?rest_route=%2Fwp%2Fv2%2Fcategories&post=23591"},{"taxonomy":"post_tag","embeddable":true,"href":"http:\/\/www.korhanyilmaz.com\/index.php?rest_route=%2Fwp%2Fv2%2Ftags&post=23591"}],"curies":[{"name":"wp","href":"https:\/\/api.w.org\/{rel}","templated":true}]}}