{"id":23586,"date":"2010-06-15T20:45:56","date_gmt":"2010-06-15T20:45:56","guid":{"rendered":"http:\/\/www.korhanyilmaz.com\/?p=23586"},"modified":"2010-06-15T20:45:56","modified_gmt":"2010-06-15T20:45:56","slug":"yok-baskanina-mezuniyette-protesto","status":"publish","type":"post","link":"http:\/\/www.korhanyilmaz.com\/?p=23586","title":{"rendered":"Y\u00d6K Ba\u015fkan\u0131na mezuniyette protesto"},"content":{"rendered":"<p><a href=\"http:\/\/www.korhanyilmaz.com\/wp-content\/uploads\/2010\/06\/024.jpg\"  class=\"lightview\"><img loading=\"lazy\" decoding=\"async\" class=\"aligncenter size-full wp-image-23587\" src=\"http:\/\/www.korhanyilmaz.com\/wp-content\/uploads\/2010\/06\/024.jpg\" alt=\"\" width=\"292\" height=\"153\" \/><\/a><\/p>\n<p style=\"text-align: justify;\">Y\u00d6K Ba\u015fkan\u0131 Yusuf Ziya \u00d6zcan, o\u011flunun mezuniyet t\u00f6renine kat\u0131ld\u0131. Ama t\u00f6ren bitmeden gitmek zorunda kald\u0131. Nedeni bir grup \u00f6\u011frencinin protestosu. \u00d6\u011frenciler \u00fcniversitelerde siyasi g\u00f6r\u00fc\u015f a\u00e7\u0131klayanlara bask\u0131 yap\u0131ld\u0131\u011f\u0131n\u0131 ileri s\u00fcrd\u00fcler. Y\u00d6K Ba\u015fkan\u0131n&#8217;dan da cevap beklediler ama \u00d6zcan konu\u015fmad\u0131. Onun yerine Bilkent \u00dcniversitesi&#8217;nden mezun olan o\u011flu Kaan \u00d6zcan, &#8220;babam\u0131n yapt\u0131klar\u0131ndan gurur duyuyorum&#8221; diyerek Y\u00d6K Ba\u015fkan\u0131&#8217;n\u0131 savundu. <!--more--><\/p>\n<p style=\"text-align: justify;\">Y\u00d6K Ba\u015fkan\u0131 Prof. Dr. Yusuf Ziya \u00d6zcan, o\u011flu \u0130zzet Kaan&#8217;\u0131n Bilkent \u00dcniversitesi \u0130\u015fletme Bilgi Y\u00f6netimi B\u00f6l\u00fcm\u00fc&#8217;nden mezun olmas\u0131 nedeniyle d\u00fczenlenen t\u00f6rene kat\u0131ld\u0131.<\/p>\n<p style=\"text-align: justify;\">Bilkent \u00dcniversitesinden bu e\u011fitim-\u00f6\u011fretim y\u0131l\u0131nda mezun olanlar i\u00e7in Bilkent Odeon&#8217;da t\u00f6ren d\u00fczenlendi. T\u00f6rende konu\u015fan Rekt\u00f6r Prof. Dr. Abdullah Atalar, bir s\u00fcre \u00f6nce Bilkent \u00dcniversitesi&#8217;nin kurucusu \u0130hsan Do\u011framac\u0131&#8217;n\u0131n vefat etti\u011fini an\u0131msatarak, Do\u011framac\u0131&#8217;n\u0131n vizyonuyla, \u00fcst\u00fcn zekas\u0131yla \u00e7al\u0131\u015fkanl\u0131\u011f\u0131yla T\u00fcrkiye&#8217;nin \u00f6nde gelenlerinden biri oldu\u011funu s\u00f6yledi.<\/p>\n<p style=\"text-align: justify;\">Do\u011framac\u0131&#8217;n\u0131n bir\u00e7ok \u00fcniversitenin kurulu\u015funa \u00f6nc\u00fcl\u00fck etti\u011fini belirten ve e\u011fitime y\u00f6nelik \u00e7al\u0131\u015fmalar\u0131n\u0131 anlatan Atalar, &#8220;Hocabey fiziken aram\u0131zda de\u011fil ama manen aram\u0131zda ve olmaya devam edecek&#8221; diye konu\u015ftu.<\/p>\n<p style=\"text-align: justify;\">Atalar, mezunlara, \u015f\u00f6yle seslendi: &#8220;\u00d6n\u00fcm\u00fczdeki y\u0131llarda her biriniz de\u011fi\u015fik \u015feyler yapacak. B\u00fct\u00fcn bunlar\u0131 yaparken Bilkent&#8217;te edindi\u011finiz \u00e7al\u0131\u015fma disiplininin faydalar\u0131n\u0131 hissedeceksiniz. Bir i\u015fi teslim tarihinde yeti\u015ftirmeye \u00e7al\u0131\u015f\u0131rken hocalar\u0131n\u0131z\u0131n projelerinizin teslim tarihi konusunda niye kat\u0131 davrand\u0131\u011f\u0131n\u0131 kavrayacaks\u0131n\u0131z. Al\u0131rken sevmedi\u011finiz baz\u0131 derslerin daha sonra \u00e7ok i\u015fe yarad\u0131\u011f\u0131n\u0131 fark edeceksiniz. Bundan sonraki y\u0131llarda da Bilkent \u00dcniversitesinin deste\u011fini yan\u0131n\u0131zda hissedeceksiniz. Eminim ki hepiniz \u00e7ok iyi birer d\u00fcnya vatanda\u015f\u0131 olacaks\u0131n\u0131z.&#8221;<\/p>\n<p style=\"text-align: justify;\">T\u00f6rene, Y\u00d6K Ba\u015fkan\u0131 \u00d6zcan&#8217;\u0131n yan\u0131 s\u0131ra e\u015fi Bilkent \u00dcniversitesi \u00d6\u011fretim \u00dcyesi Do\u00e7. Dr. K\u0131v\u0131lc\u0131m Metin \u00d6zcan, Neslig\u00fcl Cavcav ile o\u011flu \u0130lhan Cavcav ve di\u011fer aile fertleri de kat\u0131ld\u0131.<\/p>\n<p style=\"text-align: justify;\">T\u00f6rende, mezunlar sahneye tek tek \u00e7a\u011fr\u0131larak diplomalar\u0131 verildi. Y\u00d6K Ba\u015fkan\u0131 \u00d6zcan, yan\u0131nda k\u00fc\u00e7\u00fck \u0130lhan Cavcav ile sahneye geldi ve diplomas\u0131n\u0131 alan o\u011flu Kaan&#8217;\u0131 sar\u0131larak tebrik etti.<\/p>\n<p style=\"text-align: justify;\">Prof. \u00d6zcan, t\u00f6ren alan\u0131ndan ayr\u0131laca\u011f\u0131 s\u0131rada, ellerinde h\u00fck\u00fcmeti ve Y\u00d6K&#8217;\u00fc protesto eden d\u00f6vizler ta\u015f\u0131yan ve &#8220;TKP&#8217;li&#8221; olduklar\u0131n\u0131 iddia eden bir grup \u00f6\u011frencinin protestosuyla kar\u015f\u0131la\u015ft\u0131.<\/p>\n<p style=\"text-align: justify;\">Bu arada, Bilkent \u00dcniversitesi M\u00fctevelli Heyet Ba\u015fkan\u0131 Prof. Dr. Ali Do\u011framac\u0131, \u00d6zcan&#8217;\u0131 t\u00f6renin yap\u0131ld\u0131\u011f\u0131 binaya g\u00f6t\u00fcrd\u00fc. \u00d6zcan, daha sonra t\u00f6ren alan\u0131ndan ayr\u0131ld\u0131.<\/p>\n<p style=\"text-align: justify;\">Gazetecilerin sorular\u0131n\u0131 yan\u0131tlayan \u0130zzet Kaan \u00d6zcan, mezun oldu\u011fu i\u00e7in hem heyecanl\u0131 hem de okulundan ayr\u0131laca\u011f\u0131 i\u00e7in \u00fcz\u00fcnt\u00fcl\u00fc oldu\u011funu belirterek, &#8220;Ama bundan sonra yeni bir hayat bizi bekliyor. Art\u0131k tek ba\u015f\u0131m\u0131zay\u0131z&#8221; dedi.<\/p>\n<p style=\"text-align: justify;\">\u0130zzet Kaan \u00d6zcan, yar\u0131n askerlik i\u00e7in ba\u015fvuraca\u011f\u0131n\u0131, askerlikten sonra da D\u0131\u015fi\u015fleri Bakanl\u0131\u011f\u0131nda \u00e7al\u0131\u015fmak istedi\u011fini s\u00f6yledi.<\/p>\n<p style=\"text-align: justify;\">Bir gazetecinin, &#8220;Baban\u0131z bir protestoyla kar\u015f\u0131la\u015ft\u0131. Bu mutlu g\u00fcn\u00fcn\u00fczde b\u00f6yle bir \u015feyle kar\u015f\u0131la\u015ft\u0131n\u0131z, \u00fcz\u00fcld\u00fcn\u00fcz m\u00fc?&#8221; sorusu \u00fczerine &#8220;B\u00f6yle \u015feyler olabilir. Zaten buna al\u0131\u015ft\u0131k art\u0131k. Hi\u00e7 m\u00fchim de\u011fil. Hi\u00e7 \u00fcz\u00fclmedim. \u00c7\u00fcnk\u00fc ben babamla gurur duyuyorum. Onlar\u0131n gelip burada ba\u011f\u0131r\u0131p \u00e7a\u011f\u0131rmalar\u0131, protesto etmeleri beni hi\u00e7 etkilemedi. Her zaman babam\u0131n arkas\u0131nday\u0131m&#8221; diye konu\u015ftu.<\/p>\n<p style=\"text-align: justify;\">&#8220;Protesto eden \u00f6\u011frencilerin baz\u0131 talepleri vard\u0131, siz onlara kat\u0131l\u0131yor musunuz?&#8221; sorusuna Kaan \u00d6zcan, &#8220;Ben onlar\u0131n taleplerine kat\u0131lm\u0131yorum&#8221; yan\u0131t\u0131n\u0131 verdi.<\/p>\n<p style=\"text-align: justify;\">Neslig\u00fcl Cavcav da o\u011flunun mezuniyetinden duydu\u011fu mutlulu\u011fu dile getirdi.<\/p>\n<p style=\"text-align: justify;\"><span style=\"color: #888888;\">CNN T\u00dcRK<\/span><\/p>\n","protected":false},"excerpt":{"rendered":"<\/p>\n<p style=\"text-align: justify;\">Y\u00d6K Ba\u015fkan\u0131 Yusuf Ziya \u00d6zcan, o\u011flunun mezuniyet t\u00f6renine kat\u0131ld\u0131. Ama t\u00f6ren bitmeden gitmek zorunda kald\u0131. Nedeni bir grup \u00f6\u011frencinin protestosu. \u00d6\u011frenciler \u00fcniversitelerde siyasi g\u00f6r\u00fc\u015f a\u00e7\u0131klayanlara bask\u0131 yap\u0131ld\u0131\u011f\u0131n\u0131 ileri s\u00fcrd\u00fcler. Y\u00d6K Ba\u015fkan\u0131n&#8217;dan da cevap beklediler ama \u00d6zcan konu\u015fmad\u0131. Onun yerine Bilkent \u00dcniversitesi&#8217;nden mezun olan o\u011flu Kaan \u00d6zcan, &#8220;babam\u0131n yapt\u0131klar\u0131ndan gurur duyuyorum&#8221; diyerek Y\u00d6K <\/p>\n","protected":false},"author":1,"featured_media":0,"comment_status":"open","ping_status":"closed","sticky":false,"template":"","format":"standard","meta":{"footnotes":""},"categories":[105],"tags":[],"class_list":["post-23586","post","type-post","status-publish","format-standard","hentry","category-gundem","odd"],"_links":{"self":[{"href":"http:\/\/www.korhanyilmaz.com\/index.php?rest_route=\/wp\/v2\/posts\/23586","targetHints":{"allow":["GET"]}}],"collection":[{"href":"http:\/\/www.korhanyilmaz.com\/index.php?rest_route=\/wp\/v2\/posts"}],"about":[{"href":"http:\/\/www.korhanyilmaz.com\/index.php?rest_route=\/wp\/v2\/types\/post"}],"author":[{"embeddable":true,"href":"http:\/\/www.korhanyilmaz.com\/index.php?rest_route=\/wp\/v2\/users\/1"}],"replies":[{"embeddable":true,"href":"http:\/\/www.korhanyilmaz.com\/index.php?rest_route=%2Fwp%2Fv2%2Fcomments&post=23586"}],"version-history":[{"count":0,"href":"http:\/\/www.korhanyilmaz.com\/index.php?rest_route=\/wp\/v2\/posts\/23586\/revisions"}],"wp:attachment":[{"href":"http:\/\/www.korhanyilmaz.com\/index.php?rest_route=%2Fwp%2Fv2%2Fmedia&parent=23586"}],"wp:term":[{"taxonomy":"category","embeddable":true,"href":"http:\/\/www.korhanyilmaz.com\/index.php?rest_route=%2Fwp%2Fv2%2Fcategories&post=23586"},{"taxonomy":"post_tag","embeddable":true,"href":"http:\/\/www.korhanyilmaz.com\/index.php?rest_route=%2Fwp%2Fv2%2Ftags&post=23586"}],"curies":[{"name":"wp","href":"https:\/\/api.w.org\/{rel}","templated":true}]}}