{"id":23583,"date":"2010-06-15T16:39:42","date_gmt":"2010-06-15T16:39:42","guid":{"rendered":"http:\/\/www.korhanyilmaz.com\/?p=23583"},"modified":"2010-06-15T16:39:42","modified_gmt":"2010-06-15T16:39:42","slug":"bdpden-basbakan-hakkinda-gensoru","status":"publish","type":"post","link":"http:\/\/www.korhanyilmaz.com\/?p=23583","title":{"rendered":"BDP&#8217;den Ba\u015fbakan hakk\u0131nda gensoru"},"content":{"rendered":"<p><a href=\"http:\/\/www.korhanyilmaz.com\/wp-content\/uploads\/2010\/06\/0231.jpg\"  class=\"lightview\"><img loading=\"lazy\" decoding=\"async\" class=\"aligncenter size-full wp-image-23584\" src=\"http:\/\/www.korhanyilmaz.com\/wp-content\/uploads\/2010\/06\/0231.jpg\" alt=\"\" width=\"292\" height=\"211\" \/><\/a><\/p>\n<p style=\"text-align: justify;\">BDP&#8217;liler, Ba\u015fbakan Recep Tayyip Erdo\u011fan hakk\u0131nda gensoru \u00f6nergesi verdi.<\/p>\n<p style=\"text-align: justify;\">BDP grup ba\u015fkanvekilleri Ayla Akat Ata ve Bengi Y\u0131ld\u0131z taraf\u0131ndan TBMM Ba\u015fkanl\u0131\u011f\u0131na sunulan gensoru \u00f6nergesinde, &#8220;Ba\u015fbakan Erdo\u011fan&#8217;\u0131n, h\u00fck\u00fcmet program\u0131nda verilen s\u00f6zleri yerine getirmedi\u011fi, ortaya konulan hedefleri yakalamada ba\u015far\u0131s\u0131zl\u0131\u011fa u\u011frad\u0131\u011f\u0131, &#8216;a\u00e7\u0131l\u0131m&#8217; derken &#8216;ayr\u0131mc\u0131l\u0131k&#8217; yapt\u0131\u011f\u0131, gizli dinlemelerle yarg\u0131y\u0131 siyasalla\u015ft\u0131rd\u0131\u011f\u0131, muhaliflerine bask\u0131 kurdu\u011fu, sevgisiz, umutsuz, gerimli, \u00e7at\u0131\u015fmal\u0131 bir \u015fiddet toplumu olu\u015fmas\u0131nda etkili oldu\u011fu&#8221; iddialar\u0131na yer verildi. <!--more--><\/p>\n<p style=\"text-align: justify;\">\u00d6nergenin gerek\u00e7esinde ayr\u0131ca, &#8220;yarg\u0131n\u0131n siyasalla\u015ft\u0131r\u0131ld\u0131\u011f\u0131&#8221; ve &#8220;d\u00fc\u015f\u00fcnce \u00f6zg\u00fcrl\u00fc\u011f\u00fc yok say\u0131larak soru\u015fturmalar a\u00e7\u0131ld\u0131\u011f\u0131&#8221; \u00f6ne s\u00fcr\u00fcld\u00fc.<\/p>\n<p style=\"text-align: justify;\">\u00d6te yandan, BDP \u015e\u0131rnak Milletvekili Hasip Kaplan, TBMM Ba\u015fkanl\u0131\u011f\u0131na sundu\u011fu dilek\u00e7ede, &#8220;g\u00fcvenlik g\u00fc\u00e7leri taraf\u0131ndan toplumsal g\u00f6sterilerde yayg\u0131n olarak kullan\u0131lan biber gaz\u0131, gaz bombas\u0131 ve plastik merminin yol a\u00e7t\u0131\u011f\u0131 yaralanma, sakatlanma ve \u00f6l\u00fcm gibi a\u011f\u0131r sonu\u00e7lar\u0131n b\u00fct\u00fcn boyutlar\u0131yla ara\u015ft\u0131r\u0131lmas\u0131&#8221; istemiyle Meclis Ara\u015ft\u0131rmas\u0131 a\u00e7\u0131lmas\u0131n\u0131 istedi.<\/p>\n<p style=\"text-align: justify;\"><span style=\"color: #888888;\">CNN T\u00dcRK<\/span><\/p>\n","protected":false},"excerpt":{"rendered":"<\/p>\n<p style=\"text-align: justify;\">BDP&#8217;liler, Ba\u015fbakan Recep Tayyip Erdo\u011fan hakk\u0131nda gensoru \u00f6nergesi verdi.<\/p>\n<p style=\"text-align: justify;\">BDP grup ba\u015fkanvekilleri Ayla Akat Ata ve Bengi Y\u0131ld\u0131z taraf\u0131ndan TBMM Ba\u015fkanl\u0131\u011f\u0131na sunulan gensoru \u00f6nergesinde, &#8220;Ba\u015fbakan Erdo\u011fan&#8217;\u0131n, h\u00fck\u00fcmet program\u0131nda verilen s\u00f6zleri yerine getirmedi\u011fi, ortaya konulan hedefleri yakalamada ba\u015far\u0131s\u0131zl\u0131\u011fa u\u011frad\u0131\u011f\u0131, &#8216;a\u00e7\u0131l\u0131m&#8217; derken &#8216;ayr\u0131mc\u0131l\u0131k&#8217; yapt\u0131\u011f\u0131, gizli dinlemelerle yarg\u0131y\u0131 siyasalla\u015ft\u0131rd\u0131\u011f\u0131, muhaliflerine bask\u0131 kurdu\u011fu, sevgisiz, <\/p>\n","protected":false},"author":1,"featured_media":0,"comment_status":"open","ping_status":"closed","sticky":false,"template":"","format":"standard","meta":{"footnotes":""},"categories":[105],"tags":[],"class_list":["post-23583","post","type-post","status-publish","format-standard","hentry","category-gundem","odd"],"_links":{"self":[{"href":"http:\/\/www.korhanyilmaz.com\/index.php?rest_route=\/wp\/v2\/posts\/23583","targetHints":{"allow":["GET"]}}],"collection":[{"href":"http:\/\/www.korhanyilmaz.com\/index.php?rest_route=\/wp\/v2\/posts"}],"about":[{"href":"http:\/\/www.korhanyilmaz.com\/index.php?rest_route=\/wp\/v2\/types\/post"}],"author":[{"embeddable":true,"href":"http:\/\/www.korhanyilmaz.com\/index.php?rest_route=\/wp\/v2\/users\/1"}],"replies":[{"embeddable":true,"href":"http:\/\/www.korhanyilmaz.com\/index.php?rest_route=%2Fwp%2Fv2%2Fcomments&post=23583"}],"version-history":[{"count":0,"href":"http:\/\/www.korhanyilmaz.com\/index.php?rest_route=\/wp\/v2\/posts\/23583\/revisions"}],"wp:attachment":[{"href":"http:\/\/www.korhanyilmaz.com\/index.php?rest_route=%2Fwp%2Fv2%2Fmedia&parent=23583"}],"wp:term":[{"taxonomy":"category","embeddable":true,"href":"http:\/\/www.korhanyilmaz.com\/index.php?rest_route=%2Fwp%2Fv2%2Fcategories&post=23583"},{"taxonomy":"post_tag","embeddable":true,"href":"http:\/\/www.korhanyilmaz.com\/index.php?rest_route=%2Fwp%2Fv2%2Ftags&post=23583"}],"curies":[{"name":"wp","href":"https:\/\/api.w.org\/{rel}","templated":true}]}}