{"id":23579,"date":"2010-06-15T18:03:30","date_gmt":"2010-06-15T18:03:30","guid":{"rendered":"http:\/\/www.korhanyilmaz.com\/?p=23579"},"modified":"2010-06-15T18:03:30","modified_gmt":"2010-06-15T18:03:30","slug":"hedefte-bu-kez-bdp-vardi","status":"publish","type":"post","link":"http:\/\/www.korhanyilmaz.com\/?p=23579","title":{"rendered":"Hedefte bu kez BDP vard\u0131"},"content":{"rendered":"<p style=\"text-align: center;\"><a href=\"http:\/\/www.korhanyilmaz.com\/wp-content\/uploads\/2010\/06\/0221.jpg\"  class=\"lightview\"><img loading=\"lazy\" decoding=\"async\" class=\"aligncenter size-full wp-image-23580\" src=\"http:\/\/www.korhanyilmaz.com\/wp-content\/uploads\/2010\/06\/0221.jpg\" alt=\"\" width=\"292\" height=\"224\" \/><\/a><\/p>\n<p style=\"text-align: justify;\">Ba\u015fbakan Recep Tayyip Erdo\u011fan, partisinin grup toplant\u0131s\u0131nda bu kez ter\u00f6r \u00f6rg\u00fct\u00fc PKK ve BDP&#8217;ye y\u00fcklendi. &#8220;Ter\u00f6r eylemleri vicdans\u0131zl\u0131kt\u0131r. Bundan nemalanarak siyaset yapmak da bar\u0131\u015f getirmez&#8221; diyen Erdo\u011fan, &#8220;Bar\u0131\u015f demekle bar\u0131\u015f gelmiyor. PKK ile direkt veya dolayl\u0131 olarak irtibat halinde olanlar, bar\u0131\u015f\u0131 getiremezler; cinayetlere ortak olurlar&#8221; diye konu\u015ftu.<!--more--><\/p>\n<p style=\"text-align: justify;\">Erdo\u011fan, &#8220;Millet sizi gayet iyi biliyor. Milleti kand\u0131ramazs\u0131n\u0131z. Demokrasi m\u00fccadelesi verecekseniz, demokrasi kurallar\u0131 i\u00e7inde veriniz. PKK deste\u011fiyle bir yere gelmek istiyorsan\u0131z bu millet buna izin vermeyecek. Bundan nemalananlar, ter\u00f6ristler kadar ter\u00f6r\u00fcn kanl\u0131 y\u00fcz\u00fcne ve cinayetlere ortakt\u0131r. Onlara destek verenler de ortakt\u0131r&#8221; ifadesini kulland\u0131.<\/p>\n<p style=\"text-align: justify;\">Ter\u00f6r \u00f6rg\u00fct\u00fc PKK&#8217;n\u0131n \u00fclkenin huzurunu bozdu\u011funu ve her \u015feyin \u00f6n\u00fcndeki en b\u00fcy\u00fck engel oldu\u011funu vurgulayan Ba\u015fbakan Erdo\u011fan, &#8220;\u0130\u00e7ten ve d\u0131\u015ftan yat\u0131r\u0131m yapmak isteyen ama yapmayan giri\u015fimciler varsa bunun tek sebebi ter\u00f6r \u00f6rg\u00fct\u00fc ve onun yanda\u015flar\u0131d\u0131r&#8221; dedi.<\/p>\n<p style=\"text-align: justify;\">Ba\u015fbakan Erdo\u011fan, ter\u00f6r \u00f6rg\u00fct\u00fcn\u00fcn, &#8220;Yat\u0131r\u0131m ve hizmet yok&#8221; diye halk\u0131 istismar etmeye \u00e7al\u0131\u015ft\u0131\u011f\u0131n\u0131 belirterek, &#8220;\u015eu anda g\u00fcneydo\u011fuda \u00f6yle belediyeler var ki TOK\u0130&#8217;ye, &#8216;burada ni\u00e7in yat\u0131r\u0131m yap\u0131yorsunuz, biz size destek veremeyiz&#8217; diyorlar. Bunu da bug\u00fcn burada a\u00e7\u0131kl\u0131yorum. &#8216;Burada yat\u0131r\u0131m yapmay\u0131n&#8217; diyorlar. B\u00f6yle bir mant\u0131k, anlay\u0131\u015f olur mu?&#8221; dedi.<\/p>\n<p style=\"text-align: justify;\"><strong>&#8220;En etkin m\u00fccadeleyi biz verdik&#8221; <\/strong><\/p>\n<p style=\"text-align: justify;\">PKK ter\u00f6r\u00fcyle tarihin en etkin m\u00fccadelesini y\u00fcr\u00fctt\u00fc\u011f\u00fcn\u00fc belirten Ba\u015fbakan, &#8220;Ter\u00f6re ra\u011fmen hukuk, yat\u0131r\u0131m, hizmet, demokrasi dedik. Anayasa de\u011fi\u015fikli\u011finde de a\u00e7\u0131k\u00e7a g\u00f6rd\u00fck. Devletle millet aras\u0131ndaki duvar\u0131n y\u0131k\u0131lmas\u0131ndan rahats\u0131z oldular. &#8216;Devlet b\u00f6lgeye elini uzatmad\u0131&#8217; demek vicdans\u0131zl\u0131kt\u0131r&#8221; dedi.<\/p>\n<p style=\"text-align: justify;\">Erdo\u011fan, &#8220;Son sald\u0131r\u0131lar, PKK&#8217;n\u0131n ger\u00e7ek emellerini a\u00e7\u0131k\u00e7a ortaya koydu. PKK, demokratik \u00e7al\u0131\u015fmalar\u0131n \u00f6n\u00fcn\u00fc kesmek i\u00e7in u\u011fra\u015f\u0131yor. K\u00fcrt k\u00f6kenli vatanda\u015flar\u0131m\u0131n zamanlamaya dikkat etmesini istiyorum. Ne zaman T\u00fcrkiye&#8217;de huzur iklimi do\u011fduysa, ekonomi y\u00fckseli\u015fe ge\u00e7tiyse sald\u0131r\u0131lar o zamanlarda yo\u011funluk kazand\u0131. Bizi yolumuzdan al\u0131koymak i\u00e7in eylemlerine h\u0131z veriyorlar&#8221; ifadesini kulland\u0131.<\/p>\n<p style=\"text-align: justify;\">&#8220;PKK, asla benim K\u00fcrt vatanda\u015flar\u0131m\u0131n s\u00f6zc\u00fcs\u00fc de\u011fildir, olmam\u0131\u015ft\u0131r, olmayacakt\u0131r&#8221; diyen Erdo\u011fan, &#8220;PKK, kirli oyunlar i\u00e7indedir. Elinde silah olan insan\u0131n, insanl\u0131\u011fa s\u00f6yleyecek s\u00f6z\u00fc yoktur&#8221; diye konu\u015ftu.<\/p>\n<p style=\"text-align: justify;\"><strong>B\u00f6lge halk\u0131na \u00e7a\u011fr\u0131 <\/strong><\/p>\n<p style=\"text-align: justify;\">Bu b\u00f6lgelerdeki sosyal, siyasal ve ekonomik sorunlar\u0131n, yanl\u0131\u015f politikalardan daha ziyade ter\u00f6r \u00f6rg\u00fct\u00fcn\u00fcn do\u011furdu\u011fu, b\u00fcy\u00fctt\u00fc\u011f\u00fc, ya\u015fatt\u0131\u011f\u0131 sorunlar oldu\u011funu ifade eden Erdo\u011fan, ter\u00f6r \u00f6rg\u00fct\u00fcn\u00fcn as\u0131l hedefinin ta\u015feronluk ve tetik\u00e7ilik oldu\u011funun b\u00f6lge vatanda\u015flar\u0131 taraf\u0131ndan da g\u00f6r\u00fclmesini istedi; &#8220;Art\u0131k b\u00f6lge halk\u0131n\u0131n rahats\u0131zl\u0131\u011f\u0131n\u0131 ve tepkisini daha g\u00fcr sedayla ortaya koymas\u0131n\u0131 bekliyorum&#8221; dedi.<\/p>\n<p style=\"text-align: justify;\">D\u0131\u015f politika, ekonomi, demokratikle\u015fme ad\u0131mlar\u0131nda, &#8220;Milli Birlik ve Karde\u015flik Projesi&#8221;nde sorunun \u00e7\u00f6z\u00fcm\u00fc i\u00e7in g\u00fc\u00e7l\u00fc bir iradeyi ortaya koyduklar\u0131n\u0131 belirten Erdo\u011fan, &#8220;\u00c7\u00f6z\u00fcmden kimlerin rahats\u0131z oldu\u011funa aziz milletim baks\u0131n, de\u011ferlendirmesini ona g\u00f6re yaps\u0131n&#8221; diye konu\u015ftu.<\/p>\n<p style=\"text-align: justify;\">\u0130stismar zeminini kaybeden ter\u00f6r \u00f6rg\u00fct\u00fcn\u00fcn, \u00e7\u00f6z\u00fcme kar\u015f\u0131 direndi\u011fini anlatan Erdo\u011fan, &#8220;Silah t\u00fcccarlar\u0131, sava\u015f baronlar\u0131 \u00e7\u00f6z\u00fcme kar\u015f\u0131 direniyor. T\u00fcrkiye&#8217;nin istikrars\u0131zl\u0131\u011f\u0131ndan, huzursuzlu\u011fundan \u00e7\u0131kar sa\u011flamaya al\u0131\u015fm\u0131\u015f eli kanl\u0131 \u00e7evreler, \u00e7\u00f6z\u00fcme kar\u015f\u0131 direniyor. \u015eunu da \u00f6zellikle s\u00f6yl\u00fcyorum: \u015eehitleri istismar edenler, \u015fehit cenazeleri \u00fczerinden siyasi rant pe\u015finde ko\u015fanlar \u00e7\u00f6z\u00fcme kar\u015f\u0131 direniyor. T\u00fcrkiye&#8217;nin b\u00f6lgede etkinli\u011finin artmas\u0131ndan daha \u00f6nemli roller \u00fcstlenmesinden rahats\u0131z olanlar ter\u00f6r \u00f6rg\u00fct\u00fcn\u00fcn sald\u0131r\u0131lar\u0131ndan umut ar\u0131yor. T\u00fcrkiye&#8217;nin acziyet i\u00e7ine girece\u011fini d\u00fc\u015f\u00fcnerek ellerini ovu\u015fturuyor ve bunlar, beyhude beklentiler oldu\u011funu hala anlam\u0131yorlar. T\u00fcrkiye her t\u00fcrl\u00fc sorunun \u00fcstesinden gelebilir. Her t\u00fcrl\u00fc engeli a\u015fabilecek b\u00fcy\u00fckl\u00fckte bir \u00fclkedir. Tabii ki bunun bir bedeli var&#8230; Ama inanc\u0131m\u0131z, azmimiz, kararl\u0131\u011f\u0131m\u0131zdan bir \u015fey kaybetmedik. T\u00fcrkiye bu sefer bu kirli oyunu, bu k\u0131s\u0131r d\u00f6ng\u00fcy\u00fc bozacak ve bozuyor&#8221; dedi.<\/p>\n<p style=\"text-align: justify;\"><strong>D\u0131\u015f politika ve eksen kaymas\u0131 tart\u0131\u015fmalar\u0131 <\/strong><\/p>\n<p style=\"text-align: justify;\">Erdo\u011fan, partisinin TBMM Grup toplant\u0131s\u0131nda yapt\u0131\u011f\u0131 konu\u015fmada, ge\u00e7en haftan\u0131n d\u0131\u015f politika a\u00e7\u0131s\u0131ndan olduk\u00e7a yo\u011fun ge\u00e7ti\u011fini anlatt\u0131.<\/p>\n<p style=\"text-align: justify;\">\u0130srail&#8217;in Gazze&#8217;ye yard\u0131m g\u00f6t\u00fcren gemilere sald\u0131rmas\u0131n\u0131 uluslararas\u0131 kurum ve kurulu\u015flar nezdinde sonuna kadar takip edeceklerini bildiren Erdo\u011fan, &#8220;\u0130srail 31 May\u0131s&#8217;ta Gazze&#8217;ye yard\u0131m malzemesi ve yard\u0131m g\u00f6n\u00fcll\u00fclerini ta\u015f\u0131yan gemilere korsanca bir sald\u0131r\u0131da bulundu. \u0130srail, bug\u00fcne kadar b\u00f6lgede uygulad\u0131\u011f\u0131 devlet ter\u00f6r\u00fcn\u00fcn, hukuksuzlu\u011fun, korsanl\u0131\u011f\u0131n bir kez daha ho\u015fg\u00f6r\u00fcyle kar\u015f\u0131lanaca\u011f\u0131n\u0131, unutulaca\u011f\u0131n\u0131, \u00fczerinin kapat\u0131laca\u011f\u0131n\u0131 bekliyordu. \u0130srail, T\u00fcrkiye&#8217;yi ba\u015fka \u00fclkelerle ayn\u0131 kefeye koymak gibi son derece b\u00fcy\u00fck bir yanl\u0131\u015f yapt\u0131. Bu yanl\u0131\u015f\u0131n faturas\u0131n\u0131 \u00f6d\u00fcyor ve \u00f6deyecek&#8221; dedi.<\/p>\n<p style=\"text-align: justify;\">&#8220;\u0130srail bu y\u00f6netimden, T\u00fcrkiye de AK Parti iktidar\u0131ndan kurtulmad\u0131k\u00e7a, T\u00fcrkiye-\u0130srail ili\u015fkileri d\u00fczelmez&#8230;&#8221; \u015feklindeki de\u011ferlendirmeleri hat\u0131rlatan Ba\u015fbakan Erdo\u011fan, &#8220;\u015eu tespite bak. \u015eu lafa bak. \u015eu yakla\u015f\u0131ma bak. Sen kimin avukat\u0131s\u0131n? \u00d6nce bunu s\u00f6yle&#8221; diye konu\u015ftu. T\u00fcrkiye&#8217;nin AK Parti iktidar\u0131yla \u015fu ana kadar nereye geldi\u011fi sorusunu y\u00f6nelten Erdo\u011fan, &#8220;Zerre kadar y\u00fcre\u011finiz varsa, onurunuz varsa, \u00e7\u0131kars\u0131n\u0131z rakamlarla, matematik olarak bu \u00fclke nereden nereye geldi bunu konu\u015fursunuz. Hak ve \u00f6zg\u00fcrl\u00fcklerde nereye geldi bunu konu\u015fursunuz. Demokratik standartlarda neredeydik nereye geldik bunu konu\u015fursunuz&#8221; dedi.<\/p>\n<p style=\"text-align: justify;\"><strong>&#8220;Malum medya&#8230;&#8221; <\/strong><\/p>\n<p style=\"text-align: justify;\">&#8220;Bu malum medyan\u0131n&#8221; Filistin sorununda, Gazze operasyonunda, L\u00fcbnan&#8217;a y\u00f6nelik sald\u0131r\u0131da nerede durdu\u011funu, kimi destekledi\u011fini g\u00f6rd\u00fcklerini anlatan Erdo\u011fan, bu medyan\u0131n ger\u00e7ekleri nas\u0131l \u00f6rtt\u00fc\u011f\u00fcn\u00fc g\u00f6rd\u00fcklerini ve ya\u015fad\u0131klar\u0131n\u0131 s\u00f6yledi. Erdo\u011fan, &#8220;\u015e\u00f6yle gitmi\u015f, b\u00f6yle gitmi\u015f. 19 ya\u015f\u0131ndaki Amerika vatanda\u015f\u0131 olan ama T\u00fcrk orijinli olan Furkan Do\u011fan&#8217;\u0131 aln\u0131nda 5 tane mermiyle katleden zihniyetin bu d\u00fcnyada tan\u0131mlanmas\u0131 nas\u0131l m\u00fcmk\u00fcn? Bunu ne diye tan\u0131mlayacaks\u0131n\u0131z? Bunu ancak vah\u015fice bir ter\u00f6r \u00f6rg\u00fct\u00fc mensubu yapar ve bunu al\u00e7ak\u00e7a yapar. T\u00fcm bunlar\u0131n raporlar\u0131 tek tek \u00e7\u0131kacak. Bu raporlar, bakal\u0131m uluslararas\u0131 hukukta nereye oturacak bunu g\u00f6rece\u011fiz&#8221; dedi.<\/p>\n<p style=\"text-align: justify;\">Erdo\u011fan, &#8220;AB&#8217;nin en etkili isimleri T\u00fcrk d\u0131\u015f politikas\u0131nda bir eksen kaymas\u0131 olmad\u0131\u011f\u0131n\u0131, sorgulanmas\u0131 gereken bir eksen varsa, bunun AB&#8217;nin ekseni oldu\u011funu ifade ediyorlar. \u00c7ok \u00f6nemli. D\u00fcnya bas\u0131n\u0131nda bu geli\u015fmelerle ilgili son derece tarafs\u0131z yay\u0131n yapanlar da var. Bat\u0131n\u0131n T\u00fcrkiye&#8217;ye y\u00f6nelik \u00e7ifte standart tavr\u0131 konu\u015fuluyor. T\u00fcrkiye&#8217;nin eksen kaymas\u0131n\u0131n olmayaca\u011f\u0131, olamayaca\u011f\u0131 yaz\u0131l\u0131yor. Uzaklardan dahi T\u00fcrkiye&#8217;nin ne yapmak istedi\u011fi \u00e7ok net olarak g\u00f6r\u00fcl\u00fcrken bizim miyoplar\u0131m\u0131z olup biteni g\u00f6remiyor. Ya da g\u00f6rmek istemiyor. \u00c7ok a\u00e7\u0131k s\u00f6yl\u00fcyorum; T\u00fcrkiye&#8217;nin ekseni kaym\u0131yor tersine T\u00fcrkiye&#8217;nin ekseni geni\u015fliyor&#8221; dedi.<\/p>\n<p style=\"text-align: justify;\"><span style=\"color: #888888;\">CNN T\u00dcRK<\/span><\/p>\n","protected":false},"excerpt":{"rendered":"<p style=\"text-align: center;\">\n<p style=\"text-align: justify;\">Ba\u015fbakan Recep Tayyip Erdo\u011fan, partisinin grup toplant\u0131s\u0131nda bu kez ter\u00f6r \u00f6rg\u00fct\u00fc PKK ve BDP&#8217;ye y\u00fcklendi. &#8220;Ter\u00f6r eylemleri vicdans\u0131zl\u0131kt\u0131r. Bundan nemalanarak siyaset yapmak da bar\u0131\u015f getirmez&#8221; diyen Erdo\u011fan, &#8220;Bar\u0131\u015f demekle bar\u0131\u015f gelmiyor. PKK ile direkt veya dolayl\u0131 olarak irtibat halinde olanlar, bar\u0131\u015f\u0131 getiremezler; cinayetlere ortak olurlar&#8221; diye konu\u015ftu.<\/p>\n","protected":false},"author":1,"featured_media":0,"comment_status":"open","ping_status":"closed","sticky":false,"template":"","format":"standard","meta":{"footnotes":""},"categories":[105],"tags":[],"class_list":["post-23579","post","type-post","status-publish","format-standard","hentry","category-gundem","odd"],"_links":{"self":[{"href":"http:\/\/www.korhanyilmaz.com\/index.php?rest_route=\/wp\/v2\/posts\/23579","targetHints":{"allow":["GET"]}}],"collection":[{"href":"http:\/\/www.korhanyilmaz.com\/index.php?rest_route=\/wp\/v2\/posts"}],"about":[{"href":"http:\/\/www.korhanyilmaz.com\/index.php?rest_route=\/wp\/v2\/types\/post"}],"author":[{"embeddable":true,"href":"http:\/\/www.korhanyilmaz.com\/index.php?rest_route=\/wp\/v2\/users\/1"}],"replies":[{"embeddable":true,"href":"http:\/\/www.korhanyilmaz.com\/index.php?rest_route=%2Fwp%2Fv2%2Fcomments&post=23579"}],"version-history":[{"count":0,"href":"http:\/\/www.korhanyilmaz.com\/index.php?rest_route=\/wp\/v2\/posts\/23579\/revisions"}],"wp:attachment":[{"href":"http:\/\/www.korhanyilmaz.com\/index.php?rest_route=%2Fwp%2Fv2%2Fmedia&parent=23579"}],"wp:term":[{"taxonomy":"category","embeddable":true,"href":"http:\/\/www.korhanyilmaz.com\/index.php?rest_route=%2Fwp%2Fv2%2Fcategories&post=23579"},{"taxonomy":"post_tag","embeddable":true,"href":"http:\/\/www.korhanyilmaz.com\/index.php?rest_route=%2Fwp%2Fv2%2Ftags&post=23579"}],"curies":[{"name":"wp","href":"https:\/\/api.w.org\/{rel}","templated":true}]}}