{"id":23569,"date":"2010-06-11T14:09:53","date_gmt":"2010-06-11T14:09:53","guid":{"rendered":"http:\/\/www.korhanyilmaz.com\/?p=23569"},"modified":"2010-06-11T14:09:53","modified_gmt":"2010-06-11T14:09:53","slug":"23569","status":"publish","type":"post","link":"http:\/\/www.korhanyilmaz.com\/?p=23569","title":{"rendered":"IHH&#8217;n\u0131n Yeni Ad\u0131"},"content":{"rendered":"<p><a href=\"http:\/\/www.korhanyilmaz.com\/wp-content\/uploads\/2010\/06\/0201.jpg\"  class=\"lightview\"><img loading=\"lazy\" decoding=\"async\" class=\"aligncenter size-full wp-image-23570\" src=\"http:\/\/www.korhanyilmaz.com\/wp-content\/uploads\/2010\/06\/0201.jpg\" alt=\"\" width=\"250\" height=\"175\" \/><\/a><\/p>\n<p style=\"text-align: justify;\">ADININ a\u00e7\u0131l\u0131m\u0131 almanca olan \u0130nsani Yard\u0131m Vakf\u0131 (<strong>I<\/strong>nternationale <strong>H<\/strong>umanitaere <strong>H<\/strong>ilfsorganisation) ile Almanya\u2019daki ayn\u0131 isimdeki <strong>IHH<\/strong> e.V.\u2019yu kar\u015f\u0131la\u015ft\u0131rd\u0131k ya, kafalar kar\u0131\u015ft\u0131.<!--more--><\/p>\n<p style=\"text-align: justify;\">Okurun ve vatanda\u015f\u0131n kafas\u0131 net de, kafay\u0131 kar\u0131\u015ft\u0131ran iki IHH\u2019n\u0131n yetkilileri oldu.<\/p>\n<p style=\"text-align: justify;\">Bu kafa kar\u0131\u015f\u0131kl\u0131\u011f\u0131n\u0131n ard\u0131nda ise, daha y\u00fcksek idealler yat\u0131yor.<\/p>\n<p style=\"text-align: justify;\">Bu idealler, Filistin, a\u00e7 M\u00fcsl\u00fcmanlar filan de\u011fildir&#8230;<\/p>\n<p style=\"text-align: justify;\"><strong>Bu idealler, gelen paran\u0131n bir \u015fekilde payla\u015f\u0131m\u0131d\u0131r.<\/strong><\/p>\n<p style=\"text-align: justify;\">Bu nedenle, \u201cBizim birbirimizle ilgimiz yok\u201d iddias\u0131yla ortaya \u00e7\u0131kan iki IHH, birbirine kar\u015f\u0131 isim hakk\u0131 davas\u0131 a\u00e7maz&#8230;<\/p>\n<p style=\"text-align: justify;\">Ayn\u0131 ismi kullan\u0131rlar, karde\u015f\u00e7e&#8230;<\/p>\n<p style=\"text-align: justify;\"><strong>ALMANYA\u2019DA WEFA\u2019YI KURDU <\/strong><\/p>\n<p style=\"text-align: justify;\">\u015eimdi s\u0131rayla gidelim&#8230;<\/p>\n<p style=\"text-align: justify;\"><strong>IHH Almanya, Alman adli makamlar\u0131 taraf\u0131ndan s\u0131k\u0131 takip alt\u0131ndad\u0131r. Bir y\u0131l \u00f6nceki Milli G\u00f6r\u00fc\u015f bask\u0131nlar\u0131yla sars\u0131lmaktad\u0131r.<\/strong><\/p>\n<p style=\"text-align: justify;\">Haklar\u0131nda ne t\u00fcr belgelerin \u00e7\u0131kaca\u011f\u0131, yak\u0131nda ba\u015flayacak olan duru\u015fmalarda ortaya d\u00f6k\u00fclecektir.<\/p>\n<p style=\"text-align: justify;\">Avrupa \u00fclkelerinin resmi raporlar\u0131, bunlar\u0131 radikal- islamc\u0131 \u00f6rg\u00fctlerle ba\u011flant\u0131l\u0131 g\u00f6rmektedir.<\/p>\n<p style=\"text-align: justify;\">Pek fazla seslerinin \u00e7\u0131kmamas\u0131n\u0131n tek nedeni budur&#8230;<\/p>\n<p style=\"text-align: justify;\">Yoksa onlar\u0131n gemileri \u00e7oktan haz\u0131rd\u0131&#8230;<\/p>\n<p style=\"text-align: justify;\"><span style=\"text-decoration: underline;\">T\u00fcrkiye IHH ise, AKP sayesinde midir bilinmez, HAMAS\u2019la birlikte rahatl\u0131kla \u00e7al\u0131\u015fabilmekte ve istedi\u011fi gibi at oynatmaktad\u0131r.<\/span><\/p>\n<p style=\"text-align: justify;\">Ve o IHH, bir s\u00fcre \u00f6nce Almanya\u2019daki <strong>IHH<\/strong> ile g\u00f6r\u00fc\u015f ayr\u0131l\u0131\u011f\u0131na d\u00fc\u015fmesi sonucu, Almanya\u2019da <strong>WEFA e.V<\/strong>.\u2019yu (e.V.: Kamuya yararl\u0131 dernek) kurmu\u015ftur.<\/p>\n<p style=\"text-align: justify;\"><strong>WEFA, T\u00fcrkiye\u2019deki IHH\u2019n\u0131n Almanya\u2019daki koludur.<\/strong><\/p>\n<p style=\"text-align: justify;\">T\u00fcrkiye\u2019deki IHH ile birlikte \u00e7al\u0131\u015f\u0131r.<\/p>\n<p style=\"text-align: justify;\">\u00c7e\u015fitli \u00fclkelere yap\u0131lacak yard\u0131mlar\u0131 birlikte organize ederler&#8230;<\/p>\n<p style=\"text-align: justify;\">Hatta son Afganistan operasyonu s\u0131ras\u0131ndaki u\u00e7ak kazas\u0131nda, bir IHH\u2019c\u0131 ile bir WEFA\u2019c\u0131 birlikte can vermi\u015fti.<\/p>\n<p style=\"text-align: justify;\">WEFA \u0130nsani Yardim Organizasyonu Y\u00f6netim Kurulu \u00fcyesi Bahattin Y\u0131ld\u0131z ile T\u00fcrkiye IHH \u0130nsani Yard\u0131m Vakf\u0131 Asya Sorumlusu Faruk Akta\u015f\u2019t\u0131 bunlar&#8230;<\/p>\n<p style=\"text-align: justify;\"><strong>Bildi\u011fimiz kadar\u0131yla bu ikisi i\u00e7in \u201c\u015fehitlik\u201d tart\u0131\u015fmas\u0131 filan yap\u0131lmad\u0131. <\/strong><\/p>\n<p style=\"text-align: justify;\"><strong>ADIM ADIM YO\u011eUN \u0130SLAMCI FAAL\u0130YET<\/strong><\/p>\n<p style=\"text-align: justify;\">T\u00fcrkiye\u2019de se\u00e7imlerin yakla\u015ft\u0131\u011f\u0131 anlamak i\u00e7in, as\u0131l b\u00f6yle durumlara bakmak gerekiyor.<\/p>\n<p style=\"text-align: justify;\">1990\u2019l\u0131 y\u0131llar\u0131n ilk yar\u0131s\u0131ndan itibaren \u201cislam\u0131 kullanan\u201d \u00f6rg\u00fctler, her se\u00e7im \u00f6ncesi yo\u011fun faaliyetler i\u00e7ine girer..<\/p>\n<p style=\"text-align: justify;\">\u0130lk ad\u0131m insanlar\u0131n yard\u0131m duygular\u0131n\u0131 k\u00f6r\u00fcklemektir.<\/p>\n<p style=\"text-align: justify;\">\u0130kinci ad\u0131m, bu k\u00f6r\u00fcklemekle birlikte nakti veya ayni yard\u0131mlar\u0131n akmas\u0131n\u0131 sa\u011flamakt\u0131r.<\/p>\n<p style=\"text-align: justify;\">\u00dc\u00e7\u00fcnc\u00fc ad\u0131m, bu yard\u0131mlar\u0131n kullan\u0131ld\u0131\u011f\u0131n\u0131, kendilerine ait yay\u0131n organlar\u0131 ile halka g\u00f6stermek ve tekrar tekrar aktarmakt\u0131r.<\/p>\n<p style=\"text-align: justify;\">D\u00f6rd\u00fcnc\u00fc ad\u0131m, yard\u0131mlar\u0131n katlanarak gelmesini sa\u011flamakt\u0131r.<\/p>\n<p style=\"text-align: justify;\">Nihai ama\u00e7, belirli bir siyaseti desteklemektir.<\/p>\n<p style=\"text-align: justify;\">Deniz Feneri\u2019nde de aynen b\u00f6yle olmu\u015ftur&#8230;<\/p>\n<p style=\"text-align: justify;\">Milli G\u00f6r\u00fc\u015f\u2019\u00fcn yard\u0131m organizasyonlar\u0131nda da&#8230;<\/p>\n<p style=\"text-align: justify;\">\u0130stanbul\u2019daki IHH\u2019n\u0131n, yurt d\u0131\u015f\u0131ndaki IHH ba\u011flant\u0131lar\u0131 ile alt kurulu\u015flar\u0131n\u0131n da bu ama\u00e7la incelenmesi gerekir.<\/p>\n<p style=\"text-align: justify;\">Ne kadar para topland\u0131\u011f\u0131, bunlar\u0131n ne kadar\u0131n\u0131n yard\u0131ma gitti\u011fi, ne kadar\u0131n\u0131n ama\u00e7 d\u0131\u015f\u0131 kullan\u0131ld\u0131\u011f\u0131, ne kadar\u0131n\u0131n belli bir siyasete destek i\u00e7in aktar\u0131ld\u0131\u011f\u0131 tespit edilmelidir.<\/p>\n<p style=\"text-align: justify;\">T\u00fcrkiye\u2019deki IHH\u2019n\u0131n Gazze Seferi bu g\u00f6zle okunmal\u0131&#8230;<\/p>\n<p style=\"text-align: justify;\">Sefer ne kadar g\u00fcndeme oturursa, o derece akacak yard\u0131m b\u00fcy\u00fck olurdu.<\/p>\n<p style=\"text-align: justify;\">Hatta bu u\u011furda, insanlara \u201c\u015fehitlik duygusu\u201d bile a\u015f\u0131lanabilirdi.<\/p>\n<p style=\"text-align: justify;\">\u00c7\u00fcnk\u00fc ne de olsa, o payeyi verecek olanlar iktidardayd\u0131&#8230;<\/p>\n<p style=\"text-align: justify;\">\u00d6yle de oldu, insanlar a\u00e7\u0131k a\u00e7\u0131k \u00f6l\u00fcme g\u00f6t\u00fcr\u00fcld\u00fc.<\/p>\n<p style=\"text-align: justify;\"><strong>9 K\u0130\u015e\u0130Y\u0130 \u00d6L\u00dcME G\u00d6T\u00dcRD\u00dc, HALA KONU\u015eUYOR <\/strong><\/p>\n<p style=\"text-align: justify;\">Bug\u00fcn IHH Ba\u015fkan\u0131 B\u00fclent Y\u0131ld\u0131r\u0131m\u2019\u0131n, 9 ki\u015fiyi \u00f6l\u00fcme g\u00f6t\u00fcrmekten, \u0130srail vah\u015fetine kurban vermekten yarg\u0131lanmas\u0131 gerekirken, kahraman gibi dola\u015fmas\u0131, tv kanallar\u0131nda ak\u015fama kadar nutuk atmas\u0131 tam bir hukuk facias\u0131d\u0131r.<\/p>\n<p style=\"text-align: justify;\">Destekledikleri ve destek g\u00f6rd\u00fckleri siyaset, aksini savunsa bile&#8230;<\/p>\n<p style=\"text-align: justify;\">IHH, i\u00e7indeki mevcut AKP ba\u011f\u0131yla zaten s\u0131r\u0131t\u0131yor.<\/p>\n<p style=\"text-align: justify;\">Bir de, akl\u0131 ba\u015f\u0131nda bir savc\u0131n\u0131n kalk\u0131p \u201c<strong>Hem\u015ferim sen toplad\u0131\u011f\u0131n paralar\u0131 ne yap\u0131yorsun, hele bir hesab\u0131n\u0131 ver<\/strong>\u201d demesi halinde ta\u015flar\u0131n yerine oturaca\u011f\u0131na inan\u0131yoruz.<\/p>\n<p style=\"text-align: justify;\">Ve \u015funu art\u0131k \u00e7ok iyi biliyoruz;<\/p>\n<p style=\"text-align: justify;\">Ne zamanki, islam\u0131 kendi \u00e7\u0131karlar\u0131na alet eden bir k\u0131s\u0131m yard\u0131m kurulu\u015flar\u0131 faaliyetlerini art\u0131r\u0131yor, T\u00fcrkiye se\u00e7im sath\u0131na giriyor&#8230;<\/p>\n<p style=\"text-align: justify;\">Se\u00e7imin tarihini de, akacak ve \u00e7e\u015fitli kanallarla belli bir siyaseti destekleyecek paran\u0131n miktar\u0131 belirleyecek.<\/p>\n<p style=\"text-align: justify;\">Ne kadar \u00e7ok toplan\u0131rsa, se\u00e7im o kadar erken olur&#8230;<\/p>\n<p style=\"text-align: justify;\">Yoksa, IHH\u2019c\u0131lar o gemiyi bo\u015funa alm\u0131\u015f, \u0130srail seferine de bo\u015funa g\u00f6nderilmi\u015f (pardon \u00e7\u0131km\u0131\u015f) olur&#8230;<\/p>\n<p style=\"text-align: justify;\">\u015eimdi anlad\u0131n\u0131z m\u0131, vehbinin kerrakesini?<\/p>\n<p style=\"text-align: justify;\"><strong>K\u0130M BU CANSUYU? <\/strong><\/p>\n<p style=\"text-align: justify;\">\u0130SLAMCI kesimde son y\u0131llarda artan, \u201cd\u00fcnyadaki fakir-fukara m\u00fcsl\u00fcmanlara yard\u0131m merak\u0131\u201d bir \u00e7ok olu\u015fumun bu y\u00f6ne kaymas\u0131na neden oldu.<\/p>\n<p style=\"text-align: justify;\">Bir d\u00f6nemler \u201cfaizsiz kazan\u00e7\u201d vaadiyle para toplayan Ye\u015fil Sermaye \u00f6rg\u00fctlerinin yerini Ye\u015fil Yard\u0131m \u00d6rg\u00fctleri (YY\u00d6) ald\u0131&#8230;<\/p>\n<p style=\"text-align: justify;\">YY\u00d6\u2019ler T\u00fcrkiye\u2019de yeteri kadar denetlenmedi\u011finden art\u0131k oraya y\u00f6nelmi\u015f durumda.<\/p>\n<p style=\"text-align: justify;\">Avrupa idari makamlar\u0131n\u0131n bask\u0131s\u0131, bunlar\u0131n elden para toplay\u0131p istedikleri gibi kullanmalar\u0131n\u0131 az da olsa k\u0131s\u0131tl\u0131yor \u00e7\u00fcnk\u00fc.<\/p>\n<p style=\"text-align: justify;\">Yine de bir \u00e7ok \u00f6rg\u00fct ortaya \u00e7\u0131k\u0131yor. Islamic Relief, Cansuyu, IHH, IHH e.V., WEFA gibi&#8230;<\/p>\n<p style=\"text-align: justify;\">Bunlar\u0131n t\u00fcm\u00fcn\u00fcn birden Milli G\u00f6r\u00fc\u015f veya Yenilik\u00e7iler kanad\u0131ndan oldu\u011funu s\u00f6ylemek yanl\u0131\u015f olur.<\/p>\n<p style=\"text-align: justify;\"><strong>Cansuyu ise ba\u015fka bir cemaatin izlerini ta\u015f\u0131yor. Ucu ABD\u2019ye kadar uzanan&#8230;<\/strong><\/p>\n<p style=\"text-align: justify;\">Bir gazetenin bunu desteklemek i\u00e7in \u00e7\u0131rp\u0131nmas\u0131na bak\u0131nca siz de hak vereceksiniz&#8230;<\/p>\n<p style=\"text-align: justify;\">Ye\u015fil Sermaye \u00f6rg\u00fctlerinin ipli\u011finin pazara \u00e7\u0131kmas\u0131 i\u00e7in 10 y\u0131l gerekti.<\/p>\n<p style=\"text-align: justify;\">\u0130nsani yard\u0131m k\u0131l\u0131fl\u0131 bu \u00f6rg\u00fctleri ise T\u00fcrk halk\u0131 daha ne kadar s\u0131rt\u0131nda ta\u015f\u0131yacak, bunu \u015fimdilik bilemiyoruz&#8230;<\/p>\n<p style=\"text-align: justify;\"><span style=\"color: #888888;\">Kaynak : Ali G\u00fclen &#8211; Odatv.com<\/span><\/p>\n","protected":false},"excerpt":{"rendered":"<\/p>\n<p style=\"text-align: justify;\">ADININ a\u00e7\u0131l\u0131m\u0131 almanca olan \u0130nsani Yard\u0131m Vakf\u0131 (Internationale Humanitaere Hilfsorganisation) ile Almanya\u2019daki ayn\u0131 isimdeki IHH e.V.\u2019yu kar\u015f\u0131la\u015ft\u0131rd\u0131k ya, kafalar kar\u0131\u015ft\u0131.<\/p>\n","protected":false},"author":1,"featured_media":0,"comment_status":"open","ping_status":"closed","sticky":false,"template":"","format":"standard","meta":{"footnotes":""},"categories":[105],"tags":[26],"class_list":["post-23569","post","type-post","status-publish","format-standard","hentry","category-gundem","tag-gazze-gemisinde-hangi-muteahhitler-vardi","odd"],"_links":{"self":[{"href":"http:\/\/www.korhanyilmaz.com\/index.php?rest_route=\/wp\/v2\/posts\/23569","targetHints":{"allow":["GET"]}}],"collection":[{"href":"http:\/\/www.korhanyilmaz.com\/index.php?rest_route=\/wp\/v2\/posts"}],"about":[{"href":"http:\/\/www.korhanyilmaz.com\/index.php?rest_route=\/wp\/v2\/types\/post"}],"author":[{"embeddable":true,"href":"http:\/\/www.korhanyilmaz.com\/index.php?rest_route=\/wp\/v2\/users\/1"}],"replies":[{"embeddable":true,"href":"http:\/\/www.korhanyilmaz.com\/index.php?rest_route=%2Fwp%2Fv2%2Fcomments&post=23569"}],"version-history":[{"count":0,"href":"http:\/\/www.korhanyilmaz.com\/index.php?rest_route=\/wp\/v2\/posts\/23569\/revisions"}],"wp:attachment":[{"href":"http:\/\/www.korhanyilmaz.com\/index.php?rest_route=%2Fwp%2Fv2%2Fmedia&parent=23569"}],"wp:term":[{"taxonomy":"category","embeddable":true,"href":"http:\/\/www.korhanyilmaz.com\/index.php?rest_route=%2Fwp%2Fv2%2Fcategories&post=23569"},{"taxonomy":"post_tag","embeddable":true,"href":"http:\/\/www.korhanyilmaz.com\/index.php?rest_route=%2Fwp%2Fv2%2Ftags&post=23569"}],"curies":[{"name":"wp","href":"https:\/\/api.w.org\/{rel}","templated":true}]}}