{"id":23565,"date":"2010-06-15T18:42:20","date_gmt":"2010-06-15T18:42:20","guid":{"rendered":"http:\/\/www.korhanyilmaz.com\/?p=23565"},"modified":"2010-06-15T18:42:20","modified_gmt":"2010-06-15T18:42:20","slug":"yine-mayin-yine-sehit","status":"publish","type":"post","link":"http:\/\/www.korhanyilmaz.com\/?p=23565","title":{"rendered":"Yine may\u0131n yine \u015fehit!.."},"content":{"rendered":"<p><a href=\"http:\/\/www.korhanyilmaz.com\/wp-content\/uploads\/2010\/06\/0191.jpg\"  class=\"lightview\"><img loading=\"lazy\" decoding=\"async\" class=\"aligncenter size-full wp-image-23566\" src=\"http:\/\/www.korhanyilmaz.com\/wp-content\/uploads\/2010\/06\/0191.jpg\" alt=\"\" width=\"250\" height=\"190\" \/><\/a><\/p>\n<p style=\"text-align: justify;\">\u015e\u0131rnak Uludere k\u0131rsal\u0131nda may\u0131n patlad\u0131. 1 asker \u015fehit oldu, 3 asker \u015fehit oldu.<\/p>\n<p style=\"text-align: justify;\">\u015e\u0131rnak Valili\u011fi&#8217;nden yap\u0131lan yaz\u0131l\u0131 a\u00e7\u0131klamada, \u015f\u00f6yle denildi:<\/p>\n<p style=\"text-align: justify;\">&#8220;15 Haziran 2010 g\u00fcn\u00fc saat 10.45 s\u0131ralar\u0131nda \u015e\u0131rnak-Uludere s\u0131n\u0131r hatt\u0131nda s\u0131n\u0131r g\u00fcvenli\u011fi kapsam\u0131nda a\u00e7\u0131lma \u00e7al\u0131\u015fmalar\u0131 devam eden \u00fcs b\u00f6lgelerinde, ter\u00f6r \u00f6rg\u00fct\u00fc mensuplar\u0131nca yerle\u015ftirilen el yap\u0131m\u0131 patlay\u0131c\u0131 maddenin infilak etmesi sonucu, 1 askerimiz \u015fehit olmu\u015f, 3 askerimiz yaralanm\u0131\u015ft\u0131r. Yaral\u0131lar \u015e\u0131rnak Asker Hastanesine sevk edilmi\u015f olup, tedavilerine devam edilmektedir.&#8221;<\/p>\n<p style=\"text-align: justify;\"><span style=\"color: #888888;\">CNN T\u00dcRK<\/span><\/p>\n","protected":false},"excerpt":{"rendered":"<\/p>\n<p style=\"text-align: justify;\">\u015e\u0131rnak Uludere k\u0131rsal\u0131nda may\u0131n patlad\u0131. 1 asker \u015fehit oldu, 3 asker \u015fehit oldu.<\/p>\n<p style=\"text-align: justify;\">\u015e\u0131rnak Valili\u011fi&#8217;nden yap\u0131lan yaz\u0131l\u0131 a\u00e7\u0131klamada, \u015f\u00f6yle denildi:<\/p>\n<p style=\"text-align: justify;\">&#8220;15 Haziran 2010 g\u00fcn\u00fc saat 10.45 s\u0131ralar\u0131nda \u015e\u0131rnak-Uludere s\u0131n\u0131r hatt\u0131nda s\u0131n\u0131r g\u00fcvenli\u011fi kapsam\u0131nda a\u00e7\u0131lma \u00e7al\u0131\u015fmalar\u0131 devam eden \u00fcs b\u00f6lgelerinde, ter\u00f6r \u00f6rg\u00fct\u00fc mensuplar\u0131nca yerle\u015ftirilen el yap\u0131m\u0131 patlay\u0131c\u0131 maddenin infilak <\/p>\n","protected":false},"author":1,"featured_media":0,"comment_status":"open","ping_status":"closed","sticky":false,"template":"","format":"standard","meta":{"footnotes":""},"categories":[105],"tags":[],"class_list":["post-23565","post","type-post","status-publish","format-standard","hentry","category-gundem","odd"],"_links":{"self":[{"href":"http:\/\/www.korhanyilmaz.com\/index.php?rest_route=\/wp\/v2\/posts\/23565","targetHints":{"allow":["GET"]}}],"collection":[{"href":"http:\/\/www.korhanyilmaz.com\/index.php?rest_route=\/wp\/v2\/posts"}],"about":[{"href":"http:\/\/www.korhanyilmaz.com\/index.php?rest_route=\/wp\/v2\/types\/post"}],"author":[{"embeddable":true,"href":"http:\/\/www.korhanyilmaz.com\/index.php?rest_route=\/wp\/v2\/users\/1"}],"replies":[{"embeddable":true,"href":"http:\/\/www.korhanyilmaz.com\/index.php?rest_route=%2Fwp%2Fv2%2Fcomments&post=23565"}],"version-history":[{"count":0,"href":"http:\/\/www.korhanyilmaz.com\/index.php?rest_route=\/wp\/v2\/posts\/23565\/revisions"}],"wp:attachment":[{"href":"http:\/\/www.korhanyilmaz.com\/index.php?rest_route=%2Fwp%2Fv2%2Fmedia&parent=23565"}],"wp:term":[{"taxonomy":"category","embeddable":true,"href":"http:\/\/www.korhanyilmaz.com\/index.php?rest_route=%2Fwp%2Fv2%2Fcategories&post=23565"},{"taxonomy":"post_tag","embeddable":true,"href":"http:\/\/www.korhanyilmaz.com\/index.php?rest_route=%2Fwp%2Fv2%2Ftags&post=23565"}],"curies":[{"name":"wp","href":"https:\/\/api.w.org\/{rel}","templated":true}]}}