{"id":23556,"date":"2010-06-04T00:26:43","date_gmt":"2010-06-04T00:26:43","guid":{"rendered":"http:\/\/www.korhanyilmaz.com\/?p=23556"},"modified":"2010-06-04T00:26:43","modified_gmt":"2010-06-04T00:26:43","slug":"23556","status":"publish","type":"post","link":"http:\/\/www.korhanyilmaz.com\/?p=23556","title":{"rendered":"Gazze Gemisinde Hangi M\u00fcteahhitler Vard\u0131"},"content":{"rendered":"<p><a href=\"http:\/\/www.korhanyilmaz.com\/wp-content\/uploads\/2010\/06\/0181.jpg\"  class=\"lightview\"><img loading=\"lazy\" decoding=\"async\" class=\"aligncenter size-full wp-image-23557\" src=\"http:\/\/www.korhanyilmaz.com\/wp-content\/uploads\/2010\/06\/0181.jpg\" alt=\"\" width=\"250\" height=\"175\" \/><\/a><\/p>\n<p style=\"text-align: justify;\"><strong>Y\u0131l 2008, aylardan Temmuz. <\/strong><\/p>\n<p style=\"text-align: justify;\">AKP panik i\u00e7inde \u2018kapatma davas\u0131\u2019n\u0131n sonucunu beklemektedir. D\u0131\u015fi\u015flerimin Bakan\u0131 Ali Babacan\u2019d\u0131r.<\/p>\n<p style=\"text-align: justify;\">AKP h\u00fck\u00fcmeti tarihte bir ilki ger\u00e7ekle\u015ftirir ve yolluk, u\u00e7ak bileti \u00f6deyerek T\u00fcrkiye\u2019nin 140 b\u00fcy\u00fckel\u00e7isini Ankara\u2019ya \u00e7a\u011f\u0131r\u0131r. <!--more--><\/p>\n<p style=\"text-align: justify;\">D\u0131\u015fi\u015fleri, bu toplant\u0131y\u0131 \u201cD\u00fcnyada sadece kapatma davas\u0131 ve g\u00f6zalt\u0131na al\u0131nan pa\u015falarla an\u0131l\u0131r olduk. T\u00fcrkiye\u2019nin d\u0131\u015f politikas\u0131na yeniden \u015fekil vermek i\u00e7in harekete ge\u00e7tik\u201d diye izah ederse de, d\u0131\u015f politikan\u0131n 4 g\u00fcnl\u00fck bir toplant\u0131da de\u011fi\u015fmeyece\u011fini \/ \u015fekillenemeyece\u011fini en iyi bilen yine D\u0131\u015fi\u015fleri\u2019dir.<\/p>\n<p style=\"text-align: justify;\">Zeka katsay\u0131s\u0131 oda \u0131s\u0131s\u0131ndan y\u00fcksek herkes, bu toplant\u0131y\u0131 \u201cAKP kapat\u0131l\u0131rsa, b\u00fcy\u00fckel\u00e7ilerin bulunduklar\u0131 \u00fclke nezdinde giri\u015fimde bulunmas\u0131n\u0131, T\u00fcrk yarg\u0131s\u0131n\u0131n karar\u0131na d\u00fcnya \u00e7ap\u0131nda tepki g\u00f6sterilmesinin sa\u011flanmas\u0131n\u0131 istiyorlar\u201d \u015feklinde yorumlan\u0131r.<\/p>\n<p style=\"text-align: justify;\">&#8212;<\/p>\n<p style=\"text-align: justify;\"><strong>Y\u0131l 2009, g\u00fcnlerden 11 May\u0131s.<\/strong><\/p>\n<p style=\"text-align: justify;\">Domuz gribi hen\u00fcz Misak-\u0131 Milli s\u0131n\u0131rlar\u0131ndan i\u00e7eri girmemi\u015ftir. Sa\u011fl\u0131\u011f\u0131m\u0131n Bakanl\u0131\u011f\u0131 \u2018tedbir almakta olduklar\u0131n\u0131\u2019 beyan etmektedir. Tedbir dedikleri, hastal\u0131\u011f\u0131n kendisinden daha tehlikeli olan a\u015f\u0131s\u0131n\u0131n ithalidir. A\u015f\u0131y\u0131 Ba\u015fbakan\u2019dan habersiz ithal edecek olan Sa\u011fl\u0131\u011f\u0131m\u0131n Bakan\u0131, ihtimal ki, domuz gribi pani\u011finden farkl\u0131 bir panik de ya\u015famaktad\u0131r.<\/p>\n<p style=\"text-align: justify;\">Al\u0131nan tedbirleri g\u00f6r\u00fc\u015fmek \u00fczere, <strong>Sa\u011fl\u0131\u011f\u0131m\u0131n Bakanl\u0131\u011f\u0131 81 ilin valisini Ankara\u2019ya \u00e7a\u011f\u0131r\u0131r<\/strong>.<\/p>\n<p style=\"text-align: justify;\">Ve ilahi bir tesad\u00fcf neticesi, ayn\u0131 g\u00fcn, ABD\u2019den gelen bir u\u00e7aktan \u0130stanbul\u2019da inen Irak as\u0131ll\u0131 iki turist, domuz gribi \u015f\u00fcphesiyle hastaneye sevkedilir. Bir hastaneden di\u011ferine g\u00f6nderilirken ka\u00e7ar kaybolurlar.<\/p>\n<p style=\"text-align: justify;\">Kitlesel domuz gribi pani\u011fi bu tarihten sonra yay\u0131lmaya ba\u015flar.<\/p>\n<p style=\"text-align: justify;\">&#8212;<\/p>\n<p style=\"text-align: justify;\"><strong>Y\u0131l 2010, aylardan Nisan. <\/strong><\/p>\n<p style=\"text-align: justify;\">Siirt\u2019te k\u00fc\u00e7\u00fck ya\u015fta k\u0131zlara, hac\u0131dede, kamu g\u00f6revlisi, esnaf vs. y\u00fczlerce erke\u011fin iki y\u0131ld\u0131r tecav\u00fcz etmekte olduklar\u0131 ortaya \u00e7\u0131kar. Siirtliler, \u201cad\u0131m\u0131z k\u00f6t\u00fcye \u00e7\u0131kmas\u0131n\u201d diye tecav\u00fczlere g\u00f6z yummaktad\u0131rlar. Emniyet, savc\u0131l\u0131k, soru\u015fturman\u0131n \u2018gizli\u2019 olmas\u0131 sebebiyle bilgi vermemektedir.<\/p>\n<p style=\"text-align: justify;\">Bu \u2018tecav\u00fcz dayan\u0131\u015fmas\u0131\u2019 toplumda infial yarat\u0131r. Zaten siyasilere, \u00f6zellikle AKP\u2019ye duyulan tepki had safhadad\u0131r.<\/p>\n<p style=\"text-align: justify;\">Halk\u0131n, siyasileri protestosu \u201cNe geldin ulan?\u201ddan bir basamak yukar\u0131ya, \u201cBu sana T\u00fcrk milletinin yumru\u011fu\u201d a\u015famas\u0131na ta\u015f\u0131n\u0131r.<\/p>\n<p style=\"text-align: justify;\">\u201cYumruklama\u201d Ahmet T\u00fcrk\u2019le ba\u015flar. Enerji Bakan\u0131 Taner Y\u0131ld\u0131z\u2019la devam eder.<\/p>\n<p style=\"text-align: justify;\">Her yumrukta burnunun dire\u011fi s\u0131zlayan AKP, yine panikler.<\/p>\n<p style=\"text-align: justify;\"><strong>Siirt\u2019teki tecav\u00fcz ve yumruklama olaylar\u0131n\u0131 isti\u015fare etmek \u00fczere, 81 ilin valisini ve emniyet m\u00fcd\u00fcr\u00fcn\u00fc Ankara\u2019ya \u00e7a\u011f\u0131r\u0131r.<\/strong><\/p>\n<p style=\"text-align: justify;\">Dikkatinizi \u00e7ekerim Aziz and Azize okur! AKP\u2019liler her paniklediklerinde, internet, faks, telefon vs. ileti\u015fim ara\u00e7lar\u0131 yetmiyor veya bu ara\u00e7lara g\u00fcvenmiyorlar. B\u00fcy\u00fckel\u00e7i, vali, emniyet m\u00fcd\u00fcr\u00fc, t\u00fcm \u00fcst d\u00fczey g\u00f6revliler, izinde iseler izinlerini iptal edilip Ankara\u2019ya \u00e7a\u011f\u0131r\u0131l\u0131yorlar.<\/p>\n<p style=\"text-align: justify;\">&#8212;<\/p>\n<p style=\"text-align: justify;\"><strong>Y\u0131l 2010, aylardan May\u0131s.<\/strong><\/p>\n<p style=\"text-align: justify;\">Yine bir \u2018ilk\u2019e imza at\u0131l\u0131r ve Sanayimin Bakan\u0131, <strong>T\u00fcrkiye\u2019deki otomotiv sekt\u00f6r\u00fcn\u00fcn t\u00fcm temsilcilerini Ankara\u2019ya \u00e7a\u011f\u0131r\u0131r.<\/strong><\/p>\n<p style=\"text-align: justify;\">Bakan, konu\u015fmas\u0131nda \u201cDetroit\u2019in, otomotiv sekt\u00f6r\u00fcn\u00fcn merkezi olma \u00f6zelli\u011fini art\u0131k kaybetti\u011fini, Bursa\u2019n\u0131n yeni otomotiv merkezi olmas\u0131 gerekti\u011fini s\u00f6yler.<\/p>\n<p style=\"text-align: justify;\">\u0130ki y\u0131l \u00f6nce \u0130ngiltere krali\u00e7esi Bursa\u2019da \u2018Osmanl\u0131\u2019yla bulu\u015ftu\u2019\u011funda s\u00f6ylenmi\u015fti bu c\u00fcmle \u201cBursa Detroit olabilir.\u201d Otomotiv sekt\u00f6r\u00fc temsilcilerinin neyin pani\u011fiyle Ankara\u2019ya \u00e7a\u011f\u0131r\u0131ld\u0131\u011f\u0131n\u0131 bekleyip g\u00f6rece\u011fiz (R\u0131fat Hisarc\u0131kl\u0131o\u011flu ilk anlayanlardan olur tahminimiz).<\/p>\n<p style=\"text-align: justify;\">&#8212;<\/p>\n<p style=\"text-align: justify;\"><strong>8 Haziran 2010\u2019da Ankara\u2019ya kimler \u00e7a\u011f\u0131r\u0131ld\u0131 biliyor musunuz? 81 ilin t\u00fcm in\u015faat malzemesi sat\u0131c\u0131 temsilcileri.<\/strong><\/p>\n<p style=\"text-align: justify;\">\u0130n\u015faat malzemesi sat\u0131c\u0131lar\u0131m\u0131z\u0131n sorunlar\u0131 ve g\u00f6r\u00fc\u015fleri dile getirilecek, h\u00fck\u00fcmete rapor verilecekmi\u015f.<\/p>\n<p style=\"text-align: justify;\">Gazze\u2019ye Recep Bey\u2019in \u0131srarla sokmak istedi\u011fi gemideki malzeme neydi hat\u0131rl\u0131yor musunuz?<\/p>\n<p style=\"text-align: justify;\">\u0130la\u00e7, g\u0131da vs. de\u011fil, \u00fczerinde \u0131srarla durdu\u011fu in\u015faat malzemesidir.<\/p>\n<p style=\"text-align: justify;\">AKP\u2019nin panik halinde son \u2018\u00e7a\u011f\u0131rma\u2019, \u2018ba\u015f\u0131na toplama\u2019 olay\u0131 bu da de\u011fil.<\/p>\n<p style=\"text-align: justify;\">Kemal K\u0131l\u0131\u00e7daro\u011flu\u2019nun CHP\u2019sinin yaratt\u0131\u011f\u0131 pani\u011fin boyutu \u00e7ok b\u00fcy\u00fck. AKP, bast\u0131\u011f\u0131 zeminin aya\u011f\u0131n\u0131n alt\u0131ndan kaymaya ba\u015flad\u0131\u011f\u0131n\u0131 hissetti. Bu sefer bir ba\u015fka t\u00fcrl\u00fc \u00fcrkt\u00fcler ki, 81 il yetmedi, uluslararas\u0131 \u00e7a\u011fr\u0131lar yapmaya ba\u015flad\u0131lar.<\/p>\n<p style=\"text-align: justify;\">\u015eimdi ba\u015fta Hamas olmak \u00fczere, t\u00fcm radikal islamc\u0131 ter\u00f6r \u00f6rg\u00fctlerini yard\u0131ma \u00e7a\u011f\u0131r\u0131yorlar.<\/p>\n<p style=\"text-align: justify;\"><strong>AKP\u2019nin elinde, tehlikeli sulara g\u00f6nderip \u00f6l\u00fcmlerine sebep oldu\u011fu insanlar\u0131n kan\u0131 kadar, \u0130skenderun\u2019da \u00f6ld\u00fcr\u00fclen Katolik din adam\u0131n\u0131n kan\u0131 da vard\u0131r.<\/strong><\/p>\n<p style=\"text-align: justify;\">TBMM\u2019de \u0130srail\u2019i k\u0131nayan deklarasyonu imzalamakta bile zorlanan AKP, 140 b\u00fcy\u00fckel\u00e7i, 81 vali, 81 emniyet m\u00fcd\u00fcr\u00fc, 181 h\u0131rdavat\u00e7\u0131, 381 papaz\u0131 Ankara\u2019ya \u00e7a\u011f\u0131rsa panikleri yat\u0131\u015facak gibi de\u011fil.<\/p>\n<p style=\"text-align: justify;\">Huzuru radikal islami ter\u00f6r \u00f6rg\u00fctleri, Hamas\u2019\u0131n, Hizbullah\u2019\u0131n, El Kaide\u2019nin kuca\u011f\u0131nda ar\u0131yorlar. Hay\u0131rl\u0131 ba\u015far\u0131lar!<\/p>\n<p style=\"text-align: justify;\"><a href=\"http:\/\/odatv.com\/n.php?n=gazze-gemisinde-hangi-muteahhitler-vardi-0406101200\" target=\"_blank\"><span style=\"color: #888888;\">Kaynak : K\u0131ymet Nadir Bindebir &#8211; Odatv.com<\/span><\/a><\/p>\n","protected":false},"excerpt":{"rendered":"<\/p>\n<p style=\"text-align: justify;\">Y\u0131l 2008, aylardan Temmuz. <\/p>\n<p style=\"text-align: justify;\">AKP panik i\u00e7inde \u2018kapatma davas\u0131\u2019n\u0131n sonucunu beklemektedir. D\u0131\u015fi\u015flerimin Bakan\u0131 Ali Babacan\u2019d\u0131r.<\/p>\n<p style=\"text-align: justify;\">AKP h\u00fck\u00fcmeti tarihte bir ilki ger\u00e7ekle\u015ftirir ve yolluk, u\u00e7ak bileti \u00f6deyerek T\u00fcrkiye\u2019nin 140 b\u00fcy\u00fckel\u00e7isini Ankara\u2019ya \u00e7a\u011f\u0131r\u0131r. <\/p>\n","protected":false},"author":1,"featured_media":0,"comment_status":"open","ping_status":"closed","sticky":false,"template":"","format":"standard","meta":{"footnotes":""},"categories":[16],"tags":[26,27],"class_list":["post-23556","post","type-post","status-publish","format-standard","hentry","category-kose-yazilari","tag-gazze-gemisinde-hangi-muteahhitler-vardi","tag-turkiyenin-mefta-projesinde-yeri-ne","odd"],"_links":{"self":[{"href":"http:\/\/www.korhanyilmaz.com\/index.php?rest_route=\/wp\/v2\/posts\/23556","targetHints":{"allow":["GET"]}}],"collection":[{"href":"http:\/\/www.korhanyilmaz.com\/index.php?rest_route=\/wp\/v2\/posts"}],"about":[{"href":"http:\/\/www.korhanyilmaz.com\/index.php?rest_route=\/wp\/v2\/types\/post"}],"author":[{"embeddable":true,"href":"http:\/\/www.korhanyilmaz.com\/index.php?rest_route=\/wp\/v2\/users\/1"}],"replies":[{"embeddable":true,"href":"http:\/\/www.korhanyilmaz.com\/index.php?rest_route=%2Fwp%2Fv2%2Fcomments&post=23556"}],"version-history":[{"count":0,"href":"http:\/\/www.korhanyilmaz.com\/index.php?rest_route=\/wp\/v2\/posts\/23556\/revisions"}],"wp:attachment":[{"href":"http:\/\/www.korhanyilmaz.com\/index.php?rest_route=%2Fwp%2Fv2%2Fmedia&parent=23556"}],"wp:term":[{"taxonomy":"category","embeddable":true,"href":"http:\/\/www.korhanyilmaz.com\/index.php?rest_route=%2Fwp%2Fv2%2Fcategories&post=23556"},{"taxonomy":"post_tag","embeddable":true,"href":"http:\/\/www.korhanyilmaz.com\/index.php?rest_route=%2Fwp%2Fv2%2Ftags&post=23556"}],"curies":[{"name":"wp","href":"https:\/\/api.w.org\/{rel}","templated":true}]}}