{"id":23551,"date":"2010-06-15T11:40:59","date_gmt":"2010-06-15T11:40:59","guid":{"rendered":"http:\/\/www.korhanyilmaz.com\/?p=23551"},"modified":"2010-06-15T11:40:59","modified_gmt":"2010-06-15T11:40:59","slug":"turkiyenin-mefta-projesinde-yeri-ne","status":"publish","type":"post","link":"http:\/\/www.korhanyilmaz.com\/?p=23551","title":{"rendered":"T\u00fcrkiye&#8217;nin MEFTA Projesinde Yeri Ne?"},"content":{"rendered":"<p><a href=\"http:\/\/www.korhanyilmaz.com\/wp-content\/uploads\/2010\/06\/017.jpg\"  class=\"lightview\"><img loading=\"lazy\" decoding=\"async\" class=\"aligncenter size-full wp-image-23552\" src=\"http:\/\/www.korhanyilmaz.com\/wp-content\/uploads\/2010\/06\/017.jpg\" alt=\"\" width=\"250\" height=\"175\" \/><\/a><\/p>\n<p style=\"text-align: justify;\">Bekta\u015f\u00ee bir gecenin ertesinde yaz\u0131yorum bu yaz\u0131y\u0131. Pek \u00f6yle \u201cFikrim geldi\u201d havas\u0131nda de\u011filim.<\/p>\n<p style=\"text-align: justify;\">Yok! Yazm\u0131yorum da, Amerikan Ticaret Temsilcili\u011fi\u2019nin sitesinden terc\u00fcme ediyorum.<\/p>\n<p style=\"text-align: justify;\">Siz \u2018yazm\u0131\u015f\u2019a say\u0131n art\u0131k Aziz and Azize okur!<\/p>\n<p style=\"text-align: justify;\">Evvela, Condi Rice han\u0131m\u0131n, 2003 tarihli \u201cOrtado\u011fu\u2019yu D\u00f6n\u00fc\u015ft\u00fcrmek\u201d konu\u015fmas\u0131ndan \u201cOrtado\u011fu\u2019da 22 \u00fclkenin s\u0131n\u0131rlar\u0131 de\u011fi\u015fecek\u201d sat\u0131r\u0131n\u0131 hat\u0131rlatal\u0131m. <!--more--><\/p>\n<p style=\"text-align: justify;\">Condi ablam, \u00f6zetle diyor ki;<\/p>\n<p style=\"text-align: justify;\">\u201cOrtado\u011fu\u2019nun d\u00f6n\u00fc\u015ft\u00fcr\u00fclmesi kolay olmayacak, zaman alacakt\u0131r. Bu sadece askeri bir taahh\u00fct de\u011fildir, ulusal g\u00fcc\u00fcm\u00fcz\u00fcn diplomatik, ekonomik ve k\u00fclt\u00fcrel y\u00f6nlerini de ilgilendirmektedir. \u00d6rne\u011fin; Ba\u015fkan Bush, 10 y\u0131l i\u00e7inde b\u00f6lge insan\u0131n\u0131 geni\u015fleyen f\u0131rsatlar \u00e7emberinde bulu\u015fturacak ABD-Ortado\u011fu Serbest Ticaret B\u00f6lgesi fikrini ortaya atm\u0131\u015ft\u0131r.\u201d<\/p>\n<p style=\"text-align: justify;\">Serbest b\u00f6lge kavram\u0131n\u0131n \u0130ngilizce a\u00e7\u0131l\u0131m\u0131: <strong>M<\/strong>iddle <strong>E<\/strong>ast <strong>F<\/strong>ree <strong>T<\/strong>rade <strong>A<\/strong>rea. K\u0131saca <strong>MEFTA <\/strong>diyorlar.<\/p>\n<p style=\"text-align: justify;\">\u0130la\u00e7 \u015firketleri, ilaca verecekleri ticari ismin, sat\u0131laca\u011f\u0131 \u00fclke dilinde abuk bir anlam\u0131 olmas\u0131n diye terc\u00fcmanlara dan\u0131\u015f\u0131r. Anla\u015f\u0131lan Amerik\u0131n Gav\u0131rm\u0131nt\u2019\u0131n b\u00f6yle bir kayg\u0131s\u0131 yok. Ortado\u011fu\u2019yu ele ge\u00e7irme plan\u0131na bilerek ya da bilmeyerek \u201cMefta\u201d demi\u015fler.<\/p>\n<p style=\"text-align: justify;\">Efenim, bu BOP\u2019un MEFTA\u2019s\u0131n\u0131n i\u00e7inde yer alan ve alacak \u00fclkeler; \u0130srail, \u00dcrd\u00fcn, Fas, Bahreyn, Oman, L\u00fcbnan, Cezayir, Yemen, M\u0131s\u0131r, Suudi Arabistan\u2019dan Tanzanya\u2019ya kadar uzan\u0131yor.<\/p>\n<p style=\"text-align: justify;\">Son d\u00f6nemde FLA\u015e\u015e\u015e FLA\u015e\u015e\u015e g\u00f6z\u00fcm\u00fcze sokulan \u201cBir \u00fclkeyle daha vize kald\u0131r\u0131ld\u0131!\u201d haberlerine dikkat ediniz. L\u00fcbnan ve Tanzanya\u2019dan sonra, bakal\u0131m hangi MEFTA \u00fclkelerine \u2018serbest ticaret\u2019 gerek\u00e7esiyle vize kald\u0131r\u0131lacak.<\/p>\n<p style=\"text-align: justify;\">Do\u011frudan Ba\u015fkan\u2019a ba\u011fl\u0131 Amerikan Ticaret Temsilcili\u011fi\u2019nin sayfas\u0131 diyor ki:<\/p>\n<p style=\"text-align: justify;\"><a href=\"http:\/\/www.ustr.gov\/trade-topics\/enforcement\" target=\"_blank\">( http:\/\/www.ustr.gov\/trade-topics\/enforcement ) <span style=\"background-color: #ff6600;\">&gt;&gt;<\/span><\/a><\/p>\n<p style=\"text-align: justify;\">\u201cABD Ticaret Temsilcili\u011fi, uluslararas\u0131 ticaret anla\u015fmalar\u0131ndan, Amerikan i\u015f\u00e7isi, \u00e7ift\u00e7isi, ve i\u015fyerlerinin maksimum fayday\u0131 sa\u011flamas\u0131n\u0131 temin etmek \u00fczere \u0130dare\u2019nin izleme-uygulama-tespit faaliyetlerini koordine edecektir.\u201d<\/p>\n<p style=\"text-align: justify;\">\u015eimdi efenim, herkesin bildi\u011fi baz\u0131 ger\u00e7ekler vard\u0131r. \u00d6rne\u011fin, laksatifle uyku hap\u0131 ayn\u0131 anda al\u0131nmamal\u0131d\u0131r. MEFTA anla\u015fmalar\u0131 da o hesap&#8230;<\/p>\n<p style=\"text-align: justify;\">Amerikan \u00e7ift\u00e7isinin, i\u015f\u00e7isinin menfaati i\u00e7in imzalanan anla\u015fmalar, Amerika\u2019n\u0131n denetiminde uygulanan projeler, T\u00fcrk, L\u00fcbnanl\u0131, Tanzanya\u2019l\u0131n\u0131n \u00e7ift\u00e7isine-i\u015f\u00e7isine yaramaz. Fekat ta\u015feron ruhlarda \u201culusal \u00e7\u0131karlar-kamu yarar\u0131\u201d gibi kavramlar olmad\u0131\u011f\u0131ndan, BOP\u2019un MEFTA projesine uygun vize kald\u0131rma, serbest ticaret b\u00f6lgesi kurma hareketleri devam ediyor.<\/p>\n<p style=\"text-align: justify;\">De\u011ferli AKP destek\u00e7ileri, AKP\u2019ye verdikleri oylarla;<\/p>\n<p style=\"text-align: justify;\">\u201cBelediye\u2019ye ba\u015fkan se\u00e7iyorum\u201d sand\u0131lar, ta\u015feron \u015firketlere i\u015f verecek komisyoncuya yetki verdiler.<\/p>\n<p style=\"text-align: justify;\">\u201c\u00dclkeyi adaletli kalk\u0131nd\u0131racak dindar adam\u0131 iktidara getiriyorum\u201d sand\u0131lar, \u2018T\u00fcrkiye\u2019nin s\u0131n\u0131rlar\u0131n\u0131 a\u00e7maya\u2019 c\u00fcret eden Amerikan \u015firketlerinin ta\u015feronlar\u0131n\u0131 iktidara getirdiler.<\/p>\n<p style=\"text-align: justify;\">AKP\u2019ye verdikleri oylarla \u2018milli irade\u2019 olu\u015fturduklar\u0131n\u0131 sand\u0131lar, Amerikan se\u00e7im manip\u00fclasyon ta\u015feronu Sun Election Systems\u2019\u0131n (SECSIS) aynalar\u0131nda say\u0131lar\u0131n\u0131 abart\u0131l\u0131 g\u00f6rd\u00fcler.<\/p>\n<p style=\"text-align: justify;\">\u201cVallahi \u00f6rg\u00fct kurmu\u015flar, darbe yapacaklarm\u0131\u015f\u201d dediler, arkas\u0131ndan Emniyet\u2019in Dikmen binas\u0131nda \u00e7al\u0131\u015fan 35 ki\u015filik Amerikan \u2018sahte belge \u00fcretme uzman\u0131\u2019 ta\u015feron ekibi \u00e7\u0131kt\u0131.<\/p>\n<p style=\"text-align: justify;\">S\u00f6z\u00fcm AKP destek\u00e7isi, AK-Koyunlu Beyli\u011fi h\u00fck\u00fcmdar\u0131na tap\u0131nan o g\u00fcruha;<\/p>\n<p style=\"text-align: justify;\">\u2018Ahl\u00e2k\u0131n s\u00fckut etti\u011fi d\u00f6nemlerde Allah\u2019\u0131n Ortado\u011fu\u2019ya peygamber g\u00f6nderdi\u011fine\u2019 inan\u0131yorsun da, siyasi ahl\u00e2k\u0131n s\u00fckut etti\u011fi, Ortado\u011fu\u2019nun Amerikan \u00e7\u0131karlar\u0131na kurban edildi\u011fi bu d\u00f6nemde, Allah\u2019\u0131n T\u00fcrkiye\u2019ye maliyeci-m\u00fcfetti\u015f-sap\u0131na kadar d\u00fcr\u00fcst ve \u00fcstelik de Kemal bir adam\u0131 g\u00f6nderdi\u011fine neden inanm\u0131yorsun!<\/p>\n<p style=\"text-align: justify;\">Neyse efenim, tahminim, AKP destek\u00e7isi bu se\u00e7imlerde beklenti \u00e7\u0131tas\u0131n\u0131 y\u00fckseltir. Bulgur, k\u00f6m\u00fcr, buzdolab\u0131 kesmez, oy kar\u015f\u0131l\u0131\u011f\u0131nda \u2018beyaz kad\u0131n\u2019 da isteyebilir. Rusya\u2019ya vizenin kald\u0131r\u0131lmas\u0131 bu bak\u0131mdan isabetli olmu\u015ftur.<\/p>\n<p style=\"text-align: justify;\">Kimine g\u00f6re cennet tomurcuk memeli k\u0131zlarla seks yap\u0131lan ye\u015fillik bir yer, kimine g\u00f6re herkesin oturup, s\u00fcrekli mutluluk veren bir \u0131\u015f\u0131\u011fa do\u011fru bakt\u0131\u011f\u0131 stadyum gibi bir geni\u015f alan. Rivayet muhtelif.<\/p>\n<p style=\"text-align: justify;\">Ortado\u011fu da \u00f6yle! Amerikal\u0131ya g\u00f6re kaynaklar\u0131n\u0131 s\u00f6m\u00fcrece\u011fi, kendi mallar\u0131n\u0131 pazarlayaca\u011f\u0131, insan\u0131n\u0131 k\u00f6lele\u015ftirece\u011fi bir b\u00f6lge. Bana g\u00f6re d\u00fcnyada ilk tohumun, ilk uygarl\u0131klar\u0131n ye\u015ferdi\u011fi ve birg\u00fcn bu gezegen \u2018bitti\u011finde\u2019 en son \u2018bitecek\u2019 b\u00f6lge.<\/p>\n<p style=\"text-align: justify;\">De\u011ferli AKP destek\u00e7isi karde\u015fim \u2018Allah\u2019\u0131n adam\u0131\u2019 san\u0131p Amerika\u2019n\u0131n ta\u015feronlar\u0131n\u0131 desteklemeye devam etsin bakal\u0131m. Condi Rice ablalar\u0131n\u0131n verdi\u011fi 10 y\u0131ll\u0131k s\u00fcrenin bitmesine 3 y\u0131l kald\u0131. Tohumsuzluk ne demek, a\u00e7l\u0131k ne, susuzluk ne, Amerikan tanklar\u0131na kafam\u0131z\u0131 vura vura hep birlikte anlayaca\u011f\u0131z.<\/p>\n<p style=\"text-align: justify;\">AK-Koyunlar da ortal\u0131k kar\u0131\u015fmadan hemen Suriye\u2019ye, Tanzanya\u2019ya falan vizesiz gitsinler ki, o da yanlar\u0131na k\u00e2r kals\u0131n. \u201c\u00c7als\u0131n ama i\u015f yaps\u0131n\u201d yerine, \u201cA\u00e7 kald\u0131m ama olsun, Tanzanya\u2019y\u0131 g\u00f6rd\u00fcm\u201d derler art\u0131k.<\/p>\n<p style=\"text-align: justify;\">Bak\u0131n benim elim de\u011fil Fatma Ana\u2019n\u0131z\u0131n eli bunlar\u0131 yazan. Vallahi!<\/p>\n<p style=\"text-align: justify;\">Siz gene \u2018yazm\u0131\u015f\u2019a say\u0131n Aziz and Azize okur!<\/p>\n<p style=\"text-align: justify;\">&#8212;<\/p>\n<p style=\"text-align: justify;\">Odatv\u2019de 4 Haziran\u2019da yay\u0131mlanan yaz\u0131mda;<\/p>\n<p style=\"text-align: justify;\">\u201cAKP kapat\u0131lma davas\u0131ndan korkup, yurtd\u0131\u015f\u0131nda Anayasa Mahkemesi\u2019ni \u015fikayet ettirmek i\u00e7in B\u00fcy\u00fckel\u00e7ileri Ankara\u2019ya toplad\u0131.<\/p>\n<p style=\"text-align: justify;\">Siirt\u2019teki tecav\u00fcz dayan\u0131\u015fmas\u0131 ortaya \u00e7\u0131kt\u0131\u011f\u0131nda panikleyip valileri, emniyet m\u00fcd\u00fcrlerini Ankara\u2019ya toplad\u0131.<\/p>\n<p style=\"text-align: justify;\">AKP her panikledi\u011finde birilerini Ankara\u2019ya topluyor. Sanayimin Bakan\u0131 8 Haziran\u2019da otomotiv sanayi temsilcilerini neyin pani\u011fiyle topluyor bilmiyorum.\u201d yazm\u0131\u015ft\u0131m. Linki a\u015fa\u011f\u0131da, bakars\u0131n\u0131z.<\/p>\n<p style=\"text-align: justify;\">AKP\u2019nin otomotiv pani\u011finin ne oldu\u011fu bug\u00fcn itibariyle \u00e7\u00f6z\u00fclm\u00fc\u015ft\u00fcr Aziz and Azize okur!. \u0130srail, Bursa\u2019dan alaca\u011f\u0131 elektrikli otomobil say\u0131s\u0131n\u0131 y\u0131lda 35 bine \u00e7\u0131kartm\u0131\u015f.<\/p>\n<p style=\"text-align: justify;\">AKP-\u0130srail aras\u0131nda bu ne m\u00fcbarek ili\u015fkidir yarabbi! Bir yandan \u0130srail\u2019e veryans\u0131n edeceksin, \u00f6b\u00fcr yandan sanayiciyi toplay\u0131p \u201cAman \u0130srail\u2019in araba sipari\u015fini aksatmay\u0131n\u201d talimat\u0131 vereceksin.<\/p>\n<p style=\"text-align: justify;\">Diyorum, benim elim de\u011fil, Fatma Ana\u2019n\u0131z\u0131n eli yazan-yazd\u0131ran!<\/p>\n<p style=\"text-align: justify;\"><span style=\"color: #888888;\">Kaynak :K\u0131ymet Nadir Bindebir &#8211; Odatv.com<\/span><\/p>\n","protected":false},"excerpt":{"rendered":"<\/p>\n<p style=\"text-align: justify;\">Bekta\u015f\u00ee bir gecenin ertesinde yaz\u0131yorum bu yaz\u0131y\u0131. Pek \u00f6yle \u201cFikrim geldi\u201d havas\u0131nda de\u011filim.<\/p>\n<p style=\"text-align: justify;\">Yok! Yazm\u0131yorum da, Amerikan Ticaret Temsilcili\u011fi\u2019nin sitesinden terc\u00fcme ediyorum.<\/p>\n<p style=\"text-align: justify;\">Siz \u2018yazm\u0131\u015f\u2019a say\u0131n art\u0131k Aziz and Azize okur!<\/p>\n<p style=\"text-align: justify;\">Evvela, Condi Rice han\u0131m\u0131n, 2003 tarihli \u201cOrtado\u011fu\u2019yu D\u00f6n\u00fc\u015ft\u00fcrmek\u201d konu\u015fmas\u0131ndan \u201cOrtado\u011fu\u2019da 22 \u00fclkenin s\u0131n\u0131rlar\u0131 de\u011fi\u015fecek\u201d sat\u0131r\u0131n\u0131 hat\u0131rlatal\u0131m. <\/p>\n","protected":false},"author":1,"featured_media":0,"comment_status":"open","ping_status":"closed","sticky":false,"template":"","format":"standard","meta":{"footnotes":""},"categories":[16],"tags":[26,27],"class_list":["post-23551","post","type-post","status-publish","format-standard","hentry","category-kose-yazilari","tag-gazze-gemisinde-hangi-muteahhitler-vardi","tag-turkiyenin-mefta-projesinde-yeri-ne","odd"],"_links":{"self":[{"href":"http:\/\/www.korhanyilmaz.com\/index.php?rest_route=\/wp\/v2\/posts\/23551","targetHints":{"allow":["GET"]}}],"collection":[{"href":"http:\/\/www.korhanyilmaz.com\/index.php?rest_route=\/wp\/v2\/posts"}],"about":[{"href":"http:\/\/www.korhanyilmaz.com\/index.php?rest_route=\/wp\/v2\/types\/post"}],"author":[{"embeddable":true,"href":"http:\/\/www.korhanyilmaz.com\/index.php?rest_route=\/wp\/v2\/users\/1"}],"replies":[{"embeddable":true,"href":"http:\/\/www.korhanyilmaz.com\/index.php?rest_route=%2Fwp%2Fv2%2Fcomments&post=23551"}],"version-history":[{"count":0,"href":"http:\/\/www.korhanyilmaz.com\/index.php?rest_route=\/wp\/v2\/posts\/23551\/revisions"}],"wp:attachment":[{"href":"http:\/\/www.korhanyilmaz.com\/index.php?rest_route=%2Fwp%2Fv2%2Fmedia&parent=23551"}],"wp:term":[{"taxonomy":"category","embeddable":true,"href":"http:\/\/www.korhanyilmaz.com\/index.php?rest_route=%2Fwp%2Fv2%2Fcategories&post=23551"},{"taxonomy":"post_tag","embeddable":true,"href":"http:\/\/www.korhanyilmaz.com\/index.php?rest_route=%2Fwp%2Fv2%2Ftags&post=23551"}],"curies":[{"name":"wp","href":"https:\/\/api.w.org\/{rel}","templated":true}]}}