{"id":23515,"date":"2010-06-11T10:45:43","date_gmt":"2010-06-11T07:45:43","guid":{"rendered":"http:\/\/www.korhanyilmaz.com\/?p=23515"},"modified":"2010-06-11T10:45:43","modified_gmt":"2010-06-11T07:45:43","slug":"googlea-karsi-omuz-omuza","status":"publish","type":"post","link":"http:\/\/www.korhanyilmaz.com\/?p=23515","title":{"rendered":"Google&#8217;a kar\u015f\u0131 omuz omuza"},"content":{"rendered":"<div id=\"attachment_11564\" style=\"width: 109px\" class=\"wp-caption alignleft\"><img loading=\"lazy\" decoding=\"async\" aria-describedby=\"caption-attachment-11564\" class=\"size-full wp-image-11564\" style=\"margin-left: 10px; margin-right: 10px;\" title=\"Emin \u00c7apa - CNN T\u00dcRK Ekonomi M\u00fcd\u00fcr\u00fc\" src=\"http:\/\/www.korhanyilmaz.com\/wp-content\/uploads\/2009\/07\/emin_capa.jpg\" alt=\"\" width=\"99\" height=\"106\" \/><p id=\"caption-attachment-11564\" class=\"wp-caption-text\">Emin \u00c7apa<\/p><\/div>\n<p style=\"text-align: justify;\">Arkada\u015flar, siz nezih ve leziz T\u00fcrk internet kullan\u0131c\u0131lar\u0131n\u0131 g\u00f6rev ba\u015f\u0131na \u00e7a\u011f\u0131r\u0131yorum. Vatan, millet sizden hizmet bekliyor. Bu vazifeden ka\u00e7arsan\u0131z, tarih \u00f6n\u00fcnde hesap veremezsiniz.<\/p>\n<p style=\"text-align: justify;\">Hepimiz yasak\u00e7\u0131, antidemokratik y\u00f6neticilerimizin internete kar\u015f\u0131 a\u00e7t\u0131\u011f\u0131 sava\u015f\u0131 desteklemeliyiz.<\/p>\n<p style=\"text-align: justify;\">Desteklemeliyiz ki internet yasaklar\u0131 k\u0131sa s\u00fcreli olmas\u0131n, T\u00fcrkiye internet kar\u015f\u0131t\u0131 devletler ligindeki yerini sa\u011flamla\u015ft\u0131rs\u0131n, hatta liderli\u011fe oynas\u0131n. Bizim interneti yasaklayan, halk\u0131n\u0131 ahmak yerine koyan \u00fclkelerden ne eksi\u011fimiz var.<!--more--><\/p>\n<p style=\"text-align: justify;\">Hepinizi internete kar\u015f\u0131 sava\u015f a\u00e7an b\u00fcy\u00fcklerimizi nas\u0131l desteklerim diye d\u00fc\u015f\u00fcnmeye davet ediyorum. \u0130nan\u0131n hepimizin yasak\u00e7\u0131 zihniyet i\u00e7in yapabilece\u011fi bir \u015feyler var. Ben kendi ad\u0131ma ne yapaca\u011f\u0131m\u0131 buldum. Ben de yasak\u00e7\u0131 olaca\u011f\u0131m.<\/p>\n<p style=\"text-align: justify;\">Bunun i\u00e7in yasak\u00e7\u0131 kadrolar aras\u0131na girmem laz\u0131m. Bu nedenle hemen, en k\u0131sa s\u00fcrede dilek\u00e7emi haz\u0131rlay\u0131p yasak\u00e7\u0131 kadrolara dahil olmak i\u00e7in ba\u015fvuraca\u011f\u0131m. Sevgili b\u00fcy\u00fcklerim, benim interneti sans\u00fcrleme konusunda \u00f6yle projelerim var ki \u015fa\u015fars\u0131n\u0131z.<\/p>\n<p style=\"text-align: justify;\">L\u00fctfen beni yasak\u00e7\u0131 kadrolara dahil edin. Size yalvar\u0131yorum, internete kar\u015f\u0131 sava\u015fta ben de yerimi almak istiyorum. Bana bu olana\u011f\u0131 sa\u011flay\u0131n, ben de bir ka\u00e7 site kapatay\u0131m, ben de kendimi \u00f6nemli insan hissedeyim. Ben T\u00fcrk vatanda\u015f\u0131 de\u011fil miyim? Benim de bir ka\u00e7 site kapatma hakk\u0131m yok mu?<\/p>\n<p style=\"text-align: justify;\">E\u011fer bana bu olana\u011f\u0131 tan\u0131mazsan\u0131z hemen mahkemeye gidece\u011fim. \u0130mza kampanyalar\u0131 yap\u0131p, meydanlara \u00e7\u0131kaca\u011f\u0131m, slogan ataca\u011f\u0131m: &#8220;Yasak\u00e7\u0131l\u0131k hakk\u0131m\u0131z, s\u00f6ke s\u00f6ke al\u0131r\u0131z..&#8221;<\/p>\n<p style=\"text-align: justify;\">E\u011fer siz beni yasak\u00e7\u0131 kadrolara atamazsan\u0131z, ben de yasak\u00e7\u0131 kadrolar\u0131n halk oyuyla se\u00e7ilmesi i\u00e7in \u00e7al\u0131\u015faca\u011f\u0131m.<\/p>\n<p style=\"text-align: justify;\">Madem yasak\u00e7\u0131lar biz internet kullan\u0131c\u0131lar\u0131n vergilerinden maa\u015f al\u0131p, bize hangi sitelere girip, hangilerine giremeyece\u011fimizi s\u00f6yl\u00fcyor, \u00f6yleyse bu yasak\u00e7\u0131lar\u0131 da internet kullan\u0131c\u0131lar\u0131 se\u00e7sin.<\/p>\n<p style=\"text-align: justify;\">Yasak\u00e7\u0131 kadrosuna girmek isteyenler meydanlardan, televizyonlardan, internet \u00fczerinden, kendini savunmaktan aciz, zavall\u0131 internet kullan\u0131c\u0131lar\u0131na seslensin. Oy istesin. Oylama elbette internet \u00fczerinden yap\u0131lacak. Fakat ben, yasak\u00e7\u0131lar\u0131n oylaman\u0131n yap\u0131laca\u011f\u0131 internet sitelerini de yasaklamas\u0131ndan korkuyorum.<\/p>\n<p style=\"text-align: justify;\">Olsun gene de kampanyam i\u00e7in \u00e7al\u0131\u015fmaya ba\u015flad\u0131m..<\/p>\n<p style=\"text-align: justify;\">&#8220;Emin \u00c7apa&#8217;y\u0131 se\u00e7, internet olsun intranet&#8221;<\/p>\n<p style=\"text-align: justify;\">&#8220;Oy ver 40&#8217;\u0131ndan sonra yasak\u00e7\u0131 olsun&#8221;<\/p>\n<p style=\"text-align: justify;\">&#8220;Emin \u00c7apa; bir yasaklar \u015fa\u015fars\u0131n&#8221;<\/p>\n<p style=\"text-align: justify;\">&#8220;1,2,3 yetmez, 4,5,6 olsun, Emin \u00c7apa yasak\u00e7\u0131 olsun&#8221;<\/p>\n<p style=\"text-align: justify;\">&#8220;Sald\u0131r\u0131n, salt\u0131r\u0131n, sald\u0131r\u0131n, \u00f6zg\u00fcr internete sald\u0131r\u0131n&#8221;<\/p>\n<p style=\"text-align: justify;\">&#8220;Ya yasakla, ya terket&#8221;<\/p>\n<p style=\"text-align: justify;\">&#8220;Durmak yok, yasaklamaya devam&#8221;<\/p>\n<p style=\"text-align: justify;\">&#8220;Yasak\u00e7\u0131 zihniyet, sen \u00e7ok ya\u015fa, T\u00fcrk internet kullan\u0131c\u0131lar\u0131 feda olsun sana..<\/p>\n<p style=\"text-align: justify;\">Evet, benim \u00fcretebildiklerim bu kadar.<\/p>\n<p style=\"text-align: justify;\">L\u00fctfen siz de yard\u0131m edin, yasak\u00e7\u0131 sloganlar\u0131n\u0131z\u0131 ve elbette oylama ba\u015flad\u0131\u011f\u0131nda, deste\u011finizi bekliyorum.<\/p>\n<p style=\"text-align: justify;\">S\u00f6z veriyorum, beni bir se\u00e7in var ya, bir siteler kapataca\u011f\u0131m \u015fa\u015facaks\u0131n\u0131z. Hangilerini kapataca\u011f\u0131m\u0131 s\u00f6ylemiyorum, anlad\u0131n\u0131z siz onlar\u0131..<\/p>\n<p style=\"text-align: justify;\">Not: Internet Yasaklans\u0131n 2 yaz\u0131ma gelen okuyucu yorumlar\u0131 i\u00e7ersinde en \u00e7ok blackace&#8217;nin yazd\u0131\u011f\u0131 &#8220;dijital d\u00fcnya analog beyinlerde a\u015f\u0131r\u0131 y\u00fcklenme yap\u0131yor i\u015fte, daha ba\u015fka bir\u015fey de\u011fil&#8221;i sevdim. Sa\u011folas\u0131n, varolas\u0131n arkada\u015f\u0131m. Durmak yok, yazmaya devam&#8230;<\/p>\n<p style=\"text-align: justify;\"><span style=\"color: #888888;\">Emin \u00c7apa &#8211; CNN T\u00dcRK Ekonomi M\u00fcd\u00fcr\u00fc<\/span><\/p>\n","protected":false},"excerpt":{"rendered":"<p id=\"caption-attachment-11564\" class=\"wp-caption-text\">Emin \u00c7apa<\/p>\n<p style=\"text-align: justify;\">Arkada\u015flar, siz nezih ve leziz T\u00fcrk internet kullan\u0131c\u0131lar\u0131n\u0131 g\u00f6rev ba\u015f\u0131na \u00e7a\u011f\u0131r\u0131yorum. Vatan, millet sizden hizmet bekliyor. Bu vazifeden ka\u00e7arsan\u0131z, tarih \u00f6n\u00fcnde hesap veremezsiniz.<\/p>\n<p style=\"text-align: justify;\">Hepimiz yasak\u00e7\u0131, antidemokratik y\u00f6neticilerimizin internete kar\u015f\u0131 a\u00e7t\u0131\u011f\u0131 sava\u015f\u0131 desteklemeliyiz.<\/p>\n<p style=\"text-align: justify;\">Desteklemeliyiz ki internet yasaklar\u0131 k\u0131sa s\u00fcreli olmas\u0131n, T\u00fcrkiye internet kar\u015f\u0131t\u0131 devletler ligindeki yerini <\/p>\n","protected":false},"author":1,"featured_media":0,"comment_status":"open","ping_status":"closed","sticky":false,"template":"","format":"standard","meta":{"footnotes":""},"categories":[16],"tags":[20],"class_list":["post-23515","post","type-post","status-publish","format-standard","hentry","category-kose-yazilari","tag-emin-capanin-diger-yazilari","odd"],"_links":{"self":[{"href":"http:\/\/www.korhanyilmaz.com\/index.php?rest_route=\/wp\/v2\/posts\/23515","targetHints":{"allow":["GET"]}}],"collection":[{"href":"http:\/\/www.korhanyilmaz.com\/index.php?rest_route=\/wp\/v2\/posts"}],"about":[{"href":"http:\/\/www.korhanyilmaz.com\/index.php?rest_route=\/wp\/v2\/types\/post"}],"author":[{"embeddable":true,"href":"http:\/\/www.korhanyilmaz.com\/index.php?rest_route=\/wp\/v2\/users\/1"}],"replies":[{"embeddable":true,"href":"http:\/\/www.korhanyilmaz.com\/index.php?rest_route=%2Fwp%2Fv2%2Fcomments&post=23515"}],"version-history":[{"count":0,"href":"http:\/\/www.korhanyilmaz.com\/index.php?rest_route=\/wp\/v2\/posts\/23515\/revisions"}],"wp:attachment":[{"href":"http:\/\/www.korhanyilmaz.com\/index.php?rest_route=%2Fwp%2Fv2%2Fmedia&parent=23515"}],"wp:term":[{"taxonomy":"category","embeddable":true,"href":"http:\/\/www.korhanyilmaz.com\/index.php?rest_route=%2Fwp%2Fv2%2Fcategories&post=23515"},{"taxonomy":"post_tag","embeddable":true,"href":"http:\/\/www.korhanyilmaz.com\/index.php?rest_route=%2Fwp%2Fv2%2Ftags&post=23515"}],"curies":[{"name":"wp","href":"https:\/\/api.w.org\/{rel}","templated":true}]}}