{"id":23502,"date":"2010-06-10T22:51:23","date_gmt":"2010-06-10T19:51:23","guid":{"rendered":"http:\/\/www.korhanyilmaz.com\/?p=23502"},"modified":"2010-06-10T22:51:23","modified_gmt":"2010-06-10T19:51:23","slug":"hakkaride-polis-noktasina-saldiri","status":"publish","type":"post","link":"http:\/\/www.korhanyilmaz.com\/?p=23502","title":{"rendered":"Hakkari&#8217;de polis noktas\u0131na sald\u0131r\u0131"},"content":{"rendered":"<p style=\"text-align: center;\"><a href=\"http:\/\/www.korhanyilmaz.com\/wp-content\/uploads\/2010\/06\/006.jpg\"  class=\"lightview\"><img loading=\"lazy\" decoding=\"async\" class=\"aligncenter size-full wp-image-23503\" src=\"http:\/\/www.korhanyilmaz.com\/wp-content\/uploads\/2010\/06\/006.jpg\" alt=\"\" width=\"307\" height=\"236\" \/><\/a><\/p>\n<p style=\"text-align: justify;\">Hakkari&#8217;nin Y\u00fcksekova il\u00e7esinde polis kontrol noktas\u0131na rekotatarl\u0131 sald\u0131r\u0131 yap\u0131ld\u0131. Osmaniye&#8217;de ise Kanl\u0131ge\u00e7it Jandarma Karakolu&#8217;na ter\u00f6ristler taraf\u0131ndan taciz ate\u015fi a\u00e7\u0131ld\u0131. <!--more--><\/p>\n<p style=\"text-align: justify;\">Hakkari&#8217;nin Y\u00fcksekova il\u00e7esi \u00e7\u0131k\u0131\u015f\u0131nda \u015eemdinli yolu \u00fczerinde bulunan polis kontrol noktas\u0131na bir grup PKK&#8217;l\u0131 ter\u00f6rist taraf\u0131ndan rekotatarl\u0131 sald\u0131r\u0131 d\u00fczenlendi.<\/p>\n<p style=\"text-align: justify;\">\u00d6len yada yaralanan\u0131n olmad\u0131\u011f\u0131 sald\u0131r\u0131da k\u0131sa s\u00fcreli \u00e7at\u0131\u015fma meydana geldi. Olay yerine \u00e7ok say\u0131da polis ekipleri takviye edildi.<\/p>\n<p style=\"text-align: justify;\">Olay bug\u00fcn saat 21.50 s\u0131ralar\u0131nda Y\u00fcksekova-\u015eemdinli karayolu \u00fczerindeki polis kontrol noktas\u0131nda meydana geldi.<\/p>\n<p style=\"text-align: justify;\">Bir grup PKKl\u0131 ter\u00f6rist, polis kontrol noktas\u0131na roketatarla sald\u0131r\u0131da bulundu, ard\u0131ndan otomotik silahlarla ate\u015f a\u00e7t\u0131.<\/p>\n<p style=\"text-align: justify;\">Sald\u0131r\u0131ya an\u0131nda kar\u015f\u0131l\u0131k veren g\u00fcvenlik g\u00fc\u00e7leri ile ter\u00f6ristler aras\u0131nda k\u0131sa s\u00fcreli \u00e7at\u0131\u015fma ya\u015fand\u0131.<\/p>\n<p style=\"text-align: justify;\">Silah sesleri il\u00e7e merkezinden de duyuldu. \u00c7at\u0131\u015fma s\u0131ras\u0131nda il\u00e7e merkezinde elektirikler kesildi. Karanl\u0131ktan yararlanan ter\u00f6ristler kay\u0131plara kar\u0131\u015ft\u0131.<\/p>\n<p style=\"text-align: justify;\">\u00c7at\u0131\u015fman\u0131n ard\u0131ndan olay yerine \u00e7ok say\u0131da polis ekipleri takviye sevk edildi. Polisler, kentin giri\u015f ve \u00e7\u0131k\u0131\u015flar\u0131n\u0131 kontrol alt\u0131na alarak, geni\u015f \u00e7apl\u0131 operasyon ba\u015flatt\u0131.<\/p>\n<p style=\"text-align: justify;\">Patlama ard\u0131ndan olay yerinde yap\u0131lan incelemede \u00f6len yada yaralan\u0131n olmad\u0131\u011f\u0131, polis noktas\u0131nda k\u00fc\u00e7\u00fck \u00e7apl\u0131 hasar olu\u015ftu\u011fu belirtildi.<\/p>\n<p style=\"text-align: justify;\">Hakkari Valisi Muammer T\u00fcrker, polis noktas\u0131na ter\u00f6ristler tararf\u0131ndan yap\u0131lan roketatarl\u0131 sald\u0131r\u0131 s\u0131ras\u0131nda \u00f6len yada yaralanan\u0131n olmad\u0131\u011f\u0131n\u0131 belirterek, g\u00fcvenlik g\u00fc\u00e7lerinin olay yerinde inceleme yapt\u0131klar\u0131n\u0131, ka\u00e7an ter\u00f6ristlere y\u00f6nelik geni\u015f \u00e7apl\u0131 operasyon ba\u015flat\u0131ld\u0131\u011f\u0131n\u0131 s\u00f6yledi.<\/p>\n<p style=\"text-align: justify;\"><strong>Bir sald\u0131r\u0131 da Osmaniye&#8217;de <\/strong><\/p>\n<p style=\"text-align: justify;\">Osmaniye&#8217;de ise Kanl\u0131ge\u00e7it Jandarma Komutanl\u0131\u011f\u0131&#8217;na ter\u00f6ristlerce taciz ate\u015fi a\u00e7\u0131ld\u0131.<\/p>\n<p style=\"text-align: justify;\">Osmaniye Valisi Celalettin Cerrah, Kanl\u0131ge\u00e7it Jandarma Komutanl\u0131\u011f\u0131na yap\u0131lan ve komutanl\u0131k binas\u0131 yan\u0131ndaki askeri lojmana da isabet eden sald\u0131r\u0131da, bir asker e\u015finin yaraland\u0131\u011f\u0131n\u0131 bildirdi.<\/p>\n<p style=\"text-align: justify;\">Cerrah, yapt\u0131\u011f\u0131 a\u00e7\u0131klamada, Osmaniye-Gaziantep D-400 kara yolundaki Kanl\u0131ge\u00e7it Jandarma Komutanl\u0131\u011f\u0131na ter\u00f6rist sald\u0131r\u0131s\u0131 oldu\u011funu, komutanl\u0131k binas\u0131n\u0131n yan\u0131ndaki askeri lojmanlara isabet eden sald\u0131r\u0131da, ilk belirlemelere g\u00f6re bir asker e\u015finin yaraland\u0131\u011f\u0131n\u0131 belirtti.<\/p>\n<p style=\"text-align: justify;\"><span style=\"color: #888888;\">CNN T\u00dcRK<\/span><\/p>\n","protected":false},"excerpt":{"rendered":"<p style=\"text-align: center;\">\n<p style=\"text-align: justify;\">Hakkari&#8217;nin Y\u00fcksekova il\u00e7esinde polis kontrol noktas\u0131na rekotatarl\u0131 sald\u0131r\u0131 yap\u0131ld\u0131. Osmaniye&#8217;de ise Kanl\u0131ge\u00e7it Jandarma Karakolu&#8217;na ter\u00f6ristler taraf\u0131ndan taciz ate\u015fi a\u00e7\u0131ld\u0131. <\/p>\n","protected":false},"author":1,"featured_media":0,"comment_status":"open","ping_status":"closed","sticky":false,"template":"","format":"standard","meta":{"footnotes":""},"categories":[105],"tags":[],"class_list":["post-23502","post","type-post","status-publish","format-standard","hentry","category-gundem","odd"],"_links":{"self":[{"href":"http:\/\/www.korhanyilmaz.com\/index.php?rest_route=\/wp\/v2\/posts\/23502","targetHints":{"allow":["GET"]}}],"collection":[{"href":"http:\/\/www.korhanyilmaz.com\/index.php?rest_route=\/wp\/v2\/posts"}],"about":[{"href":"http:\/\/www.korhanyilmaz.com\/index.php?rest_route=\/wp\/v2\/types\/post"}],"author":[{"embeddable":true,"href":"http:\/\/www.korhanyilmaz.com\/index.php?rest_route=\/wp\/v2\/users\/1"}],"replies":[{"embeddable":true,"href":"http:\/\/www.korhanyilmaz.com\/index.php?rest_route=%2Fwp%2Fv2%2Fcomments&post=23502"}],"version-history":[{"count":0,"href":"http:\/\/www.korhanyilmaz.com\/index.php?rest_route=\/wp\/v2\/posts\/23502\/revisions"}],"wp:attachment":[{"href":"http:\/\/www.korhanyilmaz.com\/index.php?rest_route=%2Fwp%2Fv2%2Fmedia&parent=23502"}],"wp:term":[{"taxonomy":"category","embeddable":true,"href":"http:\/\/www.korhanyilmaz.com\/index.php?rest_route=%2Fwp%2Fv2%2Fcategories&post=23502"},{"taxonomy":"post_tag","embeddable":true,"href":"http:\/\/www.korhanyilmaz.com\/index.php?rest_route=%2Fwp%2Fv2%2Ftags&post=23502"}],"curies":[{"name":"wp","href":"https:\/\/api.w.org\/{rel}","templated":true}]}}