{"id":23499,"date":"2010-06-10T22:49:02","date_gmt":"2010-06-10T19:49:02","guid":{"rendered":"http:\/\/www.korhanyilmaz.com\/?p=23499"},"modified":"2010-06-10T22:49:02","modified_gmt":"2010-06-10T19:49:02","slug":"tokatta-askeri-helikopter-dustu-3-sehit","status":"publish","type":"post","link":"http:\/\/www.korhanyilmaz.com\/?p=23499","title":{"rendered":"Tokat&#8217;ta askeri helikopter d\u00fc\u015ft\u00fc: 3 \u015fehit"},"content":{"rendered":"<p style=\"text-align: center;\"><a href=\"http:\/\/www.korhanyilmaz.com\/wp-content\/uploads\/2010\/06\/005.jpg\"  class=\"lightview\"><img loading=\"lazy\" decoding=\"async\" class=\"aligncenter size-full wp-image-23500\" src=\"http:\/\/www.korhanyilmaz.com\/wp-content\/uploads\/2010\/06\/005.jpg\" alt=\"\" width=\"307\" height=\"236\" \/><\/a><\/p>\n<p style=\"text-align: justify;\">Genelkurmay Ba\u015fkanl\u0131\u011f\u0131, Tokat&#8217;\u0131n Merkez il\u00e7esi \u015eehitler k\u00f6y\u00fc mevkisinde Jandarma Genel Komutanl\u0131\u011f\u0131na ait Skorsky tipi askeri helikopterin saat 10.50&#8217;de d\u00fc\u015ft\u00fc\u011f\u00fcn\u00fc ve kazada 2 pilot subay ile 1 teknisyen astsubay\u0131n \u015fehit oldu\u011funu a\u00e7\u0131klad\u0131. <!--more--><\/p>\n<p style=\"text-align: justify;\">Genelkurmay Ba\u015fkanl\u0131\u011f\u0131&#8217;ndan yap\u0131lan yaz\u0131l\u0131 a\u00e7\u0131klamada, helikopterin bug\u00fcn saat 09.50&#8217;de Giresun&#8217;dan Ankara&#8217;ya intikal etmek \u00fczere havaland\u0131\u011f\u0131 belirtildi.<\/p>\n<p style=\"text-align: justify;\">Nedeni hen\u00fcz belirlenmeyen kazada, 2 pilot subay ile 1 teknisyen astsubay\u0131n \u015fehit oldu\u011fu bildirildi.<\/p>\n<p style=\"text-align: justify;\">Kaza sonras\u0131nda, kaza k\u0131r\u0131m heyetinin inceleme ba\u015flatt\u0131\u011f\u0131 ve kaza nedeninin a\u00e7\u0131kl\u0131\u011fa kavu\u015fturulaca\u011f\u0131 kaydedildi.<\/p>\n<p style=\"text-align: justify;\">CNN T\u00dcRK&#8217;e konu\u015fan Tokat Valisi Vali Y\u0131lmaz, bir sald\u0131r\u0131n\u0131n s\u00f6z konusu olmad\u0131\u011f\u0131n\u0131 belirtti ve &#8220;Helikopterin yand\u0131\u011f\u0131 \u015feklinde bilgiler var. Helikopterin d\u00fc\u015ft\u00fc\u011f\u00fc b\u00f6lge rak\u0131m\u0131 y\u00fcksek bir b\u00f6lge. Sisli bir hava hakim b\u00f6lgede. Olay\u0131n \u00e7arpma \u015feklinde meydana gelmi\u015f olabilece\u011fi de\u011ferlendiriliyor&#8221; dedi.<\/p>\n<p style=\"text-align: justify;\">\u015eerif Y\u0131lmaz, helikopterin Giresun&#8217;dan havaland\u0131\u011f\u0131 bilgisini ald\u0131klar\u0131n\u0131 s\u00f6zlerine ekledi.<\/p>\n<p style=\"text-align: justify;\"><strong>\u00d6len 3 personelin kimlikleri a\u00e7\u0131kland\u0131 <\/strong><\/p>\n<p style=\"text-align: justify;\">Kazada Jandarma Pilot Yarbay Levent Tabak, Jandarma Pilot \u00dcste\u011fmen Murat Sara\u00e7 ve Teknisyen Jandarma K\u0131demli \u00dcst\u00e7avu\u015f Kamil Tuna&#8217;n\u0131n \u015fehit oldu\u011fu a\u00e7\u0131kland\u0131.<\/p>\n<p style=\"text-align: justify;\">\u015eehit Jandarma Pilot Yarbay Levent Tabak, Jandarma Pilot \u00dcste\u011fmen Murat Sara\u00e7 ve Teknisyen Jandarma K\u0131demli \u00dcst\u00e7avu\u015f Kamil Tuna&#8217;n\u0131n cenazeleri, Tokat Devlet Hastanesi morgundan al\u0131narak ambulanslara konuldu. \u015eehitlerin cenazeleri, kara yoluyla Ankara&#8217;ya g\u00f6nderildi.<\/p>\n<p style=\"text-align: justify;\">\u015eehitlerin cenazelerinin morgdan al\u0131n\u0131\u015f\u0131 s\u0131ras\u0131nda, Tokat Valisi \u015eerif Y\u0131lmaz, Garnizon ve Jandarma B\u00f6lge Komutan\u0131 Tu\u011fgeneral Bulut \u00d6mer Mimiro\u011flu, \u0130l Jandarma Komutan\u0131 Kurmay Albay H\u00fcseyin Tosunlu, Emniyet M\u00fcd\u00fcr\u00fc Mustafa Akta\u015f ile askeri yetkililer haz\u0131r bulundu.<\/p>\n<p style=\"text-align: justify;\">\u00d6te yandan, \u015fehitlerin cenazelerinin kimlik tespit i\u015flemlerinin Tokat Devlet Hastanesi morgunda yap\u0131ld\u0131\u011f\u0131 ancak kesin kimlik tespit i\u015flemlerinin Ankara GATA&#8217;da yap\u0131laca\u011f\u0131 bildirildi.<\/p>\n<p style=\"text-align: justify;\"><strong>B\u00f6lge kordon alt\u0131nda <\/strong><\/p>\n<p style=\"text-align: justify;\">Helikopterin d\u00fc\u015ft\u00fc\u011f\u00fc b\u00f6lge, jandarma ekiplerince kordon alt\u0131na al\u0131nd\u0131. Askeri helikopterin d\u00fc\u015ft\u00fc\u011f\u00fc \u015eehitler ve G\u00f6lc\u00fck k\u00f6yleri aras\u0131nda bulunan Top\u00e7am Yaylas\u0131 yak\u0131nlar\u0131ndaki ormanl\u0131k alana \u00e7ok say\u0131da jandarma, arama-kurtarma ve sa\u011fl\u0131k ekipleri geldi.<\/p>\n<p style=\"text-align: justify;\">B\u00f6lgeyi kordon alt\u0131na alan jandarma ekipleri, bas\u0131n mensuplar\u0131 ve sivil vatanda\u015flar\u0131 helikopterin d\u00fc\u015ft\u00fc\u011f\u00fc alandan yakla\u015f\u0131k 1 kilometre \u00f6teye uzakla\u015ft\u0131rd\u0131. Bu arada, 2 askeri helikopter de kaza yerinin \u00fczerinde u\u00e7u\u015f yap\u0131yor.<\/p>\n<p style=\"text-align: justify;\">B\u00f6lgede Orman \u0130\u015fletme M\u00fcd\u00fcrl\u00fc\u011f\u00fcne ait araz\u00f6z ve olay yeri inceleme ekipleri de bulunuyor.<\/p>\n<p style=\"text-align: justify;\">Helikopterin d\u00fc\u015ft\u00fc\u011f\u00fc b\u00f6lgede \u00e7obanl\u0131k yapan Remzi Akkavak, helikopterin al\u00e7alarak geldi\u011fini, bir s\u00fcre sonra da d\u00fc\u015ft\u00fc\u011f\u00fcn\u00fc belirterek, helikopter d\u00fc\u015ft\u00fckten sonra patlama sesi duydu\u011funu ifade etti.<\/p>\n<p style=\"text-align: justify;\">Merkeze ba\u011fl\u0131 G\u00f6lc\u00fck k\u00f6y\u00fc muhtar\u0131 \u015eenel K\u00fc\u00e7\u00fck de, helikopterin d\u00fc\u015f\u00fc\u015f\u00fcn\u00fc g\u00f6rd\u00fc\u011f\u00fcn\u00fc belirterek, hayvan otlatt\u0131\u011f\u0131 arazide askeri helikopterin Kuzalan Yaylas\u0131 ile \u015eehitler k\u00f6y\u00fc aras\u0131ndaki ormanl\u0131k bir araziye d\u00fc\u015ft\u00fc\u011f\u00fcn\u00fc s\u00f6yledi.<\/p>\n<p style=\"text-align: justify;\">Helikopterin i\u00e7erisinde 3  personelin bulundu\u011fu bildirilirken, b\u00f6lgeye  \u00e7ok say\u0131da arama kurtarma ekipleri sevkedildi.<\/p>\n<p style=\"text-align: justify;\">Giresun Valili\u011fi yetkilileri de, Giresun Jandarma B\u00f6lge Komutanl\u0131\u011f\u0131ndaki g\u00f6revlerinin ard\u0131ndan personelin helikopterle Jandarma B\u00f6lge Komutanl\u0131\u011f\u0131ndaki pistten Ankara&#8217;ya d\u00f6nmek \u00fczere sabah saatlerinde yola \u00e7\u0131kt\u0131\u011f\u0131n\u0131 kaydetti.<\/p>\n<p style=\"text-align: justify;\"><strong>Mardin&#8217;de de askeri ara\u00e7 devrildi <\/strong><\/p>\n<p style=\"text-align: justify;\">Bu arada, Mardin&#8217;in Darge\u00e7it il\u00e7esine ba\u011fl\u0131 Bostanl\u0131 k\u00f6y\u00fc yak\u0131nlar\u0131nda da askeri arac\u0131n devrilmesi sonucu 1 asker \u015fehit oldu, 2&#8217;si a\u011f\u0131r 14 asker yaraland\u0131.<\/p>\n<p style=\"text-align: justify;\"><span style=\"color: #888888;\">CNN T\u00dcRK<\/span><\/p>\n","protected":false},"excerpt":{"rendered":"<p style=\"text-align: center;\">\n<p style=\"text-align: justify;\">Genelkurmay Ba\u015fkanl\u0131\u011f\u0131, Tokat&#8217;\u0131n Merkez il\u00e7esi \u015eehitler k\u00f6y\u00fc mevkisinde Jandarma Genel Komutanl\u0131\u011f\u0131na ait Skorsky tipi askeri helikopterin saat 10.50&#8217;de d\u00fc\u015ft\u00fc\u011f\u00fcn\u00fc ve kazada 2 pilot subay ile 1 teknisyen astsubay\u0131n \u015fehit oldu\u011funu a\u00e7\u0131klad\u0131. <\/p>\n","protected":false},"author":1,"featured_media":0,"comment_status":"open","ping_status":"closed","sticky":false,"template":"","format":"standard","meta":{"footnotes":""},"categories":[105],"tags":[],"class_list":["post-23499","post","type-post","status-publish","format-standard","hentry","category-gundem","odd"],"_links":{"self":[{"href":"http:\/\/www.korhanyilmaz.com\/index.php?rest_route=\/wp\/v2\/posts\/23499","targetHints":{"allow":["GET"]}}],"collection":[{"href":"http:\/\/www.korhanyilmaz.com\/index.php?rest_route=\/wp\/v2\/posts"}],"about":[{"href":"http:\/\/www.korhanyilmaz.com\/index.php?rest_route=\/wp\/v2\/types\/post"}],"author":[{"embeddable":true,"href":"http:\/\/www.korhanyilmaz.com\/index.php?rest_route=\/wp\/v2\/users\/1"}],"replies":[{"embeddable":true,"href":"http:\/\/www.korhanyilmaz.com\/index.php?rest_route=%2Fwp%2Fv2%2Fcomments&post=23499"}],"version-history":[{"count":0,"href":"http:\/\/www.korhanyilmaz.com\/index.php?rest_route=\/wp\/v2\/posts\/23499\/revisions"}],"wp:attachment":[{"href":"http:\/\/www.korhanyilmaz.com\/index.php?rest_route=%2Fwp%2Fv2%2Fmedia&parent=23499"}],"wp:term":[{"taxonomy":"category","embeddable":true,"href":"http:\/\/www.korhanyilmaz.com\/index.php?rest_route=%2Fwp%2Fv2%2Fcategories&post=23499"},{"taxonomy":"post_tag","embeddable":true,"href":"http:\/\/www.korhanyilmaz.com\/index.php?rest_route=%2Fwp%2Fv2%2Ftags&post=23499"}],"curies":[{"name":"wp","href":"https:\/\/api.w.org\/{rel}","templated":true}]}}