{"id":23493,"date":"2010-06-10T16:05:40","date_gmt":"2010-06-10T13:05:40","guid":{"rendered":"http:\/\/www.korhanyilmaz.com\/?p=23493"},"modified":"2010-06-10T16:05:40","modified_gmt":"2010-06-10T13:05:40","slug":"zekeriya-oz-hakkinda-sorusturma-talebi","status":"publish","type":"post","link":"http:\/\/www.korhanyilmaz.com\/?p=23493","title":{"rendered":"Zekeriya \u00d6z hakk\u0131nda soru\u015fturma talebi"},"content":{"rendered":"<p style=\"text-align: justify;\"><a href=\"http:\/\/www.korhanyilmaz.com\/wp-content\/uploads\/2010\/06\/003.jpg\"  class=\"lightview\"><img loading=\"lazy\" decoding=\"async\" class=\"aligncenter size-full wp-image-23494\" src=\"http:\/\/www.korhanyilmaz.com\/wp-content\/uploads\/2010\/06\/003.jpg\" alt=\"\" width=\"292\" height=\"190\" \/><\/a><\/p>\n<p style=\"text-align: justify;\">Ankara 4. \u0130dare Mahkemesi, Adalet Bakanl\u0131\u011f\u0131n\u0131n, &#8220;Ergenekon&#8221; soru\u015fturmas\u0131n\u0131 y\u00fcr\u00fcten \u00f6zel yetkili Cumhuriyet Savc\u0131s\u0131 Zekeriya \u00d6z hakk\u0131ndaki &#8220;i\u015flem yap\u0131lmamas\u0131&#8221; karar\u0131n\u0131 kald\u0131rd\u0131.<\/p>\n<p style=\"text-align: justify;\">Avukat Turgut Kazan, Adalet Bakanl\u0131\u011f\u0131na ba\u015fvurarak, &#8220;Ergenekon&#8221; soru\u015fturmas\u0131n\u0131 y\u00fcr\u00fcten Cumhuriyet Savc\u0131s\u0131 \u00d6z hakk\u0131nda &#8220;ifadeye \u00e7a\u011f\u0131rma, zorla getirme\/yakalama ve aramaya ili\u015fkin yasa h\u00fck\u00fcmlerini \u00e7i\u011fneyerek, toplumda b\u00fcy\u00fck korku ve deh\u015fete yol a\u00e7t\u0131\u011f\u0131&#8221; gerek\u00e7esiyle soru\u015fturma a\u00e7\u0131lmas\u0131n\u0131 talep etmi\u015fti. <!--more--><\/p>\n<p style=\"text-align: justify;\">Adalet Bakanl\u0131\u011f\u0131 da Kazan&#8217;\u0131n ba\u015fvurusuna herhangi bir yan\u0131t vermemi\u015fti.<\/p>\n<p style=\"text-align: justify;\">Kazan, \u0130dari Yarg\u0131lama Usul\u00fc Kanunu&#8217;nun (\u0130YUK) 10. maddesine g\u00f6re &#8220;60 g\u00fcn i\u00e7inde cevap verilmeyen ba\u015fvurular\u0131n reddedilmi\u015f say\u0131laca\u011f\u0131n\u0131&#8221; ifade ederek, &#8220;Adalet Bakanl\u0131\u011f\u0131n\u0131n ret anlam\u0131na gelen i\u015fleminin iptali&#8221; istemiyle 4. \u0130dare Mahkemesine ba\u015fvurmu\u015ftu.<\/p>\n<p style=\"text-align: justify;\">Ankara 4. \u0130dare Mahkemesi, Kazan&#8217;\u0131n ba\u015fvurusunu de\u011ferlendirerek kabul etti. Mahkeme, Adalet Bakanl\u0131\u011f\u0131n\u0131n, Savc\u0131 \u00d6z hakk\u0131ndaki soru\u015fturma talebine cevap vermeyerek ba\u015fvurunun &#8220;z\u0131mnen reddedilmesi&#8221; anlam\u0131na gelen karar\u0131n\u0131 kald\u0131rd\u0131.<\/p>\n<p style=\"text-align: justify;\">Mahkeme karar\u0131nda \u015fu de\u011ferlendirmelerde bulunuldu: &#8220;Bu itibarla, davac\u0131 (Kazan) taraf\u0131ndan daval\u0131 idareye, an\u0131lan Cumhuriyet Savc\u0131s\u0131 hakk\u0131nda sunulan \u015fikayet dilek\u00e7esinde belirtilen hususlarla ilgili olarak 2802 Say\u0131l\u0131 Kanunun 82. maddesi uyar\u0131nca, adalet m\u00fcfetti\u015fi veya hakk\u0131nda soru\u015fturma yap\u0131lacak olandan daha k\u0131demli hakim veya savc\u0131 eliyle inceleme yapt\u0131r\u0131larak bir sonuca var\u0131lmas\u0131 gerekirken, davac\u0131n\u0131n \u015fikayet dilek\u00e7esi y\u00f6n\u00fcnden bu y\u00f6ntemin i\u015fletilmemesi ve s\u00fcresi i\u00e7inde davac\u0131ya herhangi bir cevap verilmemesi suretiyle ba\u015fvurusunun z\u0131mnen reddedilmesine ili\u015fkin dava konusu i\u015flemde hukuka uyarl\u0131k bulunmamaktad\u0131r.&#8221;<\/p>\n<p style=\"text-align: justify;\">Bu nedenle &#8220;dava konusu z\u0131mni ret i\u015fleminin iptaline&#8221; karar verildi\u011fi belirtilen kararda, tebli\u011fden itibaren 30 g\u00fcn i\u00e7inde Dan\u0131\u015ftay&#8217;da temyiz edilebilece\u011fi hat\u0131rlat\u0131ld\u0131.<\/p>\n<p style=\"text-align: justify;\">Adalet Bakanl\u0131\u011f\u0131, Ankara 4. \u0130dare Mahkemesinin gerek\u00e7eli karar\u0131n\u0131n Bakanl\u0131\u011fa ula\u015fmas\u0131n\u0131n ard\u0131ndan yeni bir de\u011ferlendirme yapacak. Gerek\u00e7eli kararda, eksik bir i\u015flem yap\u0131ld\u0131\u011f\u0131 y\u00f6n\u00fcnde de\u011ferlendirme yer al\u0131rsa Adalet Bakanl\u0131\u011f\u0131, Zekeriya \u00d6z hakk\u0131ndaki \u015fikayeti yeniden inceleyecek. \u0130nceleme sonunda soru\u015fturma a\u00e7\u0131l\u0131p a\u00e7\u0131lmamas\u0131na karar verilecek.<\/p>\n<p style=\"text-align: justify;\"><span style=\"color: #888888;\">CNN T\u00dcRK<\/span><\/p>\n","protected":false},"excerpt":{"rendered":"<p style=\"text-align: justify;\">\n<p style=\"text-align: justify;\">Ankara 4. \u0130dare Mahkemesi, Adalet Bakanl\u0131\u011f\u0131n\u0131n, &#8220;Ergenekon&#8221; soru\u015fturmas\u0131n\u0131 y\u00fcr\u00fcten \u00f6zel yetkili Cumhuriyet Savc\u0131s\u0131 Zekeriya \u00d6z hakk\u0131ndaki &#8220;i\u015flem yap\u0131lmamas\u0131&#8221; karar\u0131n\u0131 kald\u0131rd\u0131.<\/p>\n<p style=\"text-align: justify;\">Avukat Turgut Kazan, Adalet Bakanl\u0131\u011f\u0131na ba\u015fvurarak, &#8220;Ergenekon&#8221; soru\u015fturmas\u0131n\u0131 y\u00fcr\u00fcten Cumhuriyet Savc\u0131s\u0131 \u00d6z hakk\u0131nda &#8220;ifadeye \u00e7a\u011f\u0131rma, zorla getirme\/yakalama ve aramaya ili\u015fkin yasa h\u00fck\u00fcmlerini \u00e7i\u011fneyerek, toplumda b\u00fcy\u00fck korku ve deh\u015fete <\/p>\n","protected":false},"author":1,"featured_media":0,"comment_status":"open","ping_status":"closed","sticky":false,"template":"","format":"standard","meta":{"footnotes":""},"categories":[105],"tags":[],"class_list":["post-23493","post","type-post","status-publish","format-standard","hentry","category-gundem","odd"],"_links":{"self":[{"href":"http:\/\/www.korhanyilmaz.com\/index.php?rest_route=\/wp\/v2\/posts\/23493","targetHints":{"allow":["GET"]}}],"collection":[{"href":"http:\/\/www.korhanyilmaz.com\/index.php?rest_route=\/wp\/v2\/posts"}],"about":[{"href":"http:\/\/www.korhanyilmaz.com\/index.php?rest_route=\/wp\/v2\/types\/post"}],"author":[{"embeddable":true,"href":"http:\/\/www.korhanyilmaz.com\/index.php?rest_route=\/wp\/v2\/users\/1"}],"replies":[{"embeddable":true,"href":"http:\/\/www.korhanyilmaz.com\/index.php?rest_route=%2Fwp%2Fv2%2Fcomments&post=23493"}],"version-history":[{"count":0,"href":"http:\/\/www.korhanyilmaz.com\/index.php?rest_route=\/wp\/v2\/posts\/23493\/revisions"}],"wp:attachment":[{"href":"http:\/\/www.korhanyilmaz.com\/index.php?rest_route=%2Fwp%2Fv2%2Fmedia&parent=23493"}],"wp:term":[{"taxonomy":"category","embeddable":true,"href":"http:\/\/www.korhanyilmaz.com\/index.php?rest_route=%2Fwp%2Fv2%2Fcategories&post=23493"},{"taxonomy":"post_tag","embeddable":true,"href":"http:\/\/www.korhanyilmaz.com\/index.php?rest_route=%2Fwp%2Fv2%2Ftags&post=23493"}],"curies":[{"name":"wp","href":"https:\/\/api.w.org\/{rel}","templated":true}]}}