{"id":23488,"date":"2010-06-10T19:52:28","date_gmt":"2010-06-10T16:52:28","guid":{"rendered":"http:\/\/www.korhanyilmaz.com\/?p=23488"},"modified":"2010-06-10T19:52:28","modified_gmt":"2010-06-10T16:52:28","slug":"hsyk-baskanvekili-ozbek-savas-rejim-savasi","status":"publish","type":"post","link":"http:\/\/www.korhanyilmaz.com\/?p=23488","title":{"rendered":"HSYK Ba\u015fkanvekili \u00d6zbek: &#8220;Sava\u015f rejim sava\u015f\u0131&#8221;"},"content":{"rendered":"<p style=\"text-align: center;\"><a href=\"http:\/\/www.korhanyilmaz.com\/wp-content\/uploads\/2010\/06\/002.jpg\"  class=\"lightview\"><img loading=\"lazy\" decoding=\"async\" class=\"aligncenter size-full wp-image-23489\" src=\"http:\/\/www.korhanyilmaz.com\/wp-content\/uploads\/2010\/06\/002.jpg\" alt=\"\" width=\"307\" height=\"236\" \/><\/a><\/p>\n<p style=\"text-align: justify;\">Hakimler ve Savc\u0131lar Y\u00fcksek Kurulu Ba\u015fkan Vekili Kadir \u00d6zbek, &#8220;Sava\u015f rejim sava\u015f\u0131d\u0131r. Ergenekon davas\u0131 T\u00fcrkiye&#8217;nin kimyas\u0131n\u0131 bozdu&#8221; dedi. \u00d6zbek, Cumhuriyet gazetesine konu\u015ftu, Ergenekon davas\u0131ndan hakk\u0131ndaki iddialara g\u00fcndemdeki bir \u00e7ok konuya zehir zemberek yan\u0131tlar verdi.<!--more--><\/p>\n<p style=\"text-align: justify;\">Ergenekon dalgalar\u0131, dinlemeler, atamalar, yarg\u0131 reformu, Anayasa de\u011fi\u015fikli\u011fi, Cihaner davas\u0131&#8230;<\/p>\n<p style=\"text-align: justify;\">Son d\u00f6nemde yarg\u0131yla y\u00fcr\u00fctmeyi s\u0131k s\u0131k kar\u015f\u0131 kar\u015f\u0131ya getiren kritik konular iddialar, taraflara &#8220;ku\u015fatma alt\u0131nday\u0131z&#8221; dedirten geli\u015fmeler&#8230;<\/p>\n<p style=\"text-align: justify;\">Ve yapt\u0131\u011f\u0131 a\u00e7\u0131klamalar, hakk\u0131ndaki iddialarla o tart\u0131\u015fmalar\u0131n tam ortas\u0131ndaki bir isim, HSYK Ba\u015fkanvekili Kadir \u00d6zbek yine konu\u015ftu&#8230;<\/p>\n<p style=\"text-align: justify;\">Ama bu kez zehir zemberek!<\/p>\n<p style=\"text-align: justify;\">Cumhuriyet gazetesine, son d\u00f6nemde ya\u015fananlar\u0131 ve perde arkas\u0131n\u0131 de\u011ferlendiren \u00d6zbek uyard\u0131, &#8220;Bu sava\u015f rejim sava\u015f\u0131d\u0131r&#8221; dedi.<\/p>\n<p style=\"text-align: justify;\">Kadir \u00d6zbek, &#8220;Bunlar\u0131 bir vatanda\u015f olarak, ki\u015fisel olarak de\u011ferlendiriyorum. \u00c7\u00fcnk\u00fc bir hukuk devletini, kuvvetler ayr\u0131l\u0131\u011f\u0131n\u0131 siz zorluyorsan\u0131z yapt\u0131\u011f\u0131n\u0131z icraatla onun s\u0131n\u0131rlar\u0131n\u0131, ilkelerini zorluyorsan\u0131z bunun sonunda rejim, sistem tehlikede demektir&#8221; diye konu\u015ftu.<\/p>\n<p style=\"text-align: justify;\"><strong>&#8220;Ergenekon T\u00fcrkiye&#8217;nin kimyas\u0131n\u0131 bozdu&#8221; <\/strong><\/p>\n<p style=\"text-align: justify;\">\u00d6zbek&#8217;e g\u00f6re, T\u00fcrkiye&#8217;de siyaset yarg\u0131 \u00fczerinde bask\u0131 kuruyor ve adil yarg\u0131laman\u0131n \u00f6n\u00fcn\u00fc t\u0131k\u0131yor. T\u00fcrkiye&#8217;de korku imparatorlu\u011fu yaratmak isteyenlerin d\u00fc\u011fmeye bast\u0131\u011f\u0131n\u0131 \u00f6ne s\u00fcren HSYK Ba\u015fkanvekili, Ergenekon davas\u0131n\u0131 i\u015faret etti, &#8220;T\u00fcrkiye&#8217;nin kimyas\u0131n\u0131 bozdu&#8221; dedi.<\/p>\n<p style=\"text-align: justify;\">Ve o davaya bakan mahkeme heyetinin Ba\u015fkan\u0131 K\u00f6ksal \u015eeng\u00fcn&#8217;\u00fcn &#8220;Es kaza iktidar de\u011fi\u015firse bunun hesab\u0131n\u0131 ba\u015fkalar\u0131 sorar&#8221; a\u00e7\u0131klamas\u0131n\u0131 hat\u0131rlatt\u0131:<\/p>\n<p style=\"text-align: justify;\">&#8220;E\u011fer bir mahkeme ba\u015fkan\u0131 ba\u011f\u0131ms\u0131zl\u0131\u011f\u0131n\u0131 etkileyecek bi\u00e7imde siyasi etki hissediyorsa art\u0131k bu noktadan itibaren o davayla ilgili ki\u015filerin siyasi bir duru\u015f sergiledi\u011fi; o davan\u0131n \u00fczerine siyasi bulutlar\u0131n d\u00fc\u015ft\u00fc\u011f\u00fc anlam\u0131na gelir. Anayasa Mahkemesi&#8217;nde hayati \u00f6nem arz eden son dava i\u00e7in mahkemeyi etkilemeye y\u00f6nelik beyanatlar g\u00f6r\u00fcyoruz. Art\u0131k siyaset T\u00fcrkiye&#8217;de yarg\u0131n\u0131n \u00fczerine \u00e7\u00f6km\u00fc\u015f durumda. Bunun olmamas\u0131 gerekirdi.&#8221;<\/p>\n<p style=\"text-align: justify;\">Ve hakk\u0131ndaki iddialar&#8230; Ergenekon Hakimi K\u00f6ksal \u015eeng\u00fcn ve Adalet eski Bakan\u0131 Seyfi Oktay ile g\u00f6r\u00fc\u015ft\u00fc\u011f\u00fc, \u015eeng\u00fcn ve Oktay&#8217;\u0131n kendisine Yarg\u0131tay se\u00e7imleri i\u00e7in isim \u00f6nerdi\u011fi iddialar\u0131&#8230;<\/p>\n<p style=\"text-align: justify;\">\u00d6zbek, &#8220;\u0130sim \u00f6nerdiler ya da \u00f6nermediler&#8221; demedi ama &#8220;G\u00f6r\u00fc\u015fmelerimiz gizli kapakl\u0131 de\u011fildi&#8221; diye konu\u015ftu.<\/p>\n<p style=\"text-align: justify;\">\u00d6zbek, &#8220;Geli\u015fmeler \u00fczerine kurumsal bir giri\u015fiminiz olacak m\u0131&#8221; sorusuna ise &#8220;\u0130zliyoruz de\u011ferlendiriyoruz. Ne gerekirse yapaca\u011f\u0131z&#8221; yan\u0131t\u0131n\u0131 verdi.<\/p>\n<p style=\"text-align: justify;\">Ayn\u0131 konuda eski Adalet Bakan\u0131 Seyfi Oktay da yaz\u0131l\u0131 a\u00e7\u0131klama yapt\u0131. Oktay, &#8220;Bana ula\u015fan baz\u0131 isimleri HSYK&#8217;n\u0131n bir \u00fcyesine iletmekle yarg\u0131 bask\u0131 alt\u0131na m\u0131 al\u0131nmaktad\u0131r?&#8221; sorusunu y\u00f6neltti, hakk\u0131nda lin\u00e7 kampanyas\u0131 y\u00fcr\u00fct\u00fcld\u00fc\u011f\u00fcn\u00fc \u00f6ne s\u00fcrd\u00fc. Amac\u0131 da referandum \u00f6ncesi Anayasa paketinde yap\u0131s\u0131 de\u011fi\u015ftirilen HSYK&#8217;y\u0131  y\u0131pratmak olarak niteledi.<\/p>\n<p style=\"text-align: justify;\"><span style=\"color: #888888;\">CNN T\u00dcRK<\/span><\/p>\n","protected":false},"excerpt":{"rendered":"<p style=\"text-align: center;\">\n<p style=\"text-align: justify;\">Hakimler ve Savc\u0131lar Y\u00fcksek Kurulu Ba\u015fkan Vekili Kadir \u00d6zbek, &#8220;Sava\u015f rejim sava\u015f\u0131d\u0131r. Ergenekon davas\u0131 T\u00fcrkiye&#8217;nin kimyas\u0131n\u0131 bozdu&#8221; dedi. \u00d6zbek, Cumhuriyet gazetesine konu\u015ftu, Ergenekon davas\u0131ndan hakk\u0131ndaki iddialara g\u00fcndemdeki bir \u00e7ok konuya zehir zemberek yan\u0131tlar verdi.<\/p>\n","protected":false},"author":1,"featured_media":0,"comment_status":"open","ping_status":"closed","sticky":false,"template":"","format":"standard","meta":{"footnotes":""},"categories":[105],"tags":[],"class_list":["post-23488","post","type-post","status-publish","format-standard","hentry","category-gundem","odd"],"_links":{"self":[{"href":"http:\/\/www.korhanyilmaz.com\/index.php?rest_route=\/wp\/v2\/posts\/23488","targetHints":{"allow":["GET"]}}],"collection":[{"href":"http:\/\/www.korhanyilmaz.com\/index.php?rest_route=\/wp\/v2\/posts"}],"about":[{"href":"http:\/\/www.korhanyilmaz.com\/index.php?rest_route=\/wp\/v2\/types\/post"}],"author":[{"embeddable":true,"href":"http:\/\/www.korhanyilmaz.com\/index.php?rest_route=\/wp\/v2\/users\/1"}],"replies":[{"embeddable":true,"href":"http:\/\/www.korhanyilmaz.com\/index.php?rest_route=%2Fwp%2Fv2%2Fcomments&post=23488"}],"version-history":[{"count":0,"href":"http:\/\/www.korhanyilmaz.com\/index.php?rest_route=\/wp\/v2\/posts\/23488\/revisions"}],"wp:attachment":[{"href":"http:\/\/www.korhanyilmaz.com\/index.php?rest_route=%2Fwp%2Fv2%2Fmedia&parent=23488"}],"wp:term":[{"taxonomy":"category","embeddable":true,"href":"http:\/\/www.korhanyilmaz.com\/index.php?rest_route=%2Fwp%2Fv2%2Fcategories&post=23488"},{"taxonomy":"post_tag","embeddable":true,"href":"http:\/\/www.korhanyilmaz.com\/index.php?rest_route=%2Fwp%2Fv2%2Ftags&post=23488"}],"curies":[{"name":"wp","href":"https:\/\/api.w.org\/{rel}","templated":true}]}}