{"id":23484,"date":"2009-09-09T07:19:04","date_gmt":"2009-09-09T04:19:04","guid":{"rendered":"http:\/\/www.korhanyilmaz.com\/?p=23484"},"modified":"2009-09-09T07:19:04","modified_gmt":"2009-09-09T04:19:04","slug":"hsyk-yine-gundeme-oturacak","status":"publish","type":"post","link":"http:\/\/www.korhanyilmaz.com\/?p=23484","title":{"rendered":"HSYK yine g\u00fcndeme oturacak"},"content":{"rendered":"<p style=\"text-align: center;\"><a href=\"http:\/\/www.korhanyilmaz.com\/wp-content\/uploads\/2010\/06\/0011.jpg\"  class=\"lightview\"><img loading=\"lazy\" decoding=\"async\" class=\"aligncenter size-full wp-image-23485\" src=\"http:\/\/www.korhanyilmaz.com\/wp-content\/uploads\/2010\/06\/0011.jpg\" alt=\"\" width=\"297\" height=\"216\" \/><\/a><\/p>\n<p style=\"text-align: justify;\">HSYK \u00fcyeleri, korsan kararname krizinin ard\u0131ndan yeni atamalar i\u00e7in \u00e7al\u0131\u015fmaya ba\u015fl\u0131yor.<\/p>\n<p style=\"text-align: justify;\">Kurul, kritik yetki kararnamesi atamalar\u0131 i\u00e7in bir araya geliyor. Aralar\u0131nda \u00f6zel yetkili yarg\u0131 mensuplar\u0131n\u0131n da bulundu\u011fu hakim ve savc\u0131lar\u0131n hangi yarg\u0131 \u00e7evresinde g\u00f6revli oldu\u011funa dair yetkilendirme yap\u0131laca\u011f\u0131 belirtildi. <!--more--><\/p>\n<p style=\"text-align: justify;\">HSYK&#8217;n\u0131n Ankara&#8217;da kurulan \u00f6zel yetkili 12. A\u011f\u0131r Ceza Mahkemesi&#8217;ne 4 hakimi de yetkilendirme yoluyla g\u00f6revlendirece\u011fi \u00f6\u011frenildi. Ergenekon savc\u0131lar\u0131yla ilgili &#8216;i\u015flem yap\u0131lmas\u0131na yer olmad\u0131\u011f\u0131&#8217; karar\u0131na yap\u0131lan itiraz\u0131 g\u00f6r\u00fc\u015fecek Ankara 4. \u0130dare Mahkemesi ba\u015fkan\u0131 da belirlenecek. Kurul \u00fcyeleri, daha sonra Yarg\u0131tay&#8217;da emeklilik ve vefat nedeniyle ayr\u0131lanlar\u0131n yerine hakim ve savc\u0131lar aras\u0131ndan 25 isim atayacak. Hakim ve savc\u0131lar\u0131n atama ve nakil taleplerini i\u00e7eren g\u00fcz kararnamesinin ekim ay\u0131na sarkaca\u011f\u0131 konu\u015fuluyor.<\/p>\n<p style=\"text-align: justify;\">Kurul hem adli hem de idari yarg\u0131da hakim ve savc\u0131lar\u0131n yetkilendirmesini yapacak. Yetkilendirmeyle Ankara&#8217;da yeni kurulan \u00f6zel yetkili 12. A\u011f\u0131r Ceza Mahkemesi&#8217;ne de atama yap\u0131laca\u011f\u0131 ifade edildi. HSYK kaynaklar\u0131, Ankara&#8217;daki yeni kurulan mahkemenin, darbe iddialar\u0131n\u0131n yarg\u0131lanmas\u0131yla ilgili olmad\u0131\u011f\u0131n\u0131 savundu. Mevcut 11. A\u011f\u0131r Ceza Mahkemesi&#8217;nin i\u015f y\u00fck\u00fc ile itirazlar\u0131n \u0130stanbul&#8217;daki \u00f6zel yetkili mahkemelerce karara ba\u011flanmas\u0131n\u0131n zorlu\u011fu nedeniyle b\u00f6yle bir karar verildi\u011fini belirtti.<\/p>\n<p style=\"text-align: justify;\">HSYK&#8217;n\u0131n yetkilendirmesiyle, Ergenekon savc\u0131lar\u0131yla ilgili &#8216;i\u015flem yap\u0131lmas\u0131na yer olmad\u0131\u011f\u0131&#8217; karar\u0131na yap\u0131lan itiraz\u0131 g\u00f6r\u00fc\u015fecek Ankara 4. \u0130dare Mahkemesi ba\u015fkan\u0131 da belirlenecek. HSYK&#8217;n\u0131n y\u00fcksek yarg\u0131dan gelen \u00fcyelerinin teklifiyle, Ergenekon soru\u015fturmas\u0131n\u0131 y\u00fcr\u00fcten savc\u0131larla ilgili kritik karar\u0131 verecek olan Ankara 4. \u0130dare Mahkemesi Ba\u015fkan\u0131 Kas\u0131m Davas, K\u0131r\u0131kkale&#8217;ye tayin edilmi\u015fti. Davas&#8217;\u0131n yerine Dan\u0131\u015ftay savc\u0131lar\u0131 M\u00fcrteza G\u00fcler, Yakup Bal ile Zonguldak \u0130dare Mahkemesi Ba\u015fkan\u0131 Ertan Demirci&#8217;den birinin getirilmesi bekleniyor.<\/p>\n<p style=\"text-align: justify;\">Yarg\u0131tay \u00fcyeli\u011fi se\u00e7imlerinin ard\u0131ndan da HSYK&#8217;n\u0131n g\u00fcz kararnamesini g\u00f6r\u00fc\u015fece\u011fi belirtiliyor. Ard\u0131ndan 2010&#8217;da faaliyete ge\u00e7ecek istinaf (b\u00f6lge adliye) mahkemelerine hakim atamas\u0131 yap\u0131laca\u011f\u0131 ifade edildi.<\/p>\n<p style=\"text-align: justify;\">Kaynak : <a href=\"http:\/\/www.ihlassondakika.com\/detail.asp?id=202527\" target=\"_blank\">http:\/\/www.ihlassondakika.com\/detail.asp?id=202527<\/a><\/p>\n","protected":false},"excerpt":{"rendered":"<p style=\"text-align: center;\">\n<p style=\"text-align: justify;\">HSYK \u00fcyeleri, korsan kararname krizinin ard\u0131ndan yeni atamalar i\u00e7in \u00e7al\u0131\u015fmaya ba\u015fl\u0131yor.<\/p>\n<p style=\"text-align: justify;\">Kurul, kritik yetki kararnamesi atamalar\u0131 i\u00e7in bir araya geliyor. Aralar\u0131nda \u00f6zel yetkili yarg\u0131 mensuplar\u0131n\u0131n da bulundu\u011fu hakim ve savc\u0131lar\u0131n hangi yarg\u0131 \u00e7evresinde g\u00f6revli oldu\u011funa dair yetkilendirme yap\u0131laca\u011f\u0131 belirtildi. <\/p>\n","protected":false},"author":1,"featured_media":0,"comment_status":"open","ping_status":"closed","sticky":false,"template":"","format":"standard","meta":{"footnotes":""},"categories":[105],"tags":[118],"class_list":["post-23484","post","type-post","status-publish","format-standard","hentry","category-gundem","tag-hsyk","odd"],"_links":{"self":[{"href":"http:\/\/www.korhanyilmaz.com\/index.php?rest_route=\/wp\/v2\/posts\/23484","targetHints":{"allow":["GET"]}}],"collection":[{"href":"http:\/\/www.korhanyilmaz.com\/index.php?rest_route=\/wp\/v2\/posts"}],"about":[{"href":"http:\/\/www.korhanyilmaz.com\/index.php?rest_route=\/wp\/v2\/types\/post"}],"author":[{"embeddable":true,"href":"http:\/\/www.korhanyilmaz.com\/index.php?rest_route=\/wp\/v2\/users\/1"}],"replies":[{"embeddable":true,"href":"http:\/\/www.korhanyilmaz.com\/index.php?rest_route=%2Fwp%2Fv2%2Fcomments&post=23484"}],"version-history":[{"count":0,"href":"http:\/\/www.korhanyilmaz.com\/index.php?rest_route=\/wp\/v2\/posts\/23484\/revisions"}],"wp:attachment":[{"href":"http:\/\/www.korhanyilmaz.com\/index.php?rest_route=%2Fwp%2Fv2%2Fmedia&parent=23484"}],"wp:term":[{"taxonomy":"category","embeddable":true,"href":"http:\/\/www.korhanyilmaz.com\/index.php?rest_route=%2Fwp%2Fv2%2Fcategories&post=23484"},{"taxonomy":"post_tag","embeddable":true,"href":"http:\/\/www.korhanyilmaz.com\/index.php?rest_route=%2Fwp%2Fv2%2Ftags&post=23484"}],"curies":[{"name":"wp","href":"https:\/\/api.w.org\/{rel}","templated":true}]}}