{"id":23466,"date":"2010-06-07T08:32:07","date_gmt":"2010-06-07T05:32:07","guid":{"rendered":"http:\/\/www.korhanyilmaz.com\/?p=23466"},"modified":"2010-06-07T08:32:07","modified_gmt":"2010-06-07T05:32:07","slug":"fransa-ve-ingiltere-uluslararasi-sorusturmadan-yana","status":"publish","type":"post","link":"http:\/\/www.korhanyilmaz.com\/?p=23466","title":{"rendered":"Fransa ve \u0130ngiltere  uluslararas\u0131 soru\u015fturmadan yana"},"content":{"rendered":"<p style=\"text-align: justify;\"><a href=\"http:\/\/www.korhanyilmaz.com\/wp-content\/uploads\/2010\/06\/israil.jpg\"  class=\"lightview\"><img loading=\"lazy\" decoding=\"async\" class=\"aligncenter size-full wp-image-23467\" src=\"http:\/\/www.korhanyilmaz.com\/wp-content\/uploads\/2010\/06\/israil.jpg\" alt=\"\" width=\"307\" height=\"236\" \/><\/a><\/p>\n<p style=\"text-align: justify;\">\u0130srail&#8217;in Gazze&#8217;ye yard\u0131m ta\u015f\u0131yan gemilere m\u00fcdahale etmesi konusunda uluslararas\u0131 bask\u0131 s\u00fcr\u00fcyor. Fransa ve \u0130ngiltere, konuyla ilgili uluslararas\u0131 soru\u015fturmadan yana olduklar\u0131n\u0131 a\u00e7\u0131klad\u0131. Yard\u0131mlar\u0131n, AB taraf\u0131ndan denetlenmesi \u00f6nerildi. \u0130srail Ba\u015fbakan\u0131 Binyamin Netanyahu ise \u00f6neriyi reddetti.<!--more--><\/p>\n<p style=\"text-align: justify;\">\u0130srail&#8217;de, Gazze&#8217;ye yard\u0131m g\u00f6t\u00fcren gemilere sald\u0131r\u0131s\u0131n\u0131n ard\u0131ndan uluslararas\u0131 ele\u015ftirilere nas\u0131l yan\u0131t verilece\u011fini ele almak \u00fczere d\u00fcn gece Ba\u015fbakan Binyamin Netanyahu ba\u015fkanl\u0131\u011f\u0131nda, 7 bakan\u0131n kat\u0131l\u0131m\u0131yla toplant\u0131 yap\u0131ld\u0131\u011f\u0131 bildirildi.<\/p>\n<p style=\"text-align: justify;\">Toplant\u0131n\u0131n ard\u0131ndan yap\u0131lan yaz\u0131l\u0131 a\u00e7\u0131klamada, somut kararlar al\u0131n\u0131p al\u0131nmad\u0131\u011f\u0131 belirtilmezken, &#8220;7 bakan bir forumda bir araya gelmi\u015f ve \u0130srail&#8217;e uluslararas\u0131 ele\u015ftirilerin ard\u0131ndan, Gazze&#8217;ye yard\u0131m g\u00f6t\u00fcren filo konusunun ayd\u0131nlat\u0131lmas\u0131n\u0131n yollar\u0131 tart\u0131\u015f\u0131lm\u0131\u015ft\u0131r&#8221; denildi.<\/p>\n<p style=\"text-align: justify;\">\u0130srail askerlerinin bir soru\u015fturmaya kar\u015f\u0131 korunaca\u011f\u0131 vurgulanan a\u00e7\u0131klamada, &#8220;Ba\u015fbakan ak\u015fam saatlerinde ABD Ba\u015fkan Yard\u0131mc\u0131s\u0131 Joe Biden ve Fransa Cumhurba\u015fkan\u0131 Nicolas Sarkozy ile g\u00f6r\u00fc\u015fm\u00fc\u015ft\u00fcr. Bu g\u00f6r\u00fc\u015fmelerde Ba\u015fbakan, &#8216;\u0130srail bu olayda, binlerce roket ve f\u00fcze tehdidinde olan bir \u00fclke nas\u0131l davran\u0131rsa o \u015fekilde hareket etmi\u015ftir&#8217; dedi\u011fi&#8221; ifadesi yer ald\u0131.<\/p>\n<p style=\"text-align: justify;\">A\u00e7\u0131klamada, ba\u015fka ayr\u0131nt\u0131l\u0131 bilgi yer almad\u0131.<\/p>\n<p style=\"text-align: justify;\"><strong>Fransa ve \u0130ngiltere soru\u015fturmadan yana <\/strong><\/p>\n<p style=\"text-align: justify;\">\u00d6te yandan, Fransa ve \u0130ngiltere, \u0130srail&#8217;in Gazze&#8217;ye insani yard\u0131m g\u00f6t\u00fcren gemilere sald\u0131r\u0131s\u0131 ve Mavi Marmara gemisindeki 9 ki\u015finin \u00f6l\u00fcm\u00fcyle ilgili olarak uluslararas\u0131 soru\u015fturmadan yana olduklar\u0131 bildirildi.<\/p>\n<p style=\"text-align: justify;\">\u0130ngiltere&#8217;nin yeni D\u0131\u015fi\u015fleri Bakan\u0131 William Hague, baz\u0131 AB \u00fclkelerini ziyareti kapsam\u0131nda Fransa D\u0131\u015fi\u015fleri Bakan\u0131 Bernard Kouchner ile Paris&#8217;teki g\u00f6r\u00fc\u015fmesinden sonra yapt\u0131\u011f\u0131 a\u00e7\u0131klamada, \u0130srail&#8217;e, Gazze&#8217;ye yard\u0131m g\u00f6t\u00fcren gemiye silahl\u0131 m\u00fcdahalesi konusunda uluslararas\u0131 soru\u015fturmay\u0131 kabul etmesi \u00e7a\u011fr\u0131s\u0131nda bulundu.<\/p>\n<p style=\"text-align: justify;\">Frans\u0131z mevkida\u015f\u0131 Kouchner ile birlikte, 9 ki\u015finin \u00f6ld\u00fc\u011f\u00fc s\u00f6z konusu olay\u0131n &#8220;acil, tarafs\u0131z, g\u00fcvenilir ve \u015feffaf&#8221; bir \u015fekilde soru\u015fturulmas\u0131n\u0131n b\u00fcy\u00fck \u00f6nem ta\u015f\u0131d\u0131\u011f\u0131na inand\u0131klar\u0131n\u0131 belirten Hague, &#8220;Ve biz, konuyla ilgili inceleme ve soru\u015fturma s\u00fcrecinin uluslararas\u0131 \u00f6zelli\u011fi bulunmas\u0131 gerekti\u011fine inan\u0131yoruz. Ayn\u0131 \u015feyi \u0130srail h\u00fck\u00fcmetine bug\u00fcn bir kez daha s\u00f6yledim&#8221; dedi.<\/p>\n<p style=\"text-align: justify;\">Fransa D\u0131\u015fi\u015fleri Bakan\u0131 Kouchner de uluslararas\u0131 soru\u015fturman\u0131n \u0130srail&#8217;in \u00e7\u0131karlar\u0131 i\u00e7in en iyisi oldu\u011funu vurgulayarak, &#8220;bu konuda ABD, Fransa ve BM taraf\u0131ndan do\u011fru bir \u00f6neri yap\u0131ld\u0131\u011f\u0131n\u0131&#8221; hat\u0131rlatt\u0131.<\/p>\n<p style=\"text-align: justify;\">Konunun uluslararas\u0131 bir komisyon taraf\u0131ndan soru\u015fturulmas\u0131 y\u00f6n\u00fcndeki \u00f6neriye kar\u015f\u0131l\u0131k \u0130srail&#8217;in Washington B\u00fcy\u00fckel\u00e7ili\u011fi, \u0130srail h\u00fck\u00fcmetinin uluslararas\u0131 soru\u015fturma istemedi\u011fini, ancak olas\u0131l\u0131klar\u0131 Washington y\u00f6netimiyle g\u00f6r\u00fc\u015ft\u00fcklerini s\u00f6ylemi\u015fti.<\/p>\n<p style=\"text-align: justify;\">Hague ve Kouchner&#8217;in a\u00e7\u0131klamalar\u0131nda, Gazze&#8217;ye giden insani yard\u0131mlarda silah bulunup bulunmad\u0131\u011f\u0131n\u0131n daha \u00f6nce oldu\u011fu gibi yine AB taraf\u0131ndan denetlenebilece\u011fi \u00f6nerisi de dile getirildi.<\/p>\n<p style=\"text-align: justify;\">Gazze&#8217;deki durumun savunulacak bir taraf\u0131 bulunmad\u0131\u011f\u0131n\u0131 vurgulayan Kouchner, &#8220;AB&#8217;nin, Avrupa \u00fclkelerinin insani yard\u0131mlar\u0131 \u00e7ok dikkatli bir \u015fekilde denetleyebilece\u011fini ve bunu \u00f6nerebileceklerini&#8221; s\u00f6yledi.<\/p>\n<p style=\"text-align: justify;\">Kouchner, &#8220;Gazze&#8217;ye giden kargo gemilerini \u00e7ok iyi bir \u015fekilde denetleyebiliriz. Bunu yapabiliriz ve bunu yapmaktan memnun oluruz&#8221; dedi.<\/p>\n<p style=\"text-align: justify;\">Hague de &#8220;Gazze&#8217;ye insani yard\u0131m ve normal ekonomik ak\u0131\u015f\u0131n silahs\u0131z olmas\u0131n\u0131 sa\u011flaman\u0131n m\u00fcmk\u00fcn oldu\u011funu&#8221; ifade ederek, &#8220;AB&#8217;nin bu konuda daha \u00f6nce oldu\u011fu gibi yard\u0131mc\u0131 olaca\u011f\u0131na inan\u0131yorum &#8221; diye konu\u015ftu.<\/p>\n<p style=\"text-align: justify;\"><span style=\"color: #888888;\">CNN T\u00dcRK<\/span><\/p>\n","protected":false},"excerpt":{"rendered":"<p style=\"text-align: justify;\">\n<p style=\"text-align: justify;\">\u0130srail&#8217;in Gazze&#8217;ye yard\u0131m ta\u015f\u0131yan gemilere m\u00fcdahale etmesi konusunda uluslararas\u0131 bask\u0131 s\u00fcr\u00fcyor. Fransa ve \u0130ngiltere, konuyla ilgili uluslararas\u0131 soru\u015fturmadan yana olduklar\u0131n\u0131 a\u00e7\u0131klad\u0131. Yard\u0131mlar\u0131n, AB taraf\u0131ndan denetlenmesi \u00f6nerildi. \u0130srail Ba\u015fbakan\u0131 Binyamin Netanyahu ise \u00f6neriyi reddetti.<\/p>\n","protected":false},"author":1,"featured_media":0,"comment_status":"open","ping_status":"closed","sticky":false,"template":"","format":"standard","meta":{"footnotes":""},"categories":[3],"tags":[],"class_list":["post-23466","post","type-post","status-publish","format-standard","hentry","category-dunya","odd"],"_links":{"self":[{"href":"http:\/\/www.korhanyilmaz.com\/index.php?rest_route=\/wp\/v2\/posts\/23466","targetHints":{"allow":["GET"]}}],"collection":[{"href":"http:\/\/www.korhanyilmaz.com\/index.php?rest_route=\/wp\/v2\/posts"}],"about":[{"href":"http:\/\/www.korhanyilmaz.com\/index.php?rest_route=\/wp\/v2\/types\/post"}],"author":[{"embeddable":true,"href":"http:\/\/www.korhanyilmaz.com\/index.php?rest_route=\/wp\/v2\/users\/1"}],"replies":[{"embeddable":true,"href":"http:\/\/www.korhanyilmaz.com\/index.php?rest_route=%2Fwp%2Fv2%2Fcomments&post=23466"}],"version-history":[{"count":0,"href":"http:\/\/www.korhanyilmaz.com\/index.php?rest_route=\/wp\/v2\/posts\/23466\/revisions"}],"wp:attachment":[{"href":"http:\/\/www.korhanyilmaz.com\/index.php?rest_route=%2Fwp%2Fv2%2Fmedia&parent=23466"}],"wp:term":[{"taxonomy":"category","embeddable":true,"href":"http:\/\/www.korhanyilmaz.com\/index.php?rest_route=%2Fwp%2Fv2%2Fcategories&post=23466"},{"taxonomy":"post_tag","embeddable":true,"href":"http:\/\/www.korhanyilmaz.com\/index.php?rest_route=%2Fwp%2Fv2%2Ftags&post=23466"}],"curies":[{"name":"wp","href":"https:\/\/api.w.org\/{rel}","templated":true}]}}