{"id":23462,"date":"2010-06-06T21:58:42","date_gmt":"2010-06-06T18:58:42","guid":{"rendered":"http:\/\/www.korhanyilmaz.com\/?p=23462"},"modified":"2010-06-06T21:58:42","modified_gmt":"2010-06-06T18:58:42","slug":"dsp-yeniden-masum-turker-dedi","status":"publish","type":"post","link":"http:\/\/www.korhanyilmaz.com\/?p=23462","title":{"rendered":"DSP yeniden Masum T\u00fcrker dedi"},"content":{"rendered":"<p style=\"text-align: center;\"><a href=\"http:\/\/www.korhanyilmaz.com\/wp-content\/uploads\/2010\/06\/masum.jpg\"  class=\"lightview\"><img loading=\"lazy\" decoding=\"async\" class=\"aligncenter size-full wp-image-23463\" src=\"http:\/\/www.korhanyilmaz.com\/wp-content\/uploads\/2010\/06\/masum.jpg\" alt=\"\" width=\"301\" height=\"225\" \/><\/a><\/p>\n<p style=\"text-align: justify;\">DSP&#8217;nin 8. Ola\u011fan Kurultay&#8217;\u0131nda Masum T\u00fcrker, yeniden genel ba\u015fkanl\u0131\u011fa se\u00e7ildi. Genel ba\u015fkanl\u0131k i\u00e7in Masum T\u00fcrker, Davut Ocak ve Erol \u00d6zavc\u0131 aday oldu.<\/p>\n<p style=\"text-align: justify;\">Atat\u00fcrk Spor Salonu&#8217;nda yap\u0131lan kurultayda T\u00fcrker, 881 ge\u00e7erli oyun 778&#8217;ini alarak genel ba\u015fkanl\u0131\u011fa se\u00e7ilirken, Davut Ocak 92, Erol \u00d6zavc\u0131 ise 11 oy ald\u0131. <!--more--><\/p>\n<p style=\"text-align: justify;\">897 oyun kullan\u0131ld\u0131\u011f\u0131 kurultayda 16 oy ge\u00e7ersiz say\u0131ld\u0131.<\/p>\n<p style=\"text-align: justify;\">T\u00fcrker, sonu\u00e7lar\u0131n a\u00e7\u0131klanmas\u0131n\u0131n ard\u0131ndan yapt\u0131\u011f\u0131 te\u015fekk\u00fcr konu\u015fmas\u0131nda kurultayda partinin gelecek 3 y\u0131l\u0131n\u0131 belirleyen yol haritas\u0131na ili\u015fkin kararlar al\u0131nd\u0131\u011f\u0131n\u0131 s\u00f6yledi.<\/p>\n<p style=\"text-align: justify;\">DSP&#8217;ye yak\u0131\u015fan bir kurultay ger\u00e7ekle\u015ftirdiklerini ifade eden T\u00fcrker, &#8220;Bug\u00fcn ben kazand\u0131m, DSP kazand\u0131. \u00d6zellikle DSP&#8217;nin kapanmas\u0131n\u0131 umut edenlere Demokratik Sol&#8217;cular bu seviyeli kurultayla gereken cevab\u0131 vermi\u015flerdir&#8221; diye konu\u015ftu.<\/p>\n<p style=\"text-align: justify;\">Di\u011fer adaylara da te\u015fekk\u00fcr eden T\u00fcrker, partinin t\u00fcm te\u015fkilat\u0131ndan gelecek se\u00e7imlere haz\u0131rlanmas\u0131n\u0131 istedi.<\/p>\n<p style=\"text-align: justify;\"><strong>PM \u00dcYE SAYISI 70 OLDU<\/strong><\/p>\n<p style=\"text-align: justify;\">Kurultayda \u00e7al\u0131\u015fma ve mali raporlar\u0131n g\u00f6r\u00fc\u015f\u00fclerek kabul edilmesinin ard\u0131ndan t\u00fcz\u00fc\u011f\u00fcn baz\u0131 maddelerinde de\u011fi\u015fiklik yap\u0131ld\u0131.<\/p>\n<p style=\"text-align: justify;\">De\u011fi\u015fiklik ile parti \u00fcyeli\u011finin silinmesi disiplin kurulu ve yarg\u0131 kararlar\u0131na ba\u011fl\u0131 hale getirildi. Parti meclisi \u00fcye say\u0131s\u0131 60&#8217;dan 70&#8217;e \u00e7\u0131kar\u0131l\u0131rken, kad\u0131n ve gen\u00e7lik kollar\u0131 ile akademik platform kuruldu.<\/p>\n<p style=\"text-align: justify;\">Ayr\u0131ca yurt d\u0131\u015f\u0131 temsilciklerinin a\u00e7\u0131labilmesine de olanak sa\u011fland\u0131.<\/p>\n<p style=\"text-align: justify;\">De\u011fi\u015fiklikle ba\u015fkanl\u0131k kurulunun say\u0131s\u0131 geni\u015fletilirken, bu kurul i\u00e7erisinden idari ve mali i\u015fleri y\u00fcr\u00fctmek \u00fczere icra kurulu olu\u015fturuldu. Merkez disiplin kurulu \u00fcyelerinin say\u0131s\u0131 da 7&#8217;den 15&#8217;e y\u00fckseltildi.<\/p>\n<p style=\"text-align: justify;\">T\u00fcz\u00fck de\u011fi\u015fiklikleri oy birli\u011fiyle kabul edilerek, y\u00fcr\u00fcrl\u00fc\u011fe girdi. Ard\u0131ndan Politika Kararlar\u0131 Komisyonunca haz\u0131rlanan rapor okundu.<\/p>\n<p style=\"text-align: justify;\"><strong>GERG\u0130NL\u0130K YA\u015eANDI<\/strong><\/p>\n<p style=\"text-align: justify;\">Kurultayda \u00e7al\u0131\u015fma raporunun g\u00f6r\u00fc\u015fmeleri s\u0131ras\u0131nda gerginlik ya\u015fand\u0131. \u00c7al\u0131\u015fma raporuna muhalefet \u015ferhi koyan Parti Meclisi \u00fcyesi Emrah Konuralp, Masum T\u00fcrker&#8217;in, DSP Genel Ba\u015fkanl\u0131\u011f\u0131n\u0131n yan\u0131 s\u0131ra T\u00fcrkiye Serbest Muhasebeci Mali M\u00fc\u015favirler ve Yeminli Mali M\u00fc\u015favirler Odalar\u0131 Birli\u011fi (T\u00dcRMOB) Genel Ba\u015fkanl\u0131\u011f\u0131 g\u00f6revini birlikte s\u00fcrd\u00fcrmesini ele\u015ftirdi.<\/p>\n<p style=\"text-align: justify;\">Bu durumun partiye zarar verdi\u011fini savunan Konuralp &#8220;Bu, DSP genel ba\u015fkanl\u0131\u011f\u0131n\u0131n T\u00dcRMOB genel ba\u015fkanl\u0131\u011f\u0131 ile beraber y\u00fcr\u00fct\u00fclecek bir \u015feymi\u015f gibi g\u00f6stermi\u015ftir&#8221; dedi.<\/p>\n<p style=\"text-align: justify;\">Yeni bir kadro olu\u015fturulmamas\u0131 durumunda, partinin genel se\u00e7imlerde bir varl\u0131k g\u00f6stermesinin zor oldu\u011funu savunan Konuralp, Masum T\u00fcrker&#8217;in \u00e7al\u0131\u015fmalar\u0131n\u0131 ele\u015ftirdi. Konuralp, eski Genel Ba\u015fkan Zeki Sezer&#8217;in kurultay delegesi dahi yap\u0131lmad\u0131\u011f\u0131n\u0131 ifade ederek, DSP&#8217;de sindirme, d\u0131\u015flama yok etme hareketi oldu\u011funu s\u00f6yledi.<\/p>\n<p style=\"text-align: justify;\">Konuralp&#8217;in konu\u015fmas\u0131 s\u0131ras\u0131nda gerginlik ya\u015fand\u0131. Baz\u0131 partililer, &#8220;Ba\u015fbakan T\u00fcrker&#8221; \u015feklinde slogan atarak ve \u0131sl\u0131klarla Konuralp&#8217;in konu\u015fmas\u0131n\u0131 engellemeye \u00e7al\u0131\u015ft\u0131lar. Konuralp&#8217;in konu\u015fmas\u0131n\u0131 tamamlayarak k\u00fcrs\u00fcden indi\u011fi s\u0131rada yan\u0131ndakilerle di\u011fer partililer aras\u0131nda s\u00f6zl\u00fc tart\u0131\u015fma ya\u015fand\u0131. Ya\u015fanan k\u0131sa s\u00fcreli gerginlik, Konuralp&#8217;in salondan \u00e7\u0131kmas\u0131 ve Divan Ba\u015fkan\u0131 Hikmet Sami T\u00fcrk&#8217;\u00fcn uyar\u0131lar\u0131yla sona erdi.<\/p>\n<p style=\"text-align: justify;\">Kurultay delegelerinden eski Trabzon \u0130l Ba\u015fkan\u0131 Sibel Sui\u00e7mez de konu\u015fmas\u0131nda, CHP&#8217;nin 33. Ola\u011fan Kurultay\u0131&#8217;nda Genel Ba\u015fkan Kemal K\u0131l\u0131\u00e7daro\u011flu&#8217;na destek veren DSHP Genel Ba\u015fkan\u0131 Rah\u015fan Ecevit&#8217;i ele\u015ftirdi.<\/p>\n<p style=\"text-align: justify;\">Masum T\u00fcrker&#8217;in konu\u015fmas\u0131nda &#8220;Rah\u015fan Ecevit&#8217;i her zaman alk\u0131\u015flar\u0131z&#8221; dedi\u011fini ifade eden Sui\u00e7mez, kimsenin ya\u015fanan \u015fartlar alt\u0131nda kendilerinden bunu beklememesi gerekti\u011fini savundu. Sui\u00e7mez, Rah\u015fan Ecevit&#8217;in DSP&#8217;nin kurucu genel ba\u015fkan\u0131 oldu\u011funu, ancak siyasi eti\u011fe ayk\u0131r\u0131 davrand\u0131\u011f\u0131n\u0131 savundu. Kurultay, mali rapor \u00fczerindeki g\u00f6r\u00fc\u015fmelerle devam ediyor.<\/p>\n<p style=\"text-align: justify;\">Kurultayda T\u00fcz\u00fck Komisyonu ve Politika Kararlar\u0131 Komisyonunun olu\u015fturulmas\u0131n\u0131n ard\u0131ndan DSP Genel Ba\u015fkan\u0131 Masum T\u00fcrker a\u00e7\u0131l\u0131\u015f konu\u015fmas\u0131 yapt\u0131. T\u00fcrker, T\u00fcrkiye&#8217;nin \u00e7ok \u00f6nemli bir d\u00f6nemden ge\u00e7ti\u011fini belirterek, \u00fclkenin t\u00fcm sorunlar\u0131 i\u00e7in &#8220;\u00e7\u00f6z\u00fcm kurultay\u0131&#8221; ger\u00e7ekle\u015ftirdiklerini s\u00f6yledi.<\/p>\n<p style=\"text-align: justify;\">Kurultay\u0131n ba\u015f\u0131nda bir karar verilmesi gerekti\u011fini ifade eden T\u00fcrker, DSP&#8217;nin kurucusu B\u00fclent Ecevit&#8217;in \u00fc\u00e7 b\u00fcy\u00fck eseri oldu\u011funu, bunlardan birinin i\u015f\u00e7i haklar\u0131 konusunda yap\u0131lan yasa d\u00fczenlemeler, bir di\u011ferinin K\u0131br\u0131s&#8217;a ba\u011f\u0131ms\u0131zl\u0131k getiren harekat, \u00fc\u00e7\u00fcnc\u00fcs\u00fcn\u00fcn ise DSP oldu\u011funu ifade etti.<\/p>\n<p style=\"text-align: justify;\">Konu\u015fmas\u0131nda anayasa de\u011fi\u015fikli\u011fi \u00e7al\u0131\u015fmas\u0131na da de\u011finen T\u00fcrker, Anayasa Mahkemesi ile Hakimler ve Savc\u0131lar Y\u00fcksek Kurulunun yap\u0131s\u0131na ili\u015fkin maddelerin yanl\u0131\u015f d\u00fczenlemeler oldu\u011funu iddia etti.<\/p>\n<p style=\"text-align: justify;\">Anayasa Mahkemesinin paketi, bu iki maddeyi iptal ederek referanduma g\u00f6t\u00fcrmesi halinde destek olacaklar\u0131n\u0131 anlatan T\u00fcrker, &#8220;Ama o de\u011fi\u015fikliklerin i\u00e7inde T\u00fcrkiye&#8217;de yarg\u0131y\u0131 siyasalla\u015ft\u0131racak o iki madde varsa T\u00fcrkiye&#8217;yi kar\u0131\u015f kar\u0131\u015f gezece\u011fiz ve &#8216;hay\u0131r&#8217; diyece\u011fiz&#8221; \u015feklinde konu\u015ftu.<\/p>\n<p style=\"text-align: justify;\">Partililerden vatanda\u015fa bu durumu anlatmalar\u0131n\u0131 isteyen T\u00fcrker, &#8220;Recep Tayyip Erdo\u011fan, bizi duyuyorsan bil, senin, sizin bu \u00fclkede fa\u015fizme yol a\u00e7an uygulamalar yapman\u0131za izin vermeyecek bir siyasal g\u00f6r\u00fc\u015f var. Bu g\u00f6r\u00fc\u015f\u00fcn sahibi DSP var&#8221; dedi.<\/p>\n<p style=\"text-align: justify;\">Demokratik A\u00e7\u0131l\u0131m \u00e7al\u0131\u015fmalar\u0131n\u0131 da ele\u015ftiren T\u00fcrker, Ba\u015fbakan Recep Tayyip Erdo\u011fan&#8217;\u0131n \u00e7e\u015fitli kesimlerle toplant\u0131lar yapt\u0131\u011f\u0131n\u0131, ancak sorunlara \u00e7\u00f6z\u00fcm \u00fcretilmedi\u011fini iddia etti.<\/p>\n<p style=\"text-align: justify;\"><span style=\"color: #888888;\">Gazeteport<\/span><\/p>\n","protected":false},"excerpt":{"rendered":"<p style=\"text-align: center;\">\n<p style=\"text-align: justify;\">DSP&#8217;nin 8. Ola\u011fan Kurultay&#8217;\u0131nda Masum T\u00fcrker, yeniden genel ba\u015fkanl\u0131\u011fa se\u00e7ildi. Genel ba\u015fkanl\u0131k i\u00e7in Masum T\u00fcrker, Davut Ocak ve Erol \u00d6zavc\u0131 aday oldu.<\/p>\n<p style=\"text-align: justify;\">Atat\u00fcrk Spor Salonu&#8217;nda yap\u0131lan kurultayda T\u00fcrker, 881 ge\u00e7erli oyun 778&#8217;ini alarak genel ba\u015fkanl\u0131\u011fa se\u00e7ilirken, Davut Ocak 92, Erol \u00d6zavc\u0131 ise 11 oy ald\u0131. <\/p>\n","protected":false},"author":1,"featured_media":0,"comment_status":"open","ping_status":"closed","sticky":false,"template":"","format":"standard","meta":{"footnotes":""},"categories":[105],"tags":[],"class_list":["post-23462","post","type-post","status-publish","format-standard","hentry","category-gundem","odd"],"_links":{"self":[{"href":"http:\/\/www.korhanyilmaz.com\/index.php?rest_route=\/wp\/v2\/posts\/23462","targetHints":{"allow":["GET"]}}],"collection":[{"href":"http:\/\/www.korhanyilmaz.com\/index.php?rest_route=\/wp\/v2\/posts"}],"about":[{"href":"http:\/\/www.korhanyilmaz.com\/index.php?rest_route=\/wp\/v2\/types\/post"}],"author":[{"embeddable":true,"href":"http:\/\/www.korhanyilmaz.com\/index.php?rest_route=\/wp\/v2\/users\/1"}],"replies":[{"embeddable":true,"href":"http:\/\/www.korhanyilmaz.com\/index.php?rest_route=%2Fwp%2Fv2%2Fcomments&post=23462"}],"version-history":[{"count":0,"href":"http:\/\/www.korhanyilmaz.com\/index.php?rest_route=\/wp\/v2\/posts\/23462\/revisions"}],"wp:attachment":[{"href":"http:\/\/www.korhanyilmaz.com\/index.php?rest_route=%2Fwp%2Fv2%2Fmedia&parent=23462"}],"wp:term":[{"taxonomy":"category","embeddable":true,"href":"http:\/\/www.korhanyilmaz.com\/index.php?rest_route=%2Fwp%2Fv2%2Fcategories&post=23462"},{"taxonomy":"post_tag","embeddable":true,"href":"http:\/\/www.korhanyilmaz.com\/index.php?rest_route=%2Fwp%2Fv2%2Ftags&post=23462"}],"curies":[{"name":"wp","href":"https:\/\/api.w.org\/{rel}","templated":true}]}}