{"id":23457,"date":"2010-06-06T21:27:14","date_gmt":"2010-06-06T18:27:14","guid":{"rendered":"http:\/\/www.korhanyilmaz.com\/?p=23457"},"modified":"2010-06-06T21:27:14","modified_gmt":"2010-06-06T18:27:14","slug":"kilicdaroglu-ben-halkin-avukatiyim","status":"publish","type":"post","link":"http:\/\/www.korhanyilmaz.com\/?p=23457","title":{"rendered":"K\u0131l\u0131\u00e7daro\u011flu: Ben halk\u0131n avukat\u0131y\u0131m"},"content":{"rendered":"<p style=\"text-align: justify;\"><a href=\"http:\/\/www.korhanyilmaz.com\/wp-content\/uploads\/2010\/06\/023.jpg\"  class=\"lightview\"><img loading=\"lazy\" decoding=\"async\" class=\"aligncenter size-full wp-image-23458\" src=\"http:\/\/www.korhanyilmaz.com\/wp-content\/uploads\/2010\/06\/023.jpg\" alt=\"\" width=\"413\" height=\"220\" \/><\/a><\/p>\n<p style=\"text-align: justify;\">CHP Genel Ba\u015fkan\u0131 Kemal K\u0131l\u0131\u00e7daro\u011flu, halk\u0131n \u00e7\u0131karlar\u0131n\u0131 savundu\u011funu belirterek, &#8221;Say\u0131n Ba\u015fbakan \u00e7ok iyi bilsin ben halk\u0131n avukat\u0131y\u0131m. Benim ne s\u00f6ylediklerimi \u00f6\u011frenmek istiyorsa do\u011frudan do\u011fruya a\u011fz\u0131mdan \u00e7\u0131kanlar\u0131 \u00f6nce kendisinin duymas\u0131 laz\u0131m&#8221; dedi.<!--more--><\/p>\n<p style=\"text-align: justify;\">\u00c7ANAKKALE &#8211; Trakya gezisi kapsam\u0131nda \u00c7anakkale&#8217;nin Kepez beldesine gelen K\u0131l\u0131\u00e7daro\u011flu, Kepez Belediye Ba\u015fkan\u0131 \u00d6mer Faruk Mutan&#8217;\u0131 ziyaret etti.<\/p>\n<p style=\"text-align: justify;\">Kepez&#8217;den \u00c7anakkale&#8217;ye ge\u00e7en K\u0131l\u0131\u00e7daro\u011flu, Prof. Dr. T\u00fcrkan Saylan Sosyal Tesisleri&#8217;nde parti otob\u00fcs\u00fcnden halka hitap etti.<\/p>\n<p style=\"text-align: justify;\">Art\u0131k &#8221;dar alanda k\u0131sa pasla\u015fmalar&#8221; yapacaklar\u0131n\u0131 ifade eden K\u0131l\u0131\u00e7daro\u011flu, &#8221;Gol atmaya haz\u0131r olun. Sevgili Recep Bey, bu milletin kalesine gol\u00fc atmad\u0131n m\u0131 sen Allah a\u015fk\u0131na? Bu milleti peri\u015fan etmedin mi?&#8221; diye konu\u015ftu.<\/p>\n<p style=\"text-align: justify;\">&#8221;\u00c7ift\u00e7inin, esnaf\u0131n, memurun kalesine gol at\u0131ld\u0131\u011f\u0131n\u0131&#8221; \u00f6ne s\u00fcren K\u0131l\u0131\u00e7daro\u011flu, \u015f\u00f6yle devam etti:<\/p>\n<p style=\"text-align: justify;\">&#8221;Beyler s\u0131r\u00e7a k\u00f6\u015fkte oturuyorlar. Biz o gollerin hesab\u0131n\u0131 soraca\u011f\u0131z. Sizlerle beraber soraca\u011f\u0131z. Sizlerle beraber y\u00fcr\u00fcyece\u011fiz. Ben sadece Recep Bey&#8217;in ezberi bozulmu\u015f san\u0131yordum. Me\u011fer adamca\u011f\u0131z\u0131n kimyas\u0131 da bozulmu\u015f. Buray\u0131 g\u00f6rs\u00fcn, \u00c7anakkale&#8217;yi g\u00f6rs\u00fcn. Hi\u00e7 meraklanmas\u0131n. Bursal\u0131lar da ona bir ders verecektir. \u00c7\u00fcnk\u00fc biz ahdettik. Yola \u00e7\u0131kt\u0131k, halk\u0131n iktidar\u0131n\u0131 kuraca\u011f\u0131z. Rant\u0131n iktidar\u0131n\u0131 indirece\u011fiz a\u015fa\u011f\u0131. Bu d\u00fczenden haramiler memnun. O haramilerin bir k\u0131sm\u0131 da iktidar koltu\u011funda oturuyorlar. Onun i\u00e7in diyoruz halk\u0131n iktidar\u0131n\u0131 kuraca\u011f\u0131z. CHP iktidar\u0131nda k\u00f6yl\u00fc ger\u00e7ekten \u00fcretecek. Ger\u00e7ekten aln\u0131n\u0131n hakk\u0131yla kazand\u0131\u011f\u0131n\u0131 alacak. Ger\u00e7ekten ona mazotu \u00d6TV&#8217;siz verece\u011fiz. Bu millet seni varl\u0131kl\u0131 k\u0131ld\u0131. 7 s\u00fclaleni varl\u0131kl\u0131 k\u0131ld\u0131. D\u00fc\u015f art\u0131k milletin yakas\u0131ndan, halk\u0131n iktidar\u0131 geliyor. Bursa&#8217;daki duymu\u015ftur harhalde. Onlar\u0131n kimyalar\u0131n\u0131 bozmak, bizim boynumuzun borcudur.&#8221;<\/p>\n<p style=\"text-align: justify;\">K\u0131l\u0131\u00e7daro\u011flu, Konya&#8217;daki hem\u015fehrilerine de seslenmek istedi\u011fini belirterek, &#8221;Konyal\u0131lar\u0131 doland\u0131ranlar, M\u00fcsl\u00fcmanl\u0131k ad\u0131na doland\u0131ranlar&#8230; Sen ne yapt\u0131n Recep Bey onlar i\u00e7in? Kombassan dediler, bilmem ne holding dediler. Milleti doland\u0131rd\u0131lar. Sormuyor musun bu milletin paralar\u0131n\u0131 kimler g\u00f6t\u00fcrd\u00fc diye? Soramazlar \u00e7\u00fcnk\u00fc onlar da bu \u00e7ark\u0131n i\u00e7indeler. Onun i\u00e7in kimyalar\u0131 bozuldu. Ama unutmay\u0131n ben sizin Kemal&#8217;inizim, sizden biriyim&#8221; dedi.<\/p>\n<p style=\"text-align: justify;\"><strong>&#8216;RECEP BEY KEND\u0130 KALES\u0130NE GOL ATTI&#8217;<\/strong><\/p>\n<p style=\"text-align: justify;\">Ba\u015fbakan Recep Tayyip Erdo\u011fan&#8217;a y\u00f6nelik ele\u015ftirilerde bulunan K\u0131l\u0131\u00e7daro\u011flu, demokratik a\u00e7\u0131l\u0131m \u00e7al\u0131\u015fmalar\u0131 konusunda \u015funlar\u0131 s\u00f6yledi:<\/p>\n<p style=\"text-align: justify;\">&#8221;Sevsinler senin a\u00e7\u0131l\u0131m\u0131n\u0131. Futbolcularla a\u00e7\u0131l\u0131m yap\u0131yormu\u015f. Dar alanda k\u0131sa pasla\u015fma olmayacakm\u0131\u015f. Recep Bey, sen bu milletin kalesine gol att\u0131n, kendi kalene gol att\u0131n. Kendi kalesine gol atan futbolcuya k\u0131rm\u0131z\u0131 kart g\u00f6sterece\u011fiz. Ataca\u011f\u0131z sahadan d\u0131\u015far\u0131. K\u0131rm\u0131z\u0131 kart\u0131 kim g\u00f6sterecek? Sizler g\u00f6stereceksiniz. B\u00fct\u00fcn T\u00fcrkiye&#8217;de g\u00f6sterece\u011fiz. \u00c7\u00fcnk\u00fc biz halk\u0131m\u0131z\u0131 seviyoruz. \u00c7\u00fcnk\u00fc siyasetin ana konusu halka hizmet etmektir. Halka hizmet etmeyi temel g\u00f6rev kabul ediyoruz. Halka hesap vermeyi de namuslu bir g\u00f6rev olarak tekrar kabul ediyoruz.&#8221;<\/p>\n<p style=\"text-align: justify;\">CHP lideri, konu\u015fmas\u0131n\u0131n ard\u0131ndan \u00c7anakkale Belediyesine ge\u00e7ti. K\u0131l\u0131\u00e7daro\u011flu&#8217;na \u00c7anakkale Belediye Ba\u015fkan\u0131 \u00dclg\u00fcr G\u00f6khan, kentle ilgili tan\u0131t\u0131m kitab\u0131 hediye etti.<\/p>\n<p style=\"text-align: justify;\"><strong>&#8216;B\u0130Z H\u0130\u00c7 K\u0130MSEN\u0130N AVUKATI DE\u011e\u0130L\u0130Z HALKIN AVUKATIYIZ&#8217;<\/strong><\/p>\n<p style=\"text-align: justify;\">Belediyede gazetecilerin sorular\u0131n\u0131 yan\u0131tlayan K\u0131l\u0131\u00e7daro\u011flu &#8221;Ba\u015fbakan Erdo\u011fan, Bursa&#8217;da size &#8216;Tel Aviv&#8217;in avukatl\u0131\u011f\u0131n\u0131 yap\u0131yor&#8217; dedi. Bu konudaki g\u00f6r\u00fc\u015fleriniz nelerdir?&#8221; sorusuna \u015fu yan\u0131t\u0131 verdi: &#8221;Ba\u015fbakan&#8217;\u0131n ezberi bozuldu\u011fu i\u00e7in asl\u0131nda ne s\u00f6yledi\u011fini bilmiyor. E\u011fer avukatl\u0131\u011fa soyunacaksa Say\u0131n Ba\u015fbakan, Tel Aviv&#8217;in ve bir ba\u015fka yerin avukat\u0131 olabilir ama Say\u0131n Ba\u015fbakan \u00e7ok iyi bilsin ben halk\u0131n avukat\u0131y\u0131m. Halk\u0131n \u00e7\u0131karlar\u0131n\u0131 savunan birisiyim. Benim ne s\u00f6ylediklerimi \u00f6\u011frenmek istiyorsa do\u011frudan do\u011fruya a\u011fz\u0131mdan \u00e7\u0131kanlar\u0131 \u00f6nce kendisinin duymas\u0131, kulaklar\u0131n\u0131n duymas\u0131 laz\u0131m. Biz hi\u00e7 kimsenin avukat\u0131 de\u011filiz halk\u0131n avukatl\u0131\u011f\u0131 d\u0131\u015f\u0131nda.&#8221;<\/p>\n<p style=\"text-align: justify;\">K\u0131l\u0131\u00e7daro\u011flu, &#8221;Sosyalist enternasyonal nezdinde \u0130srail sald\u0131r\u0131lar\u0131yla ilgili bir giri\u015fimde bulundunuz mu?&#8221; sorusunu \u015f\u00f6yle yan\u0131tlad\u0131:<\/p>\n<p style=\"text-align: justify;\">&#8221;Biz insani yard\u0131m g\u00f6t\u00fcren konvoya yap\u0131lan sald\u0131r\u0131y\u0131 zaten ba\u015f\u0131ndan beri k\u0131n\u0131yoruz. H\u00fck\u00fcmeti de daha aktif d\u0131\u015f politika izleyerek sadece BM de\u011fil, Arap Birli\u011fi, AB, \u0130slam Kalk\u0131nma \u00d6rg\u00fct\u00fc, b\u00fct\u00fcn bu alanlarda daha aktif d\u0131\u015f politika izlemesini \u00f6nerdik. Ayr\u0131ca \u015funu da \u00f6nerdik; orada T\u00fcrkiye Cumhuriyeti yurtta\u015flar\u0131 de\u011fil, 32 \u00fclkenin yurtta\u015flar\u0131 vard\u0131r. Dolay\u0131s\u0131yla T\u00fcrkiye Cumhuriyeti&#8217;nin, di\u011fer \u00fclkelerde de T\u00fcrkiye&#8217;de g\u00f6sterilen tepkilerin benzerini g\u00f6stermeleri i\u00e7in daha aktif \u00e7al\u0131\u015fmalar\u0131n\u0131 istedik. Ama benim g\u00f6rd\u00fc\u011f\u00fcm kadar\u0131yla \u00f6yle aktif \u00e7al\u0131\u015fma AKP h\u00fck\u00fcmetinde g\u00f6remedik.&#8221;<\/p>\n<p style=\"text-align: justify;\">K\u0131l\u0131\u00e7daro\u011flu, &#8221;Son s\u00fcre\u00e7te h\u00fck\u00fcmetin sorumlulu\u011fu oldu\u011funu s\u00f6yleyenler, yazanlar var. Bununla ilgili ne d\u00fc\u015f\u00fcn\u00fcyorsunuz?&#8221; sorusu \u00fczerine \u015f\u00f6yle konu\u015ftu:<\/p>\n<p style=\"text-align: justify;\">&#8221;\u015eimdi pek \u00e7ok karanl\u0131k nokta var. H\u00fck\u00fcmet bu konuda daha a\u00e7\u0131k, net bir tutum tak\u0131nm\u0131\u015f de\u011fil. Bu gemiler T\u00fcrkiye&#8217;ye geldi mi gelmedi mi? G\u00fcmr\u00fcklerde hangi t\u00fcr i\u015flemler yap\u0131ld\u0131? Baz\u0131 \u00e7evreler AKP milletvekillerinin de bu gemilere binece\u011fini ama son anda vazge\u00e7tiklerini s\u00f6yl\u00fcyorlar. B\u00fct\u00fcn bunlar\u0131 bilmiyoruz. Say\u0131n Ba\u015fbakan&#8217;\u0131n bu ayr\u0131nt\u0131lar konusunda kamuoyunu ayd\u0131nlatmas\u0131 laz\u0131m. Bunu bekliyoruz. Sal\u0131 g\u00fcnk\u00fc konu\u015fmada yine bu ayr\u0131nt\u0131lar\u0131 s\u00f6yleyece\u011fiz, Say\u0131n Ba\u015fbakan&#8217;a soraca\u011f\u0131z. Bizim bilmedi\u011fimiz \u0130srail ile T\u00fcrkiye Cumhuriyeti D\u0131\u015fi\u015fleri aras\u0131nda kriptolar var m\u0131 yok mu? Yaz\u0131\u015fmalar yap\u0131lm\u0131\u015f m\u0131 yap\u0131lmam\u0131\u015f m\u0131? Bunlar\u0131 da T\u00fcrkiye Cumhuriyeti h\u00fck\u00fcmetinin a\u00e7\u0131klamas\u0131n\u0131 bekliyoruz. D\u0131\u015fi\u015fleri Bakanl\u0131\u011f\u0131, karanl\u0131kta bir nokta b\u0131rakmamal\u0131d\u0131r. Orada yurtta\u015flar\u0131m\u0131z\u0131 yitirmi\u015fsek AKP h\u00fck\u00fcmetinin riski \u00f6nceden g\u00f6r\u00fcp \u00f6nlem al\u0131p almad\u0131\u011f\u0131n\u0131 da bilmemiz gerekiyor. O insan\u0131m\u0131z\u0131 \u00f6l\u00fcme g\u00f6ndereceksiniz, AKP milletvekilleri son anda binmeyecek. Nedir bu? Do\u011fru mudur de\u011fil midir? Bu konular daha hen\u00fcz a\u00e7\u0131klanmayan karanl\u0131k noktalar. \u00d6n\u00fcm\u00fczdeki g\u00fcnlerde daha sa\u011fl\u0131kl\u0131 tart\u0131\u015fma ortam\u0131 \u00e7\u0131kacakt\u0131r ve ger\u00e7ekleri de hep beraber \u00f6\u011frenmi\u015f olaca\u011f\u0131z.&#8221;<\/p>\n<p style=\"text-align: justify;\">CHP \u00c7anakkale \u0130l Ba\u015fkanl\u0131\u011f\u0131n\u0131 da ziyaret eden K\u0131l\u0131\u00e7daro\u011flu, &#8221;\u00c7anakkale&#8217;den bir iste\u011fimiz var. Genel se\u00e7imlerde 4-0&#8221; dedi.<\/p>\n<p style=\"text-align: justify;\">Bir gazetecinin &#8221;\u00d6n se\u00e7im olacak m\u0131?&#8221; sorusu \u00fczerine K\u0131l\u0131\u00e7daro\u011flu, &#8221;\u00d6nce bir se\u00e7im karar\u0131n\u0131n al\u0131nmas\u0131n\u0131 g\u00f6relim&#8221; dedi. &#8221;Tavr\u0131n\u0131z hangisinden yana&#8221; \u015feklindeki soruya &#8221;Demokrasiden yana&#8221; yan\u0131t\u0131n\u0131 verdi.<\/p>\n<p style=\"text-align: justify;\">\u00dc\u00e7 g\u00fcnl\u00fck Trakya gezisini tamamlayan K\u0131l\u0131\u00e7daro\u011flu, hava muhalefeti nedeniyle \u0130stanbul&#8217;a kara yoluyla gitti.<\/p>\n<p style=\"text-align: justify;\"><span style=\"color: #888888;\">Gazeteport<br \/>\n<\/span><\/p>\n","protected":false},"excerpt":{"rendered":"<p style=\"text-align: justify;\">\n<p style=\"text-align: justify;\">CHP Genel Ba\u015fkan\u0131 Kemal K\u0131l\u0131\u00e7daro\u011flu, halk\u0131n \u00e7\u0131karlar\u0131n\u0131 savundu\u011funu belirterek, &#8221;Say\u0131n Ba\u015fbakan \u00e7ok iyi bilsin ben halk\u0131n avukat\u0131y\u0131m. Benim ne s\u00f6ylediklerimi \u00f6\u011frenmek istiyorsa do\u011frudan do\u011fruya a\u011fz\u0131mdan \u00e7\u0131kanlar\u0131 \u00f6nce kendisinin duymas\u0131 laz\u0131m&#8221; dedi.<\/p>\n","protected":false},"author":1,"featured_media":0,"comment_status":"open","ping_status":"closed","sticky":false,"template":"","format":"standard","meta":{"footnotes":""},"categories":[105],"tags":[],"class_list":["post-23457","post","type-post","status-publish","format-standard","hentry","category-gundem","odd"],"_links":{"self":[{"href":"http:\/\/www.korhanyilmaz.com\/index.php?rest_route=\/wp\/v2\/posts\/23457","targetHints":{"allow":["GET"]}}],"collection":[{"href":"http:\/\/www.korhanyilmaz.com\/index.php?rest_route=\/wp\/v2\/posts"}],"about":[{"href":"http:\/\/www.korhanyilmaz.com\/index.php?rest_route=\/wp\/v2\/types\/post"}],"author":[{"embeddable":true,"href":"http:\/\/www.korhanyilmaz.com\/index.php?rest_route=\/wp\/v2\/users\/1"}],"replies":[{"embeddable":true,"href":"http:\/\/www.korhanyilmaz.com\/index.php?rest_route=%2Fwp%2Fv2%2Fcomments&post=23457"}],"version-history":[{"count":0,"href":"http:\/\/www.korhanyilmaz.com\/index.php?rest_route=\/wp\/v2\/posts\/23457\/revisions"}],"wp:attachment":[{"href":"http:\/\/www.korhanyilmaz.com\/index.php?rest_route=%2Fwp%2Fv2%2Fmedia&parent=23457"}],"wp:term":[{"taxonomy":"category","embeddable":true,"href":"http:\/\/www.korhanyilmaz.com\/index.php?rest_route=%2Fwp%2Fv2%2Fcategories&post=23457"},{"taxonomy":"post_tag","embeddable":true,"href":"http:\/\/www.korhanyilmaz.com\/index.php?rest_route=%2Fwp%2Fv2%2Ftags&post=23457"}],"curies":[{"name":"wp","href":"https:\/\/api.w.org\/{rel}","templated":true}]}}