{"id":23451,"date":"2010-06-06T14:47:38","date_gmt":"2010-06-06T11:47:38","guid":{"rendered":"http:\/\/www.korhanyilmaz.com\/?p=23451"},"modified":"2010-06-06T14:47:38","modified_gmt":"2010-06-06T11:47:38","slug":"23451","status":"publish","type":"post","link":"http:\/\/www.korhanyilmaz.com\/?p=23451","title":{"rendered":"&#8220;Tel Aviv&#8217;e seslendim, cevap Ke\u015fan&#8217;dan geldi&#8221;"},"content":{"rendered":"<p style=\"text-align: center;\"><a href=\"http:\/\/www.korhanyilmaz.com\/wp-content\/uploads\/2010\/06\/022.jpg\"  class=\"lightview\"><img loading=\"lazy\" decoding=\"async\" class=\"aligncenter size-full wp-image-23452\" src=\"http:\/\/www.korhanyilmaz.com\/wp-content\/uploads\/2010\/06\/022.jpg\" alt=\"\" width=\"379\" height=\"219\" \/><\/a><\/p>\n<p style=\"text-align: justify;\">Ba\u015fbakan Recep Tayyip Erdo\u011fan, Konya&#8217;dan \u0130srail&#8217;e, \u0130srail h\u00fck\u00fcmetine seslendi\u011fini hat\u0131rlatarak, &#8221;\u00dc\u00e7 dilde Tevrat&#8217;taki 10 Emir&#8217;in alt\u0131nc\u0131s\u0131n\u0131 hat\u0131rlatt\u0131m, &#8216;\u00d6ld\u00fcrmeyeceksin&#8217; dedim. \u00c7ok ilgin\u00e7tir, ben Tel Aviv&#8217;e seslendim, cevab\u0131 ne yaz\u0131k ki Ke\u015fan&#8217;dan geldi&#8221; dedi.<!--more--><\/p>\n<p style=\"text-align: justify;\">BURSA &#8211; Ba\u015fbakan Erdo\u011fan, Bursa Atat\u00fcrk Kongre ve K\u00fclt\u00fcr Merkezinin \u00f6n\u00fcnde ger\u00e7ekle\u015ftirilen toplu a\u00e7\u0131l\u0131\u015f ve TOK\u0130 anahtar teslim t\u00f6reninde yapt\u0131\u011f\u0131 konu\u015fmada, Orta Do\u011fu&#8217;nun bir an \u00f6nce huzura, istikrara, bar\u0131\u015fa kavu\u015fmas\u0131n\u0131 istediklerini s\u00f6yledi. Bu isteklerin, taleplerin takip\u00e7isi olacaklar\u0131n\u0131 dile getiren Erdo\u011fan, Orta Do\u011fu&#8217;ya bar\u0131\u015f, huzur gelinceye kadar m\u00fccadelelerini kesintisiz s\u00fcrd\u00fcreceklerini kaydederek, bundan hi\u00e7 kimsenin \u015f\u00fcphesinin olmamas\u0131n\u0131 istedi.<\/p>\n<p style=\"text-align: justify;\">Ba\u015fbakan Erdo\u011fan, &#8221;Yeter ki siz yan\u0131m\u0131zda olun. Yeter ki g\u00f6nl\u00fcn\u00fcz, y\u00fcre\u011finiz, akl\u0131n\u0131z bizimle olsun. Yeter ki hay\u0131r dualar\u0131n\u0131z\u0131 bizden eksik etmeyin&#8221; dedi. Diklenmeden dik duracaklar\u0131n\u0131, bar\u0131\u015f \u00e7a\u011fr\u0131lar\u0131n\u0131 da daha g\u00fc\u00e7l\u00fc bir \u015fekilde hayk\u0131rmaya devam edeceklerini dile getiren Erdo\u011fan, \u015f\u00f6yle konu\u015ftu:<\/p>\n<p style=\"text-align: justify;\">&#8221;\u015euraya da dikkatlerinizi \u00e7ekmek istiyorum; \u00f6nceki g\u00fcn ben Konya&#8217;da \u0130srail&#8217;e, \u0130srail h\u00fck\u00fcmetine seslendim. \u00dc\u00e7 dilde Tevrat&#8217;taki 10 Emir&#8217;in alt\u0131nc\u0131s\u0131n\u0131 hat\u0131rlatt\u0131m, &#8216;\u00d6ld\u00fcrmeyeceksin&#8217; dedim. \u00c7ok ilgin\u00e7tir, ben Tel Aviv&#8217;e seslendim, cevab\u0131 ne yaz\u0131k ki Ke\u015fan&#8217;dan geldi. Hale bak. Birileri \u00e7\u0131km\u0131\u015f Tel Aviv ad\u0131na cevap veriyor. Tel Aviv&#8217;in avukatl\u0131\u011f\u0131n\u0131 yap\u0131yor. Bana Tevrat&#8217;taki ba\u015fka emirleri hat\u0131rlat\u0131yor. Biz hamd olsun tahsilimiz gere\u011fi de Tevrat&#8217;\u0131 da okuduk, \u0130ncil&#8217;i de okuduk, Kur&#8217;an&#8217;\u0131 da defalarca okuduk.<\/p>\n<p style=\"text-align: justify;\">Zahmet olmazsa o kitaplar\u0131, o emirleri sen oku sen. Sadece okuma yetmez; ya\u015fa, ya\u015fa&#8230; \u00c7\u00fcnk\u00fc aslolan \u015fudur; yapmad\u0131klar\u0131n\u0131z\u0131 ni\u00e7in s\u00f6yl\u00fcyorsunuz? Bunlar yapmad\u0131klar\u0131n\u0131 konu\u015fuyorlar. Okuduklar\u0131n\u0131 da yine zahmet olmazsa arkada\u015flar\u0131na da anlat. Rahle-i tedrisinden ge\u00e7tiklerine de anlat, beraber olduklar\u0131na da anlat. Tarihleri \u00e7almayla, \u00e7\u0131rpmayla, ya\u011fmayla, yalanla, iftirayla dolu olanlar, \u015fimdi kalkm\u0131\u015f Tel Aviv \u00fczerinden bize s\u00f6z yeti\u015ftiriyorlar. Desteksiz atmayla bir \u015fey elde edilse burada Erzurumlu karde\u015flerim var, iyi bilirler Erzurumlu Teyo Pehlivan cihan padi\u015fah\u0131 olur.&#8221;<\/p>\n<p style=\"text-align: justify;\"><strong>&#8220;KUD\u00dcS YANARSA ORTADO\u011eU YANAR&#8221;<\/strong><\/p>\n<p style=\"text-align: justify;\">Ba\u015fbakan Recep Tayyip Erdo\u011fan, &#8221;Kud\u00fcs yanarsa Orta Do\u011fu yanar. Kud\u00fcs yanarsa d\u00fcnya yanar&#8221; dedi.<\/p>\n<p style=\"text-align: justify;\">Baz\u0131 televizyon kanallar\u0131nda yap\u0131lan ve baz\u0131 k\u00f6\u015fe yazarlar\u0131n\u0131n g\u00fcndeme getirdi\u011fi yorumlara da de\u011finmek istedi\u011fini ifade eden Ba\u015fbakan Erdo\u011fan, \u015f\u00f6yle konu\u015ftu:<\/p>\n<p style=\"text-align: justify;\">&#8221;\u0130sim falan vermeyece\u011fim. Gerek yok, reklama girer. Bizim bu yapt\u0131klar\u0131m\u0131z i\u00e7in &#8216;Bu nas\u0131l diplomasi?&#8217; diyorlar. Zaten sizin o diplomasiniz benim \u00fclkemi bu hale soktu. Biz b\u00f6yle bir emanet ald\u0131k. Daha \u00f6nce de s\u00f6yledim, biz mon\u015ferler diplomasisini bir kenara koyduk. O diplomasi art\u0131k tarihe kar\u0131\u015ft\u0131. Bire bir, \u015fahsiyetli, onurlu d\u0131\u015f politika d\u00f6nemini biz ba\u015flatt\u0131k. Bunlar salon diplomasisinden ba\u015fka bir \u015fey yapmad\u0131lar. Bunlar e\u011fer bu milletin tarihini bilseydiler, e\u011fer bunlar benim ecdad\u0131m Kanuni Sultan S\u00fcleyman&#8217;\u0131n o mektuplar\u0131n\u0131 \u015f\u00f6yle bir okumu\u015f olsayd\u0131lar, bunlar Kanuni Sultan S\u00fcleyman&#8217;\u0131n b\u0131rak kendi mektubunu, \u00f6zel kalemine yazd\u0131rd\u0131\u011f\u0131 mektupla d\u00fcnyaya \u00e7eki d\u00fczen verdi\u011fi d\u00f6nemleri bilseydiler bunlar\u0131 konu\u015famazlard\u0131.<\/p>\n<p style=\"text-align: justify;\">Ama bunlar\u0131n tarihlerinden haberleri yok. Bunlar\u0131n kendileri sadece masa diplomasisiyle bug\u00fcne kadar T\u00fcrkiye&#8217;yi ne yaz\u0131k ki bu hale getirdiler. \u00c7\u00fcnk\u00fc &#8216;T\u00fcrkiye&#8217;nin d\u0131\u015f politikas\u0131nda eksen kaymas\u0131 var&#8217; diyorsa a\u00e7\u0131k s\u00f6yl\u00fcyorum art niyetlidir. \u00c7\u00fcnk\u00fc &#8216;T\u00fcrkiye&#8217;nin d\u0131\u015f politikas\u0131 ba\u015fka y\u00f6nlere gidiyor&#8217; diyorsa bilin ki k\u00f6t\u00fc niyetlidir.&#8221;<\/p>\n<p style=\"text-align: justify;\"><strong>&#8221;B\u0130R SANDIK DOMATES B\u0130LE \u0130SRA\u0130L&#8217;\u0130N \u0130ZN\u0130NE TAB\u0130&#8221;<\/strong><\/p>\n<p style=\"text-align: justify;\">T\u00fcrkiye&#8217;nin \u0130srail h\u00fck\u00fcmetiyle sorun ya\u015fad\u0131\u011f\u0131n\u0131, \u0130srail h\u00fck\u00fcmetinin zorbal\u0131\u011f\u0131na, korsanl\u0131\u011f\u0131na, hukuk tan\u0131mazl\u0131\u011f\u0131na kar\u015f\u0131 sesini y\u00fckseltti\u011fini belirten Erdo\u011fan, s\u00f6zlerini \u015f\u00f6yle s\u00fcrd\u00fcrd\u00fc:<\/p>\n<p style=\"text-align: justify;\">&#8221;Hem i\u00e7eriden hem d\u0131\u015far\u0131dan &#8216;T\u00fcrkiye bat\u0131dan uzakla\u015f\u0131yor&#8217; diye yaygara kopar\u0131yorlar. Bunlar demokrasiden, insan haklar\u0131ndan, temel hak ve \u00f6zg\u00fcrl\u00fcklerden, uluslararas\u0131 hukuktan dahi bihaberler. Bizim itiraz\u0131m\u0131z var. Biz zulme, haks\u0131zl\u0131\u011fa, hukuksuzlu\u011fa, adaletsizli\u011fe, korsanl\u0131\u011fa, devlet ter\u00f6r\u00fcne itiraz ediyoruz. Biz bir \u015fehrin, Gazze&#8217;nin i\u00e7indeki t\u00fcm insanlar\u0131 a\u00e7\u0131k hava hapishanesinde ya\u015fatanlara itiraz ediyoruz. Hani insan haklar\u0131? Hi\u00e7bir yerden d\u00fcnyaya \u00e7\u0131k\u0131\u015flar\u0131 yok. Bir sand\u0131k domates bile \u0130srail&#8217;in iznine tabi.<\/p>\n<p style=\"text-align: justify;\">Nerede insanl\u0131k, nerede d\u00fcnya devletleri? Biz buna itiraz ediyoruz. O kap\u0131lar\u0131n a\u00e7\u0131lmas\u0131n\u0131 istiyoruz. \u015eu anda M\u0131s\u0131r, \u00f6yle zannediyorum ki kap\u0131lar\u0131 art\u0131k daimi olarak a\u00e7t\u0131. Beklentimiz buydu. Biz bu onurlu \u00e7\u0131k\u0131\u015flarla, inan\u0131yorum ki insanl\u0131\u011f\u0131n \u00f6zg\u00fcrl\u00fc\u011f\u00fcne, bar\u0131\u015f\u0131na katk\u0131da bulunuyoruz. Biz uluslararas\u0131 sularda yard\u0131m konvoyuna sald\u0131r\u0131p, vah\u015fice adam \u00f6ld\u00fcren, korsanca gemi ka\u00e7\u0131ranlara itiraz ediyoruz. Biz Orta Do\u011fu&#8217;yu ate\u015fe atan, Orta Do\u011fu&#8217;yu bir yang\u0131n yerine \u00e7evirmeye \u00e7al\u0131\u015fan zihniyete itiraz ediyoruz.&#8221;<\/p>\n<p style=\"text-align: justify;\"><strong>&#8221;GAZZE KAR\u015eISINDA SUSSAK OSMAN GAZ\u0130&#8217;N\u0130N KEM\u0130KLER\u0130 SIZLAMAZ MI?&#8221;<\/strong><\/p>\n<p style=\"text-align: justify;\">Ba\u015fbakan Erdo\u011fan, alandakilere &#8221;Gazze kar\u015f\u0131s\u0131nda sussak, \u015fu Osman Gazi&#8217;nin kemikleri s\u0131zlamaz m\u0131?&#8221; diye sorarak, \u015f\u00f6yle devam etti:<\/p>\n<p style=\"text-align: justify;\">&#8221;Kud\u00fcs kar\u015f\u0131s\u0131nda g\u00f6z\u00fcm\u00fcz\u00fc yumsak \u015fu Orhan Gazi&#8217;nin ruhu s\u0131zlamaz m\u0131? Adaletsizli\u011fe, hukuksuzlu\u011fa, zulme, korsanl\u0131\u011fa, devlet ter\u00f6r\u00fcne kulaklar\u0131m\u0131z\u0131 t\u0131kasak Sultan Muratlar\u0131n, Sultan Beyaz\u0131tlar\u0131n hat\u0131ras\u0131 \u00e7i\u011fnenmez mi?. Bu mon\u015ferlerden baz\u0131lar\u0131 \u015funu s\u00f6yl\u00fcyor; &#8216;Buras\u0131 bizim i\u00e7in bir milli dava de\u011fildir&#8217;. Buras\u0131 bizim i\u00e7in tarihi davad\u0131r. Burada bizim tarihten gelen sorumlulu\u011fumuz var. Kud\u00fcs, \u00fc\u00e7 dinin merkezidir. M\u00fcsl\u00fcmanlar\u0131n, Hristiyanlar\u0131n, Musevilerin. Orada bu din mensuplar\u0131n\u0131n hepsinin hakk\u0131 var. En ba\u015f\u0131ndan itibaren biz bunu seslendirdik, bu onurlu duru\u015fu sergiledik. Bundan sonra da geri ad\u0131m atmadan, bu onurlu duru\u015fu uluslararas\u0131 diplomatik \u00e7evrelerde, t\u00fcm kurum ve kurulu\u015flarda seslendirece\u011fiz, takip edece\u011fiz.&#8221;<\/p>\n<p style=\"text-align: justify;\"><strong>&#8221;D\u0130K DURU\u015eUMUZU DEVAM ETT\u0130RECE\u011e\u0130Z&#8221;<\/strong><\/p>\n<p style=\"text-align: justify;\">BM Genel Sekreteri Ban Ki-Mun ile d\u00fcn yapt\u0131\u011f\u0131 g\u00f6r\u00fc\u015fmeyi an\u0131msatan Ba\u015fbakan Erdo\u011fan, bu konuyu Genel Sekreter ile &#8221;uzun uzad\u0131ya konu\u015ftu\u011funu&#8221; bildirdi.<\/p>\n<p style=\"text-align: justify;\">Erdo\u011fan, en ba\u015ftan beri d\u00fcnyan\u0131n dikkatini bu insanl\u0131k d\u0131\u015f\u0131 politikalara \u00e7ekmeye \u00e7al\u0131\u015ft\u0131klar\u0131n\u0131 vurgulad\u0131.<\/p>\n<p style=\"text-align: justify;\">Ba\u015fbakan Erdo\u011fan, ABD Ba\u015fkan\u0131 Barack Obama ile de bu konuyu konu\u015ftuklar\u0131n\u0131 dile getirerek, &#8221;Onunla da yapt\u0131\u011f\u0131m\u0131z g\u00f6r\u00fc\u015fmede aynen s\u00f6ylediklerimi kendilerine ifade ettim. Geli\u015fmeleri bu istikamette \u015fu anda olumlu g\u00f6r\u00fcyoruz. Temenni ediyoruz ki bu neticeyi al\u0131r\u0131z. Gazze&#8217;de abluka kalk\u0131ncaya kadar, katliamlar duruncaya kadar, Orta Do\u011fu&#8217;daki, Akdeniz&#8217;deki devlet ter\u00f6r\u00fcn\u00fcn hesab\u0131 soruluncaya kadar biz dik duru\u015fumuzu devam ettirece\u011fiz&#8221; diye konu\u015ftu.<\/p>\n<p style=\"text-align: justify;\"><strong>&#8221;KUD\u00dcS A\u011eLARSA \u0130STANBUL A\u011eLAR&#8221;<\/strong><\/p>\n<p style=\"text-align: justify;\">BM G\u00fcvenlik Konseyi&#8217;den \u00e7\u0131kan k\u0131nama karar\u0131n\u0131n bir ad\u0131m oldu\u011funu ancak netice olmad\u0131\u011f\u0131n\u0131 vurgulayan Ba\u015fbakan Erdo\u011fan, \u015funlar\u0131 s\u00f6yledi:<\/p>\n<p style=\"text-align: justify;\">&#8221;\u015eimdi BM, giri\u015fimlerimiz neticesinde 3 veya 5 ki\u015filik bir ara\u015ft\u0131rma komisyonu kuruyor. BM G\u00fcvenlik Konseyi&#8217;nden \u00e7\u0131kan bu k\u0131nama bildirisiyle birlikte bu ara\u015ft\u0131rma komisyonunun yapaca\u011f\u0131 \u00e7al\u0131\u015fmalar bizim i\u00e7in \u00e7ok \u00e7ok \u00f6nemlidir. Temenni ediyoruz ki buradan bir netice alal\u0131m.<\/p>\n<p style=\"text-align: justify;\">Unutmay\u0131n, hep s\u00f6yledim, bug\u00fcn de s\u00f6yl\u00fcyorum; Kud\u00fcs yanarsa Orta Do\u011fu yanar. Kud\u00fcs yanarsa d\u00fcnya yanar. \u00c7\u00fcnk\u00fc k\u00fcresel bir \u00e7a\u011fda ya\u015f\u0131yoruz. D\u00fcnyan\u0131n bir ucundaki olay art\u0131k di\u011fer ucunu da etkiliyor. Bir yerdeki sorun orada lokal kalm\u0131yor. Geni\u015f bir co\u011frafyay\u0131, d\u00fcnyay\u0131 etkiliyor. Onun i\u00e7in Kud\u00fcs a\u011flarsa \u0130stanbul a\u011flar. Gazze \u00fcz\u00fcl\u00fcrse Ankara \u00fcz\u00fcl\u00fcr. Filistin ac\u0131 \u00e7ekerse Bursa bunu y\u00fcre\u011finde hisseder. Biz ayn\u0131 duygu ikliminin insanlar\u0131y\u0131z. Ayn\u0131 co\u011frafyan\u0131n, ayn\u0131 medeniyetin mensuplar\u0131y\u0131z. Medeniyetler \u0130ttifak\u0131&#8217;n\u0131n e\u015fba\u015fkan\u0131y\u0131z, BM G\u00fcvenlik Konseyi&#8217;nin de \u00fcyesiyiz. Nas\u0131l sessiz kal\u0131r\u0131z?<\/p>\n<p style=\"text-align: justify;\">Nas\u0131l ki Saraybosna&#8217;n\u0131n sevinci Bursa&#8217;n\u0131n sevinciyse Rus\u00e7uk&#8217;un, Filibe&#8217;nin, K\u0131rcaali&#8217;nin, Deliorman&#8217;\u0131n ne\u015fesi t\u00fcm Balkanlar\u0131n ne\u015fesiyse ayn\u0131 \u015fekilde Orta Do\u011fu&#8217;nun meselesi de Gazze&#8217;nin, Kud\u00fcs&#8217;\u00fcn meselesi, t\u00fcm d\u00fcnyan\u0131n meselesidir, meselesi olmal\u0131d\u0131r. D\u00fcnya art\u0131k bu ger\u00e7e\u011fi g\u00f6rmelidir. D\u00fcnya \u0130srail&#8217;in kural tan\u0131maz, hukuk tan\u0131maz siyasetini art\u0131k g\u00f6rmelidir. \u0130vedilikle Gazze&#8217;deki ablukan\u0131n kald\u0131r\u0131lmas\u0131n\u0131, tecride son verilmesini istiyoruz. Filistin-\u0130srail bar\u0131\u015f g\u00f6r\u00fc\u015fmelerinin yeniden ba\u015flat\u0131lmas\u0131n\u0131, ba\u015fkenti Do\u011fu Kud\u00fcs olan bir Filistin devletinin kurulmas\u0131n\u0131, buna ili\u015fkin \u00e7al\u0131\u015fmalar\u0131n acilen ba\u015flat\u0131lmas\u0131n\u0131 istiyoruz.&#8221;<\/p>\n<p style=\"text-align: justify;\"><span style=\"color: #888888;\">Gazeteport<\/span><\/p>\n","protected":false},"excerpt":{"rendered":"<p style=\"text-align: center;\">\n<p style=\"text-align: justify;\">Ba\u015fbakan Recep Tayyip Erdo\u011fan, Konya&#8217;dan \u0130srail&#8217;e, \u0130srail h\u00fck\u00fcmetine seslendi\u011fini hat\u0131rlatarak, &#8221;\u00dc\u00e7 dilde Tevrat&#8217;taki 10 Emir&#8217;in alt\u0131nc\u0131s\u0131n\u0131 hat\u0131rlatt\u0131m, &#8216;\u00d6ld\u00fcrmeyeceksin&#8217; dedim. \u00c7ok ilgin\u00e7tir, ben Tel Aviv&#8217;e seslendim, cevab\u0131 ne yaz\u0131k ki Ke\u015fan&#8217;dan geldi&#8221; dedi.<\/p>\n","protected":false},"author":1,"featured_media":0,"comment_status":"open","ping_status":"closed","sticky":false,"template":"","format":"standard","meta":{"footnotes":""},"categories":[105],"tags":[],"class_list":["post-23451","post","type-post","status-publish","format-standard","hentry","category-gundem","odd"],"_links":{"self":[{"href":"http:\/\/www.korhanyilmaz.com\/index.php?rest_route=\/wp\/v2\/posts\/23451","targetHints":{"allow":["GET"]}}],"collection":[{"href":"http:\/\/www.korhanyilmaz.com\/index.php?rest_route=\/wp\/v2\/posts"}],"about":[{"href":"http:\/\/www.korhanyilmaz.com\/index.php?rest_route=\/wp\/v2\/types\/post"}],"author":[{"embeddable":true,"href":"http:\/\/www.korhanyilmaz.com\/index.php?rest_route=\/wp\/v2\/users\/1"}],"replies":[{"embeddable":true,"href":"http:\/\/www.korhanyilmaz.com\/index.php?rest_route=%2Fwp%2Fv2%2Fcomments&post=23451"}],"version-history":[{"count":0,"href":"http:\/\/www.korhanyilmaz.com\/index.php?rest_route=\/wp\/v2\/posts\/23451\/revisions"}],"wp:attachment":[{"href":"http:\/\/www.korhanyilmaz.com\/index.php?rest_route=%2Fwp%2Fv2%2Fmedia&parent=23451"}],"wp:term":[{"taxonomy":"category","embeddable":true,"href":"http:\/\/www.korhanyilmaz.com\/index.php?rest_route=%2Fwp%2Fv2%2Fcategories&post=23451"},{"taxonomy":"post_tag","embeddable":true,"href":"http:\/\/www.korhanyilmaz.com\/index.php?rest_route=%2Fwp%2Fv2%2Ftags&post=23451"}],"curies":[{"name":"wp","href":"https:\/\/api.w.org\/{rel}","templated":true}]}}