{"id":23447,"date":"2010-06-06T20:33:52","date_gmt":"2010-06-06T17:33:52","guid":{"rendered":"http:\/\/www.korhanyilmaz.com\/?p=23447"},"modified":"2010-06-06T20:33:52","modified_gmt":"2010-06-06T17:33:52","slug":"basbakan-erdogan-gazzeye-mi-gidiyor","status":"publish","type":"post","link":"http:\/\/www.korhanyilmaz.com\/?p=23447","title":{"rendered":"Ba\u015fbakan Erdo\u011fan Gazze&#8217;ye mi gidiyor?"},"content":{"rendered":"<p style=\"text-align: justify;\"><a href=\"http:\/\/www.korhanyilmaz.com\/wp-content\/uploads\/2010\/06\/013.jpg\"  class=\"lightview\"><img loading=\"lazy\" decoding=\"async\" class=\"aligncenter size-full wp-image-23448\" src=\"http:\/\/www.korhanyilmaz.com\/wp-content\/uploads\/2010\/06\/013.jpg\" alt=\"\" width=\"292\" height=\"220\" \/><\/a><\/p>\n<p style=\"text-align: justify;\">D\u0131\u015fi\u015fleri Bakan\u0131 Ahmet Davuto\u011flu, \u0130srail&#8217;in yard\u0131m gemisine sald\u0131r\u0131s\u0131n\u0131n bir su\u00e7 oldu\u011funu ve uluslararas\u0131 ba\u011f\u0131ms\u0131z bir komisyon kurulmas\u0131 konusunda \u0131srarc\u0131 olduklar\u0131n\u0131 belirterek, &#8220;E\u011fer \u0130srail bunu reddediyorsa bu onlar\u0131n su\u00e7lulu\u011funun bir ba\u015fka kan\u0131t\u0131d\u0131r. Demek ki ger\u00e7eklerle y\u00fczle\u015fecek \u00f6zg\u00fcvenleri yok&#8221; dedi. Davuto\u011flu, Ba\u015fbakan Erdo\u011fan&#8217;\u0131n b\u00f6lgeye gidecek yeni bir gemide bulunmak istedi\u011fi y\u00f6n\u00fcndeki haberleri de yalanlad\u0131. <!--more--><\/p>\n<p style=\"text-align: justify;\">Bakan Davuto\u011flu, \u0130slam Konferans\u0131 Te\u015fkilat\u0131 (\u0130KT) Y\u00fcr\u00fctme Kurulu toplant\u0131s\u0131 i\u00e7in bulundu\u011fu Cidde&#8217;de, telefonla CNN&#8217;den Fareed Zakaria&#8217;n\u0131n \u0130srail&#8217;in son gemi sald\u0131r\u0131s\u0131na ili\u015fkin sorular\u0131n\u0131 yan\u0131tlad\u0131.<\/p>\n<p style=\"text-align: justify;\">\u0130srail Ba\u015fbakan\u0131 Binyamin Netehyahu&#8217;nun uluslararas\u0131 ba\u011f\u0131ms\u0131z bir ara\u015ft\u0131rma komisyonu kurulmas\u0131 talebini reddetti\u011finin hat\u0131rlat\u0131lmas\u0131 \u00fczerine Davuto\u011flu, ilk olarak ne oldu\u011funun \u00e7ok iyi anla\u015f\u0131lmas\u0131 gerekti\u011fini ifade ederek, \u0130srail&#8217;in, uluslararas\u0131 sularda, \u0130srail&#8217;den 72 mil a\u00e7\u0131kta, sivil bir gemiye sald\u0131rd\u0131\u011f\u0131n\u0131 s\u00f6yledi.<\/p>\n<p style=\"text-align: justify;\">Davuto\u011flu, uluslararas\u0131 hukuka g\u00f6re bunun bir su\u00e7 oldu\u011funu ve 9 sivilin hayat\u0131n\u0131 kaybetti\u011fini vurgulayarak, &#8220;Soru \u015fu: Bundan kim sorumlu?&#8221; diye sordu.<\/p>\n<p style=\"text-align: justify;\">Halen Somali&#8217;deki korsanl\u0131k olaylar\u0131yla m\u00fccadele edildi\u011fini hat\u0131rlatan Davuto\u011flu, &#8220;\u015eimdi bunun ayr\u0131m\u0131n\u0131 nas\u0131l yapaca\u011f\u0131z?&#8221; diye konu\u015ftu. D\u0131\u015fi\u015fleri Bakan\u0131 Davuto\u011flu, T\u00fcrkiye&#8217;nin uluslararas\u0131 ba\u011f\u0131ms\u0131z bir ara\u015ft\u0131rma komisyonu kurulmas\u0131n\u0131 talep etti\u011fini hat\u0131rlatarak, &#8220;Bu talebimizde \u0131srarl\u0131y\u0131z&#8221; dedi. BM Genel Sekreteri Ban Ki Mun&#8217;a \u00e7abalar\u0131 nedeniyle m\u00fcte\u015fekkir olduklar\u0131n\u0131 s\u00f6yleyen Davuto\u011flu, \u015funlar\u0131 kaydetti:<\/p>\n<p style=\"text-align: justify;\">&#8220;Biz ba\u011f\u0131ms\u0131z, \u015feffaf ve etkili bir komisyon ile i\u015fbirli\u011fi yapmaya haz\u0131r\u0131z. Biz ger\u00e7ekleri \u00f6\u011frenmek istiyoruz. E\u011fer \u0130srail bunu reddediyorsa bu onlar\u0131n su\u00e7lulu\u011funun bir ba\u015fka kan\u0131t\u0131d\u0131r. Demek ki ger\u00e7eklerle y\u00fczle\u015fecek \u00f6zg\u00fcvenleri yok.&#8221;<\/p>\n<p style=\"text-align: justify;\">Bakan Davuto\u011flu, bunun sadece T\u00fcrkiye ile \u0130srail aras\u0131ndaki bir konu olmad\u0131\u011f\u0131n\u0131, o gemide 32 \u00fclkeden sivil bulundu\u011funu an\u0131msatarak, bu nedenle bu sorunun \u0130srail ile uluslararas\u0131 toplum ve hukuk aras\u0131ndaki bir sorun oldu\u011funu, komisyon kurulmas\u0131 i\u00e7in de \u00e7al\u0131\u015fmaya devem edeceklerini belirtti.<\/p>\n<p style=\"text-align: justify;\">Bu sorun nedeniyle T\u00fcrkiye&#8217;nin \u0130srail ile ili\u015fkilerini t\u00fcm\u00fcyle kesmesinin s\u00f6z konusu olup olmad\u0131\u011f\u0131n\u0131n sorulmas\u0131 \u00fczerine Davuto\u011flu, &#8220;Bu \u0130srail&#8217;in tepkisine ba\u011fl\u0131&#8221; yan\u0131t\u0131n\u0131 verdi. \u0130srail&#8217;in Gazze&#8217;ye uygulad\u0131\u011f\u0131 ambargonun bir nedeninin \u0130srailli asker Gilad \u015ealid&#8217;in tutuklulu\u011fu oldu\u011funu an\u0131msatan Davuto\u011flu, T\u00fcrkiye&#8217;nin de bu nedene sayg\u0131 duydu\u011funu, \u015fimdi de ayn\u0131 sayg\u0131y\u0131 \u0130srail&#8217;den bekledi\u011fini kaydetti.<\/p>\n<p style=\"text-align: justify;\">Davuto\u011flu, \u015f\u00f6yle konu\u015ftu: &#8220;Bizim 9 vatanda\u015f\u0131m\u0131z uluslararas\u0131 sularda neden \u00f6ld\u00fcr\u00fcld\u00fc? Hi\u00e7 kimsenin, hi\u00e7bir \u00fclkenin uluslararas\u0131 sularda seyreden bir gemiye dokunma hakk\u0131 ve vatanda\u015flar\u0131m\u0131z\u0131 \u00f6ld\u00fcrme yoktur. Bu nedenle bu konunun takip\u00e7isi olaca\u011f\u0131z ve uluslararas\u0131 bir komisyon konusunda \u0131srarl\u0131y\u0131z.&#8221;<\/p>\n<p style=\"text-align: justify;\"><strong>Sovyetler Birli\u011fi kar\u015f\u0131la\u015ft\u0131rmas\u0131 <\/strong><\/p>\n<p style=\"text-align: justify;\">Bakan Davuto\u011flu, bu konunun T\u00fcrkiye i\u00e7in \u00e7ok \u00f6nemli oldu\u011funa dikkati \u00e7ekerek, s\u00f6zlerini \u015f\u00f6yle s\u00fcrd\u00fcrd\u00fc: &#8220;Bu konu \u00e7ok \u00f6nemli, \u00e7\u00fcnk\u00fc T\u00fcrkiye Cumhuriyeti tarihinde ilk kez vatanda\u015flar\u0131m\u0131z ba\u015fka bir \u00fclke taraf\u0131ndan hedef al\u0131narak ve bilin\u00e7li bir \u015fekilde sald\u0131r\u0131ya u\u011frad\u0131. So\u011fuk Sava\u015f d\u00f6neminde NATO \u00fcyesi olarak Sovyetler Birli\u011fi ile zor zamanlar ya\u015fad\u0131k. Ancak Sovyetler Birli\u011fi hi\u00e7bir vatanda\u015f\u0131m\u0131z\u0131 \u00f6ld\u00fcrmedi.&#8221;<\/p>\n<p style=\"text-align: justify;\">Yard\u0131m g\u00f6t\u00fcren sivil toplum kurulu\u015funun ter\u00f6rist bir grup olmad\u0131\u011f\u0131n\u0131 s\u00f6yleyen Davuto\u011flu, bu konuyu b\u00fct\u00fcn uluslararas\u0131 platformlarda takip etmeye devam edeceklerini bildirdi.<\/p>\n<p style=\"text-align: justify;\"><strong>ABD&#8217;nin yakla\u015f\u0131m\u0131 <\/strong><\/p>\n<p style=\"text-align: justify;\">\u00d6lenlerden Furkan Dogan&#8217;\u0131n ABD vatanda\u015f\u0131 oldu\u011fu hat\u0131rlat\u0131larak, ABD&#8217;nin konuya yakla\u015f\u0131m\u0131ndan memnun olup olmad\u0131\u011f\u0131n\u0131n sorulmas\u0131na kar\u015f\u0131l\u0131k D\u0131\u015fi\u015fleri Bakan\u0131 Davuto\u011flu, Do\u011fan&#8217;\u0131n \u00e7ifte vatanda\u015f oldu\u011funu an\u0131msatt\u0131 ve bu nedenle ABD y\u00f6netiminin de bu konuda baz\u0131 sorumluluklar\u0131 bulundu\u011funu belirtti.<\/p>\n<p style=\"text-align: justify;\">Davuto\u011flu, &#8220;\u015eimdiye kadar bu kriz kar\u015f\u0131s\u0131nda daha pro-aktif bir tutum sergilenmesini beklerdik. ABD ile iyi bir i\u015fbirli\u011fimiz var. Clinton ile yararl\u0131 bir g\u00f6r\u00fc\u015fmem oldu, Say\u0131n Obama ba\u015fbakan\u0131m\u0131z\u0131 arad\u0131. \u00d6zellikle vatanda\u015flar\u0131m\u0131z\u0131n serbest b\u0131rak\u0131lmas\u0131 hususundaki destekleri i\u00e7in \u00e7ok m\u00fcte\u015fekkiriz. Ancak maalesef, ABD&#8217;nin Cenevre&#8217;deki BM \u0130nsan Haklar\u0131 Konseyi toplant\u0131s\u0131nda hay\u0131r oyu kullanmas\u0131ndan dolay\u0131 \u00e7ok hayal k\u0131r\u0131kl\u0131\u011f\u0131na u\u011frad\u0131k. Tabi ki m\u00fcttefik ABD&#8217;den tam destek bekliyoruz&#8221; dedi.<\/p>\n<p style=\"text-align: justify;\"><strong>Erdo\u011fan, yard\u0131m gemisiyle b\u00f6lgeye mi gidecek? <\/strong><\/p>\n<p style=\"text-align: justify;\">D\u0131\u015fi\u015fleri Bakan\u0131 Ahmet Davuto\u011flu, bir ba\u015fka geminin daha Gazze&#8217;ye gidece\u011fi ve bu gemide Ba\u015fbakan Recep Tayyip Erdo\u011fan&#8217;\u0131n da bulunaca\u011f\u0131 y\u00f6n\u00fcnde baz\u0131 haberler oldu\u011funun hat\u0131rlat\u0131lmas\u0131 \u00fczerine, \u015funlar\u0131 s\u00f6yledi: &#8220;Hay\u0131r, Say\u0131n Erdo\u011fan&#8217;\u0131n b\u00f6yle bir niyeti yok. Yeniden belirtmekte yarar g\u00f6r\u00fcyorum; bu yard\u0131m gemisi tamamiyle bir sivil toplum kurulu\u015fu giri\u015fimi idi. Biz T\u00fcrk h\u00fck\u00fcmeti olarak onlar\u0131 cesaretlendirmedik, ancak biz demokratik bir \u00fclkeyiz ve bu bir sivil toplum kurulu\u015fu. \u0130stanbul sokaklar\u0131ndaki g\u00f6stericileri bile durduram\u0131yoruz. Bu nedenle bu tamamiyle sivil ve uluslararas\u0131 giri\u015fimdi. Bu nedenle onlara bir\u015fey s\u00f6yleyemeyiz.<\/p>\n<p style=\"text-align: justify;\">E\u011fer yeni bir giri\u015fim olursa ayn\u0131 \u015fekilde, bu sonu\u00e7ta sivil bir giri\u015fim. E\u011fer bir \u00fclke bu sivil konvoya sald\u0131r\u0131r ve vatanda\u015flar\u0131m\u0131z\u0131 \u00f6ld\u00fcr\u00fcrse o zaman &#8216;neden&#8217; diye sorma hakk\u0131m\u0131z var tabi ki. \u0130srail&#8217;e bir roket mi att\u0131lar? Hay\u0131r. \u0130srail&#8217;in topraklar\u0131na ya da karasular\u0131na m\u0131 tecav\u00fcz ettiler? Hay\u0131r. Herhangi bir \u0130srail vatanda\u015f\u0131na m\u0131 zarar verdiler? Hay\u0131r. O zaman neden \u00f6ld\u00fcr\u00fcld\u00fcler? Bu \u00e7ok ge\u00e7erli bir sorudur ve her ortamda sormaya devam edece\u011fiz.&#8221;<\/p>\n<p style=\"text-align: justify;\"><strong>Netanyahu ile g\u00f6r\u00fc\u015fme <\/strong><\/p>\n<p style=\"text-align: justify;\">Zakaria&#8217;n\u0131n &#8220;Sizin as\u0131l sorununuz san\u0131r\u0131m Netenyahu ile&#8221; yorumu \u00fczerine, D\u0131\u015fi\u015fleri Bakan\u0131 Davuto\u011flu, \u015funlar\u0131 s\u00f6yledi: &#8220;Hay\u0131r, b\u00f6lgemizde \u015fiddete ba\u015fvuran herhangi bir y\u00f6netim varsa biz ona yine kar\u015f\u0131 oluruz. Sizinle enteresan bir hususu daha payla\u015fay\u0131m. Asl\u0131nda ge\u00e7en hafta Sal\u0131 g\u00fcn\u00fc Ba\u015fbakan Netenyahu ile \u0130srail ile Suriye dolayl\u0131 g\u00f6r\u00fc\u015fmelerinin detaylar\u0131n\u0131 g\u00f6r\u00fc\u015fmek \u00fczere Washington&#8217;da bulu\u015fmam \u00f6ng\u00f6r\u00fcl\u00fcyordu. Hatta randevu bile kesinle\u015ftirilmi\u015fti. Suriye taraf\u0131ndan konfirmasyonu alm\u0131\u015ft\u0131k. Netehyahu ile detaylar\u0131 g\u00f6r\u00fc\u015fmek i\u00e7in Washington&#8217;a gidiyordum. Ancak Pazartesi bu sivil gemiye sald\u0131rd\u0131lar ve ben fikrimi de\u011fi\u015ftirdim. B\u00f6ylelikle bir m\u00fczakere \u015fans\u0131n\u0131 daha yok ettiler.&#8221;<\/p>\n<p style=\"text-align: justify;\">Davuto\u011flu, tarihte T\u00fcrk-\u0130srail ili\u015fkilerinin hep \u00e7ok iyi oldu\u011funu, T\u00fcrkiye&#8217;nin Museviler i\u00e7in g\u00fcvenli bir s\u0131\u011f\u0131nak oldu\u011funu, T\u00fcrkiye&#8217;nin \u0130srail&#8217;i tan\u0131yan ilk \u00fclkelerden biri oldu\u011funu hat\u0131rlatarak, &#8220;Ancak \u015fimdiki y\u00f6netim ile sorunlar\u0131m\u0131z var. Gerilim politikas\u0131na ho\u015fg\u00f6r\u00fcyle yakla\u015famay\u0131z&#8221; diye konu\u015ftu.<\/p>\n<p style=\"text-align: justify;\">T\u00fcrkiye&#8217;nin b\u00f6lgedeki di\u011fer \u00fclkelere kar\u015f\u0131 sorumluluklar\u0131 bulundu\u011funu belirten Davuto\u011flu, Zakaria&#8217;n\u0131n ifade etti\u011fi &#8220;T\u00fcrkiye&#8217;nin Bat\u0131&#8217;dan uzakla\u015farak, &#8216;sorun \u00e7\u0131karan \u00fclke&#8217; oldu\u011fu&#8221; y\u00f6n\u00fcndeki yorumlara kat\u0131lmad\u0131.<\/p>\n<p style=\"text-align: justify;\">Davuto\u011flu, T\u00fcrkiye&#8217;nin sorun \u00e7\u0131karan de\u011fil, sorunlar\u0131 \u00e7\u00f6zen bir \u00fclke oldu\u011funu vurgulayarak, buna y\u00f6nelik son d\u00f6nemdeki Somali konferans\u0131, T\u00fcrkiye-Afganistan-Pakistan \u00fc\u00e7l\u00fc zirveleri, S\u0131rbistan-Bosna Hersek giri\u015fimi gibi \u00f6rnekleri s\u0131ralad\u0131. Davuto\u011flu, &#8220;T\u00fcrkiye Bat\u0131&#8217;dan uzakla\u015fm\u0131yor&#8221; dedi.<\/p>\n<p style=\"text-align: justify;\"><span style=\"color: #888888;\">CNN T\u00dcRK<\/span><\/p>\n","protected":false},"excerpt":{"rendered":"<p style=\"text-align: justify;\">\n<p style=\"text-align: justify;\">D\u0131\u015fi\u015fleri Bakan\u0131 Ahmet Davuto\u011flu, \u0130srail&#8217;in yard\u0131m gemisine sald\u0131r\u0131s\u0131n\u0131n bir su\u00e7 oldu\u011funu ve uluslararas\u0131 ba\u011f\u0131ms\u0131z bir komisyon kurulmas\u0131 konusunda \u0131srarc\u0131 olduklar\u0131n\u0131 belirterek, &#8220;E\u011fer \u0130srail bunu reddediyorsa bu onlar\u0131n su\u00e7lulu\u011funun bir ba\u015fka kan\u0131t\u0131d\u0131r. Demek ki ger\u00e7eklerle y\u00fczle\u015fecek \u00f6zg\u00fcvenleri yok&#8221; dedi. Davuto\u011flu, Ba\u015fbakan Erdo\u011fan&#8217;\u0131n b\u00f6lgeye gidecek yeni bir gemide bulunmak istedi\u011fi y\u00f6n\u00fcndeki haberleri <\/p>\n","protected":false},"author":1,"featured_media":0,"comment_status":"open","ping_status":"closed","sticky":false,"template":"","format":"standard","meta":{"footnotes":""},"categories":[105],"tags":[],"class_list":["post-23447","post","type-post","status-publish","format-standard","hentry","category-gundem","odd"],"_links":{"self":[{"href":"http:\/\/www.korhanyilmaz.com\/index.php?rest_route=\/wp\/v2\/posts\/23447","targetHints":{"allow":["GET"]}}],"collection":[{"href":"http:\/\/www.korhanyilmaz.com\/index.php?rest_route=\/wp\/v2\/posts"}],"about":[{"href":"http:\/\/www.korhanyilmaz.com\/index.php?rest_route=\/wp\/v2\/types\/post"}],"author":[{"embeddable":true,"href":"http:\/\/www.korhanyilmaz.com\/index.php?rest_route=\/wp\/v2\/users\/1"}],"replies":[{"embeddable":true,"href":"http:\/\/www.korhanyilmaz.com\/index.php?rest_route=%2Fwp%2Fv2%2Fcomments&post=23447"}],"version-history":[{"count":0,"href":"http:\/\/www.korhanyilmaz.com\/index.php?rest_route=\/wp\/v2\/posts\/23447\/revisions"}],"wp:attachment":[{"href":"http:\/\/www.korhanyilmaz.com\/index.php?rest_route=%2Fwp%2Fv2%2Fmedia&parent=23447"}],"wp:term":[{"taxonomy":"category","embeddable":true,"href":"http:\/\/www.korhanyilmaz.com\/index.php?rest_route=%2Fwp%2Fv2%2Fcategories&post=23447"},{"taxonomy":"post_tag","embeddable":true,"href":"http:\/\/www.korhanyilmaz.com\/index.php?rest_route=%2Fwp%2Fv2%2Ftags&post=23447"}],"curies":[{"name":"wp","href":"https:\/\/api.w.org\/{rel}","templated":true}]}}