{"id":23404,"date":"2010-06-05T15:32:53","date_gmt":"2010-06-05T12:32:53","guid":{"rendered":"http:\/\/www.korhanyilmaz.com\/?p=23404"},"modified":"2010-06-05T15:32:53","modified_gmt":"2010-06-05T12:32:53","slug":"erdogan-top-cevirme-zamani-degil","status":"publish","type":"post","link":"http:\/\/www.korhanyilmaz.com\/?p=23404","title":{"rendered":"Erdo\u011fan: &#8220;Top \u00e7evirme zaman\u0131 de\u011fil&#8221;"},"content":{"rendered":"<p style=\"text-align: center;\"><a href=\"http:\/\/www.korhanyilmaz.com\/wp-content\/uploads\/2010\/06\/AC\u0130L\u0130M.jpg\"  class=\"lightview\"><img loading=\"lazy\" decoding=\"async\" class=\"aligncenter size-full wp-image-23405\" src=\"http:\/\/www.korhanyilmaz.com\/wp-content\/uploads\/2010\/06\/AC\u0130L\u0130M.jpg\" alt=\"\" width=\"307\" height=\"236\" \/><\/a><\/p>\n<p style=\"text-align: justify;\">Ba\u015fbakan Recep Tayyip Erdo\u011fan, spor camias\u0131ndan isimlerle bir araya geldi. A\u00e7\u0131l\u0131m s\u00fcrecini anlatan Erdo\u011fan, &#8220;Bu \u00fclkede gen\u00e7ler \u00f6l\u00fcyor. Zaman orta sahada top \u00e7evirme zaman\u0131 de\u011fil, gol atma zaman\u0131. Kimse kimseye k\u0131rm\u0131z\u0131 kart g\u00f6steremez, minder d\u0131\u015f\u0131na itemez&#8221; dedi.<!--more--><\/p>\n<p style=\"text-align: justify;\">A\u00e7\u0131l\u0131m bulu\u015fmalar\u0131n\u0131n be\u015fincisinde konuklar spor camias\u0131ndan isimler oldu.<\/p>\n<p style=\"text-align: justify;\">Toplant\u0131ya s\u00fcper lig tak\u0131mlar\u0131n\u0131n kul\u00fcp ba\u015fkanlar\u0131, teknik direkt\u00f6rler, 3 b\u00fcy\u00fck tak\u0131m\u0131n eski ba\u015fkanlar\u0131, eski futbolcular ve sezon sonunda k\u00fcme d\u00fc\u015fen tak\u0131mlar\u0131n temsilcileri kat\u0131ld\u0131.<\/p>\n<p style=\"text-align: justify;\">Mustafa Denizli ve S\u00fcleyman Seba rahats\u0131zl\u0131\u011f\u0131 nedeniyle toplant\u0131da yoktu ama telefon ettiler.<\/p>\n<p style=\"text-align: justify;\">Ba\u015fbakan Erdo\u011fan, Fatih Terim, Ali \u015een, Aziz Y\u0131ld\u0131r\u0131m, Faruk S\u00fcren, Ertu\u011frul Sa\u011flam ve R\u0131dvan Dilmen&#8217;in de aralar\u0131nda bulundu\u011fu davetlilerin tek tek ellerini s\u0131kt\u0131.<\/p>\n<p style=\"text-align: justify;\">Toplant\u0131ya, Devlet Bakan\u0131 Faruk Nafiz \u00d6zak ve \u0130\u00e7i\u015fleri Bakan\u0131 Be\u015fir Atalay da kat\u0131ld\u0131.<\/p>\n<p style=\"text-align: justify;\"><strong>&#8220;Gol atma zaman\u0131&#8221; <\/strong><\/p>\n<p style=\"text-align: justify;\">Erdo\u011fan, yapt\u0131\u011f\u0131 konu\u015fmada, T\u00fcrkiye&#8217;nin emin ad\u0131mlarla gelece\u011fe ilerledi\u011fini, T\u00fcrkiye&#8217;nin \u00f6n\u00fcne koydu\u011fu hedeflere tek tek ula\u015ft\u0131\u011f\u0131n\u0131 belirtti.<\/p>\n<p style=\"text-align: justify;\">T\u00fcrkiye&#8217;nin b\u00fcy\u00fcd\u00fc\u011f\u00fcn\u00fc, kalk\u0131nd\u0131\u011f\u0131n\u0131, b\u00f6lgesinin ve d\u00fcnyan\u0131n sayg\u0131n bir \u00fcyesi olmak i\u00e7in her ferdiyle yo\u011fun bir m\u00fccadele verdi\u011fini kaydeden Erdo\u011fan, \u015funlar\u0131 kaydetti:<\/p>\n<p style=\"text-align: justify;\">&#8220;Bizim ufkumuz sonsuz derecede a\u00e7\u0131kt\u0131r. Bizim gelece\u011fimiz sonsuz derecede ayd\u0131nl\u0131kt\u0131r. Art\u0131k d\u00fcn\u00fcn parametreleriyle, ge\u00e7mi\u015fin tortular\u0131yla, yak\u0131n tarihimizin aya\u011f\u0131m\u0131za ba\u011flad\u0131\u011f\u0131 zincirlerle, prangalarla gelece\u011fe y\u00fcr\u00fcyemeyiz. Biz kronik sorunlar\u0131 ya\u015fatarak, meseleleri has\u0131r alt\u0131 ederek, erteleyerek, \u00f6teleyerek, g\u00f6rmezden gelerek gelece\u011fi in\u015fa edemeyiz.<\/p>\n<p style=\"text-align: justify;\">Korkarak, sorunlardan \u00e7ekinerek, b\u00fcy\u00fcterek, ayd\u0131nl\u0131k bir gelecek olu\u015fturamay\u0131z. Zaman, futbol diliyle konu\u015fuyorum, orta sahada top \u00e7evirme zaman\u0131 de\u011fil. Zaman, dar alanda k\u0131sa pasla\u015fmalar yapma zaman\u0131, ekip oyunu oynama, pas\u0131 isabet ettirme ve netice, yani gol atma zaman\u0131.&#8221;<\/p>\n<p style=\"text-align: justify;\"><strong>&#8220;Bu \u00fclkede bir ter\u00f6r sorunu var&#8221; <\/strong><\/p>\n<p style=\"text-align: justify;\">Bu \u00fclkede gen\u00e7lerin \u00f6ld\u00fc\u011f\u00fcn\u00fc kaydeden Erdo\u011fan, &#8220;\u015eehit cenazelerindeki kalabal\u0131klar evlerine da\u011f\u0131ld\u0131\u011f\u0131nda, \u015fehidin anne ve babas\u0131 aslan gibi delikanl\u0131lar\u0131n\u0131 topra\u011fa verip eve gitti\u011finde, yaln\u0131z kald\u0131klar\u0131nda hi\u00e7 kimsenin hissetmedi\u011fi, hissedemeyece\u011fi o b\u00fcy\u00fck bo\u015flu\u011fu, b\u00fcy\u00fck ac\u0131y\u0131, b\u00fcy\u00fck s\u0131z\u0131y\u0131 onlar hissediyor&#8221; dedi.<\/p>\n<p style=\"text-align: justify;\">\u00dclkenin b\u00fcy\u00fck bir kesiminde \u00e7ocuklar\u0131n okula gitmek yerine, \u00e7ocuk park\u0131na, spor sahalar\u0131na gitmek yerine maalesef istismar edildi\u011fini vurgulayan Erdo\u011fan, ellerine verilen ta\u015flar\u0131 g\u00fcvenlik g\u00fc\u00e7lerine, cama, \u00e7er\u00e7eveye att\u0131klar\u0131n\u0131 belirtti.<\/p>\n<p style=\"text-align: justify;\">Ba\u015fbakan Erdo\u011fan, &#8220;Zaman\u0131, birbirimizi su\u00e7lama zaman\u0131 olarak ge\u00e7iremeyiz. Birbirimizi itham etme zaman\u0131 olarak ge\u00e7iremeyiz. Zaman, anl\u0131k tepkiler verme, duygusal tepkiler verme zaman\u0131 de\u011fildir. \u015eiddetin sadece ve sadece \u015fiddet do\u011furdu\u011funu anlamak, T\u00fcrkiye&#8217;nin 73 milyon ferdi olarak bunun \u00fczerinde derinlemesine d\u00fc\u015f\u00fcnmek ve muhasebe yapmak zorunday\u0131z. Evet, bu \u00fclkede bir ter\u00f6r sorunu var. G\u00fcvenlik g\u00fc\u00e7lerimiz fedakar bir \u015fekilde ter\u00f6rle m\u00fccadele ediyor. Polisimiz, askerimiz bunu birlikte yap\u0131yor&#8221; diye konu\u015ftu.<\/p>\n<p style=\"text-align: justify;\"><strong>&#8220;PKK benim insan\u0131ma sald\u0131r\u0131yor&#8221; <\/strong><\/p>\n<p style=\"text-align: justify;\">D\u00fcn ak\u015fam bir televizyon program\u0131nda yap\u0131lan yorumun enteresan oldu\u011funu dile getiren Erdo\u011fan, s\u00f6zlerini \u015f\u00f6yle s\u00fcrd\u00fcrd\u00fc:<\/p>\n<p style=\"text-align: justify;\">&#8220;Benim d\u00fcn Konya&#8217;da yapt\u0131\u011f\u0131m, Tevrat&#8217;tan (\u00f6ld\u00fcrmeyeceksin) ifadesine, bana cevap veriyor. Verdi\u011fi cevap \u015fu; (G\u00fcvenlik g\u00fc\u00e7lerinin PKK \u00f6rg\u00fct\u00fcndeki \u00f6ld\u00fcrme olay\u0131n\u0131 ne yapacaks\u0131n\u0131z) diyor. B\u00f6yle bir mant\u0131k olabilir mi? D\u00fc\u015f\u00fcnebiliyor musunuz? PKK benim insan\u0131ma sald\u0131r\u0131yor, benim insan\u0131m\u0131 \u00f6ld\u00fcr\u00fcyor, g\u00fcvenlik g\u00fc\u00e7lerine sald\u0131r\u0131yor. G\u00fcvenlik g\u00fc\u00e7lerinin g\u00f6revi, topraklar\u0131n\u0131 korumak, halk\u0131n can g\u00fcvenli\u011fini sa\u011flamak, onlara kar\u015f\u0131 sald\u0131ranlara y\u00f6nelik olarak da g\u00fcvenlik g\u00fcc\u00fc elinden ne geliyorsa onu yapacak. Onun g\u00f6revi bu.<\/p>\n<p style=\"text-align: justify;\">Ancak \u00f6b\u00fcr\u00fc ter\u00f6r \u00f6rg\u00fct\u00fc. Aradaki fark bu. Sen nas\u0131l olur da onunla onu birbirine kar\u0131\u015ft\u0131r\u0131rs\u0131n. Bir tarafta uluslararas\u0131 sularda y\u00fcr\u00fcyen insani yard\u0131m ta\u015f\u0131yan gemiler var, \u00f6b\u00fcr tarafta ise kendi \u00fclkesinde insanca ya\u015fama hakk\u0131na sahip olanlar\u0131n haklar\u0131na engellemek gayreti i\u00e7erisinde olanlar var. Onunla onu birbirine nas\u0131l kar\u0131\u015ft\u0131r\u0131rs\u0131n? \u00dclkemde ne yaz\u0131k ki bu t\u00fcr k\u00f6\u015fe yazarlar\u0131 da var. Bu t\u00fcr yorum yapanlar da var. Bunlar\u0131 da iyi tan\u0131mak durumunday\u0131z.&#8221;<\/p>\n<p style=\"text-align: justify;\"><strong>&#8220;Etnik milliyet\u00e7ili\u011fe &#8216;hay\u0131r&#8217; diyoruz&#8221; <\/strong><\/p>\n<p style=\"text-align: justify;\">H\u0131z kesmeden ter\u00f6rle m\u00fccadele etmeye devam edeceklerini aktaran Erdo\u011fan, &#8220;Demokratik a\u00e7\u0131l\u0131m&#8221; dedikleri &#8220;milli birlik ve karde\u015flik projesi&#8221; dedikleri s\u00fcrecin ter\u00f6rle m\u00fccadelenin sadece g\u00fcvenlik tedbirleriyle \u00e7\u00f6z\u00fclemeyece\u011fi, ekonomik, sosyolojik, psikolojik tedbirlerinin de art\u0131k geciktirilemeyece\u011fi \u00fczerine kuruldu\u011funu ifade etti.<\/p>\n<p style=\"text-align: justify;\">Bu m\u00fccadelenin ekonomik, sosyolojik, psikolojik boyutunun oldu\u011funu, b\u00fct\u00fcn bunlar\u0131n hepsinin ele al\u0131nmas\u0131 gerekti\u011fini belirten Erdo\u011fan, \u015f\u00f6yle konu\u015ftu:<\/p>\n<p style=\"text-align: justify;\">&#8220;\u00d6zellikle son d\u00f6nemde milli birlik ve karde\u015flik projesinin kesintiye u\u011frad\u0131\u011f\u0131, yar\u0131m kald\u0131\u011f\u0131, durdu\u011fu, yava\u015flad\u0131\u011f\u0131 gibi iddialar ortaya at\u0131l\u0131yor. Asla. Biz bunun i\u00e7in var\u0131z. Bunu s\u00fcrd\u00fcrmek durumunday\u0131z. &#8216;Milli birlik&#8217; diyoruz. Buna kar\u015f\u0131 olunur mu? &#8216;Karde\u015flik&#8217; diyoruz, &#8216;dayan\u0131\u015fma&#8217; diyoruz. Bunlara kar\u015f\u0131 olunur mu? Ancak oluyorlar.<\/p>\n<p style=\"text-align: justify;\">Etnik milliyet\u00e7ili\u011fe &#8216;hay\u0131r&#8217; diyoruz. Yani benim \u00fclkemde ne kadar etnik unsur varsa, biz T\u00fcrkiye Cumhuriyeti h\u00fck\u00fcmeti olarak, devleti olarak, hepsine ayn\u0131 mesafedeyiz. 73 milyon birdir, beraberdir. Karde\u015f\u00e7e ya\u015faman\u0131n i\u00e7erisinde olmal\u0131y\u0131z. Bizim aram\u0131za ayr\u0131l\u0131k tohumlar\u0131, nifak tohumlar\u0131 atanlara f\u0131rsat vermemeliyiz.&#8221;<\/p>\n<p style=\"text-align: justify;\"><strong>&#8220;Spor kitleleri her\u015feyden \u00e7ok etkiliyor&#8221; <\/strong><\/p>\n<p style=\"text-align: justify;\">Ba\u015fbakan Erdo\u011fan, sporun kitleleri etkiledi\u011fini, sporcular\u0131n, bug\u00fcn\u00fcn d\u00fcnyas\u0131nda gen\u00e7lere, \u00e7ocuklara, yeti\u015fkinlere herkesten \u00e7ok daha fazla etki etti\u011fini belirterek, \u015f\u00f6yle devam etti:<\/p>\n<p style=\"text-align: justify;\">&#8220;\u015eu tarihi \u00f6rne\u011fi eminim hepiniz hat\u0131rl\u0131yorsunuz. 1967&#8217;de, Nijerya ile Biafra aras\u0131ndaki sava\u015fta iki g\u00fcnl\u00fck ate\u015fkes ilan edildi. Sebebi, Pele&#8217;nin Lagos&#8217;ta yapaca\u011f\u0131 ma\u00e7t\u0131. Spor sadece insanlar\u0131, sadece kitleleri yak\u0131nla\u015ft\u0131rm\u0131yor&#8230; Tarihteki bir\u00e7ok \u00f6rnekten de anla\u015f\u0131laca\u011f\u0131 gibi spor, \u00fclkeleri, medeniyetleri, farkl\u0131 k\u00fclt\u00fcrleri de bulu\u015fturuyor, farkl\u0131l\u0131klar\u0131 bir saha i\u00e7inde, bir salon i\u00e7inde kayna\u015ft\u0131rabiliyor.<\/p>\n<p style=\"text-align: justify;\">Burada, Pele&#8217;nin bir s\u00f6z\u00fcn\u00fc sizlere aktarmak isterim. Diyor ki Pele, &#8216;D\u00fcnyada futbol oynayan her \u00e7ocuk Pele gibi oynamak istiyor. Benim \u00e7ok b\u00fcy\u00fck bir sorumlulu\u011fum var. Onlara sadece nas\u0131l iyi futbol oynanaca\u011f\u0131n\u0131 de\u011fil, nas\u0131l iyi bir insan olunaca\u011f\u0131n\u0131 da g\u00f6stermek zorunday\u0131m&#8217;.<\/p>\n<p style=\"text-align: justify;\">Yine efsanevi boks\u00f6r, Muhammed Ali&#8217;nin &#8216;Ke\u015fke insanlar, beni sevdikleri kadar birbirlerini sevselerdi. Eminim ki d\u00fcnya o zaman \u00e7ok farkl\u0131 bir yer olurdu&#8217; ifadelerine de dikkatinizi \u00e7ekmek istiyorum.&#8221;<\/p>\n<p style=\"text-align: justify;\"><strong>&#8220;Kimse kimseye k\u0131rm\u0131z\u0131 kart g\u00f6steremez&#8221; <\/strong><\/p>\n<p style=\"text-align: justify;\">Ba\u015fbakan Erdo\u011fan, \u00f6l\u00fcmlere, g\u00f6zya\u015flar\u0131na, ac\u0131lara daha fazla seyirci kalamayacaklar\u0131n\u0131 vurgulayarak, herkesin empati kurmas\u0131n\u0131 ve 73 milyon vatanda\u015f\u0131n her birinin kendini \u00f6tekinin yerine koyarak d\u00fc\u015f\u00fcnmesini istedi\u011fini belirtti.<\/p>\n<p style=\"text-align: justify;\">Erdo\u011fan, s\u00f6zlerini \u015f\u00f6yle s\u00fcrd\u00fcrd\u00fc:<\/p>\n<p style=\"text-align: justify;\">&#8220;Her bir vatanda\u015f\u0131m\u0131n, kendisini o\u011flunu yitirmi\u015f, o\u011flunu gen\u00e7 ya\u015f\u0131nda bu topraklar i\u00e7in \u015fehit vermi\u015f annelerin, babalar\u0131n yerine koyup d\u00fc\u015f\u00fcnmesini istiyorum. Her bir vatanda\u015f\u0131m\u0131n, kendisini evlad\u0131yla konu\u015famayan, hapisteki \u00e7ocu\u011fuyla ileti\u015fim kuramayan annelerin, babalar\u0131n yerine koyup d\u00fc\u015f\u00fcnmesini istiyorum.<\/p>\n<p style=\"text-align: justify;\">\u015eunu l\u00fctfen unutmay\u0131n\u0131z. Bu ger\u00e7e\u011fi art\u0131k g\u00f6rmek zorunday\u0131z. Ter\u00f6r, bizim g\u00fcvenlik g\u00fc\u00e7lerimize sald\u0131r\u0131rken, kan d\u00f6kerken, esasen \u00f6fke istiyor, nefret istiyor, husumet istiyor. Biz bin y\u0131l bir arada ya\u015fad\u0131k ve bin y\u0131l bu tuza\u011fa d\u00fc\u015fmedik. Bug\u00fcn de d\u00fc\u015fmeyece\u011fiz. Biz bu oyunu bozar\u0131z de\u011ferli arkada\u015flar\u0131m&#8230;<\/p>\n<p style=\"text-align: justify;\">Tarihimizle, k\u00fclt\u00fcr\u00fcm\u00fczle, engin ho\u015fg\u00f6r\u00fcm\u00fczle, dirayetimizle, ferasetimizle biz bu kirli oyunu, bu \u00e7irkin senaryoyu beraber, birlikte bozar\u0131z. Bug\u00fcn de i\u015fte bunun i\u00e7in yolday\u0131z. Alt\u0131n\u0131 \u00e7izerek ifade ediyorum; hi\u00e7 kimsenin ama hi\u00e7 kimsenin, bu \u00fclkenin herhangi bir vatanda\u015f\u0131na &#8216;k\u0131rm\u0131z\u0131 kart&#8217; g\u00f6sterme hakk\u0131 yoktur. Hi\u00e7 kimse, dilinden, inanc\u0131ndan, renginden, etnik k\u00f6keninden dolay\u0131 bir ba\u015fkas\u0131n\u0131 minder d\u0131\u015f\u0131na itemez, parkur d\u0131\u015f\u0131na \u00e7\u0131karamaz.&#8221;<\/p>\n<p style=\"text-align: justify;\"><strong>NE DED\u0130LER? <\/strong><\/p>\n<p style=\"text-align: justify;\">Eski milli futbolcu Hakan \u015e\u00fck\u00fcr, toplant\u0131n\u0131n ard\u0131ndan yapt\u0131\u011f\u0131 a\u00e7\u0131klamada, spor d\u00fcnyas\u0131ndan \u00e7ok \u00f6nemli \u015fah\u0131slar\u0131n, ba\u015fkanlar, federasyon ba\u015fkanlar\u0131 ve spor otoritelerinin fikirlerini beyan etti\u011fini s\u00f6yledi.<\/p>\n<p style=\"text-align: justify;\">&#8220;Hakikaten bu kadar de\u011ferli insan aras\u0131nda fikir beyan etmek kolay de\u011fil. Ancak mevzu \u00fclkemiz olunca mutlaka hepimiz ilgileniyoruz&#8221; diyen \u015e\u00fck\u00fcr, sporun \u00e7ok geni\u015f kitlelere hitap etti\u011fini, \u00e7ok insana do\u011frudan bas\u0131n, televizyon ekranlar\u0131 arac\u0131l\u0131\u011f\u0131yla ula\u015fma imkan\u0131 bulduklar\u0131n\u0131 belirtti.<\/p>\n<p style=\"text-align: justify;\">\u015e\u00fck\u00fcr, &#8220;Hepimizin ta\u015f\u0131n alt\u0131na elimizi sokmam\u0131z gerekti\u011fini d\u00fc\u015f\u00fcn\u00fcyorum. \u00c7ok g\u00fczel fikirler \u00e7\u0131kt\u0131. \u00d6n\u00fcm\u00fczdeki g\u00fcnlerde umar\u0131m bunlar sadece s\u00f6zde kalmaz, faaliyete ge\u00e7er ve b\u00fct\u00fcn d\u00fcnyada bir etkinlik kazanan \u00fclkemiz \u00e7ok daha g\u00fczel g\u00fcnlere ula\u015f\u0131r. Biz de bu konuda ne yapabiliriz diye na\u00e7izane fikirlerimizi s\u00f6yledik. Ben \u00f6zel bir konu\u015fma yapmad\u0131m&#8221; dedi.<\/p>\n<p style=\"text-align: justify;\">Eski Fenerbah\u00e7e Kul\u00fcb\u00fc Ba\u015fkan\u0131 Ali \u015een de Ba\u015fbakan Erdo\u011fan&#8217;\u0131n bu kadar me\u015fgalesine ra\u011fmen, bir g\u00fcn Brezilya&#8217;da, bir g\u00fcn \u015eili&#8217;de, \u00f6b\u00fcr g\u00fcn T\u00fcrkiye&#8217;de &#8220;demokratik a\u00e7\u0131l\u0131m&#8221; projesini anlatmaya devam etti\u011fine dikkati \u00e7ekti.<\/p>\n<p style=\"text-align: justify;\">\u015een, &#8220;Sanatkarlara anlatt\u0131, entelekt\u00fcellere, akademisyenlere anlatt\u0131. Bug\u00fcn de spor d\u00fcnyas\u0131na anlatt\u0131. Ben de konu\u015fmamda, &#8216;Say\u0131n Ba\u015fbakan\u0131m bu kadar y\u0131ld\u0131r, Nihat Erim&#8217;den bu tarafa b\u00fct\u00fcn ba\u015fbakanlar\u0131 tan\u0131yoruz. Hi\u00e7bir ba\u015fbakan\u0131n meseleleri insanlara bu kadar yak\u0131n anlatt\u0131\u011f\u0131na \u015fahit olmad\u0131k&#8217; dedim. Belki fikrini be\u011fenmezsiniz ama bize planlar\u0131n\u0131 anlatt\u0131, bize fikirlerimizi sordu. Ba\u015fbakan\u0131n anlatt\u0131klar\u0131na hi\u00e7bir \u015fekilde beyanda bulunmay\u0131p ondan sonra da tenkit etmenin bir anlam\u0131 olmad\u0131\u011f\u0131n\u0131 d\u00fc\u015f\u00fcn\u00fcyorum. Hakikaten ba\u015fbakan\u0131 tebrik ediyorum. Spor d\u00fcnyas\u0131 olarak b\u00f6yle ba\u015fbakanlar\u0131 g\u00f6rmek, dinlemek pek nasip olmam\u0131\u015ft\u0131r&#8221; dedi.<\/p>\n<p style=\"text-align: justify;\"><span style=\"color: #888888;\">CNN T\u00dcRK<\/span><\/p>\n","protected":false},"excerpt":{"rendered":"<p style=\"text-align: center;\">\n<p style=\"text-align: justify;\">Ba\u015fbakan Recep Tayyip Erdo\u011fan, spor camias\u0131ndan isimlerle bir araya geldi. A\u00e7\u0131l\u0131m s\u00fcrecini anlatan Erdo\u011fan, &#8220;Bu \u00fclkede gen\u00e7ler \u00f6l\u00fcyor. Zaman orta sahada top \u00e7evirme zaman\u0131 de\u011fil, gol atma zaman\u0131. Kimse kimseye k\u0131rm\u0131z\u0131 kart g\u00f6steremez, minder d\u0131\u015f\u0131na itemez&#8221; dedi.<\/p>\n","protected":false},"author":1,"featured_media":0,"comment_status":"open","ping_status":"closed","sticky":false,"template":"","format":"standard","meta":{"footnotes":""},"categories":[105],"tags":[],"class_list":["post-23404","post","type-post","status-publish","format-standard","hentry","category-gundem","odd"],"_links":{"self":[{"href":"http:\/\/www.korhanyilmaz.com\/index.php?rest_route=\/wp\/v2\/posts\/23404","targetHints":{"allow":["GET"]}}],"collection":[{"href":"http:\/\/www.korhanyilmaz.com\/index.php?rest_route=\/wp\/v2\/posts"}],"about":[{"href":"http:\/\/www.korhanyilmaz.com\/index.php?rest_route=\/wp\/v2\/types\/post"}],"author":[{"embeddable":true,"href":"http:\/\/www.korhanyilmaz.com\/index.php?rest_route=\/wp\/v2\/users\/1"}],"replies":[{"embeddable":true,"href":"http:\/\/www.korhanyilmaz.com\/index.php?rest_route=%2Fwp%2Fv2%2Fcomments&post=23404"}],"version-history":[{"count":0,"href":"http:\/\/www.korhanyilmaz.com\/index.php?rest_route=\/wp\/v2\/posts\/23404\/revisions"}],"wp:attachment":[{"href":"http:\/\/www.korhanyilmaz.com\/index.php?rest_route=%2Fwp%2Fv2%2Fmedia&parent=23404"}],"wp:term":[{"taxonomy":"category","embeddable":true,"href":"http:\/\/www.korhanyilmaz.com\/index.php?rest_route=%2Fwp%2Fv2%2Fcategories&post=23404"},{"taxonomy":"post_tag","embeddable":true,"href":"http:\/\/www.korhanyilmaz.com\/index.php?rest_route=%2Fwp%2Fv2%2Ftags&post=23404"}],"curies":[{"name":"wp","href":"https:\/\/api.w.org\/{rel}","templated":true}]}}