{"id":23401,"date":"2010-06-05T18:44:37","date_gmt":"2010-06-05T15:44:37","guid":{"rendered":"http:\/\/www.korhanyilmaz.com\/?p=23401"},"modified":"2010-06-05T18:44:37","modified_gmt":"2010-06-05T15:44:37","slug":"israil-basbakani-2-baskini-degerlendirdi","status":"publish","type":"post","link":"http:\/\/www.korhanyilmaz.com\/?p=23401","title":{"rendered":"\u0130srail Ba\u015fbakan\u0131 2 bask\u0131n\u0131 de\u011ferlendirdi"},"content":{"rendered":"<p style=\"text-align: justify;\"><a href=\"http:\/\/www.korhanyilmaz.com\/wp-content\/uploads\/2010\/06\/NETANYAHU.jpg\"  class=\"lightview\"><img loading=\"lazy\" decoding=\"async\" class=\"aligncenter size-full wp-image-23402\" src=\"http:\/\/www.korhanyilmaz.com\/wp-content\/uploads\/2010\/06\/NETANYAHU.jpg\" alt=\"\" width=\"307\" height=\"236\" \/><\/a><\/p>\n<p style=\"text-align: justify;\">\u0130srail Ba\u015fbakan\u0131 Binyamin Netanyahu, Gazze yolunda seyreden Rachel Corrie adl\u0131 yard\u0131m gemisinin \u0130srail askerleri taraf\u0131ndan olays\u0131z bir \u015fekilde \u0130srail askerlerince ele ge\u00e7irilip yolundan \u00e7evrilmesinden sonra, &#8220;iki seferin farkl\u0131 oldu\u011funu&#8221; \u00f6ne s\u00fcrerek, Mavi Marmara&#8217;daki eylemcileri &#8220;ter\u00f6re destek veren, \u015fiddet yanl\u0131s\u0131 eylemciler&#8221; olmakla su\u00e7lad\u0131. <!--more--><\/p>\n<p style=\"text-align: justify;\">Rachel Corrie gemisindeki geli\u015fmelerle ilgili brifing alan Netanyahu, 9 T\u00fcrk vatanda\u015f\u0131n\u0131n \u00f6ld\u00fc\u011f\u00fc, onlarcas\u0131n\u0131n yaraland\u0131\u011f\u0131 Mavi Marmara gemisinin Gazze yolculu\u011funu &#8220;nefret seferi&#8221; olarak nitelendirdi.<\/p>\n<p style=\"text-align: justify;\">Netanyahu, &#8220;Bug\u00fcn kendileriyle farkl\u0131 d\u00fc\u015f\u00fcnd\u00fc\u011f\u00fcm\u00fcz, ama g\u00f6r\u00fc\u015flerine sayg\u0131 duydu\u011fumuz bar\u0131\u015f eylemcilerinin seferi ile ter\u00f6rizme destek veren \u015fiddet yanl\u0131s\u0131 eylemcilerin nefret seferi aras\u0131ndaki fark\u0131 g\u00f6rd\u00fck&#8221; diye konu\u015ftu.<\/p>\n<p style=\"text-align: justify;\">Netanyahu, hem daha \u00f6nce hem de \u015fimdi ayn\u0131 prosed\u00fcr\u00fc takip ettiklerini, gemilerin kontrol edildikten sonra yard\u0131m malzemelerinin Gazze&#8217;ye g\u00f6nderilmesini ama\u00e7lad\u0131klar\u0131n\u0131 s\u00f6yledi.<\/p>\n<p style=\"text-align: justify;\">Ancak Mavi Marmara gemisinde \u0130srail askerlerinin &#8220;radikal \u0130slami aktivistlerce baltalar ve b\u0131\u00e7aklarla kar\u015f\u0131la\u015ft\u0131\u011f\u0131n\u0131&#8221; iddia eden Netanyahu, &#8220;\u0130srail me\u015fru m\u00fcdafaa hakk\u0131n\u0131 korumay\u0131 s\u00fcrd\u00fcrecektir&#8221; dedi.<\/p>\n<p style=\"text-align: justify;\">Netanyahu, bu kez uygulanan prosed\u00fcr\u00fcn, Gazze yolundaki di\u011fer 6 gemiden 5&#8217;inde oldu\u011fu gibi, herhangi bir yaralanma meydana gelmeden sona erdi\u011fini belirtti.<\/p>\n<p style=\"text-align: justify;\">\u0130srail&#8217;in Gazze&#8217;ye ablukas\u0131n\u0131 da savunan \u0130srail Ba\u015fbakan\u0131, bunun Gazze \u015eeridi&#8217;nde &#8220;\u0130ran destekli&#8221; Hamas&#8217;\u0131n eline silah ge\u00e7mesini \u00f6nlemeyi ama\u00e7lad\u0131\u011f\u0131n\u0131 \u00f6ne s\u00fcrerek, Gazze&#8217;de bir &#8220;\u0130ran liman\u0131&#8221; olu\u015fturulmas\u0131na izin vermeyeceklerini ifade etti.<\/p>\n<p style=\"text-align: justify;\"><span style=\"color: #888888;\">CNN T\u00dcRK<\/span><\/p>\n","protected":false},"excerpt":{"rendered":"<p style=\"text-align: justify;\">\n<p style=\"text-align: justify;\">\u0130srail Ba\u015fbakan\u0131 Binyamin Netanyahu, Gazze yolunda seyreden Rachel Corrie adl\u0131 yard\u0131m gemisinin \u0130srail askerleri taraf\u0131ndan olays\u0131z bir \u015fekilde \u0130srail askerlerince ele ge\u00e7irilip yolundan \u00e7evrilmesinden sonra, &#8220;iki seferin farkl\u0131 oldu\u011funu&#8221; \u00f6ne s\u00fcrerek, Mavi Marmara&#8217;daki eylemcileri &#8220;ter\u00f6re destek veren, \u015fiddet yanl\u0131s\u0131 eylemciler&#8221; olmakla su\u00e7lad\u0131. <\/p>\n","protected":false},"author":1,"featured_media":0,"comment_status":"open","ping_status":"closed","sticky":false,"template":"","format":"standard","meta":{"footnotes":""},"categories":[3],"tags":[],"class_list":["post-23401","post","type-post","status-publish","format-standard","hentry","category-dunya","odd"],"_links":{"self":[{"href":"http:\/\/www.korhanyilmaz.com\/index.php?rest_route=\/wp\/v2\/posts\/23401","targetHints":{"allow":["GET"]}}],"collection":[{"href":"http:\/\/www.korhanyilmaz.com\/index.php?rest_route=\/wp\/v2\/posts"}],"about":[{"href":"http:\/\/www.korhanyilmaz.com\/index.php?rest_route=\/wp\/v2\/types\/post"}],"author":[{"embeddable":true,"href":"http:\/\/www.korhanyilmaz.com\/index.php?rest_route=\/wp\/v2\/users\/1"}],"replies":[{"embeddable":true,"href":"http:\/\/www.korhanyilmaz.com\/index.php?rest_route=%2Fwp%2Fv2%2Fcomments&post=23401"}],"version-history":[{"count":0,"href":"http:\/\/www.korhanyilmaz.com\/index.php?rest_route=\/wp\/v2\/posts\/23401\/revisions"}],"wp:attachment":[{"href":"http:\/\/www.korhanyilmaz.com\/index.php?rest_route=%2Fwp%2Fv2%2Fmedia&parent=23401"}],"wp:term":[{"taxonomy":"category","embeddable":true,"href":"http:\/\/www.korhanyilmaz.com\/index.php?rest_route=%2Fwp%2Fv2%2Fcategories&post=23401"},{"taxonomy":"post_tag","embeddable":true,"href":"http:\/\/www.korhanyilmaz.com\/index.php?rest_route=%2Fwp%2Fv2%2Ftags&post=23401"}],"curies":[{"name":"wp","href":"https:\/\/api.w.org\/{rel}","templated":true}]}}