{"id":23397,"date":"2010-06-05T22:31:43","date_gmt":"2010-06-05T19:31:43","guid":{"rendered":"http:\/\/www.korhanyilmaz.com\/?p=23397"},"modified":"2010-06-05T22:31:43","modified_gmt":"2010-06-05T19:31:43","slug":"israil-bu-kez-mavi-marmara-maketini-engelledi","status":"publish","type":"post","link":"http:\/\/www.korhanyilmaz.com\/?p=23397","title":{"rendered":"\u0130srail bu kez &#8216;Mavi Marmara&#8217; maketini engelledi"},"content":{"rendered":"<p style=\"text-align: center;\"><a href=\"http:\/\/www.korhanyilmaz.com\/wp-content\/uploads\/2010\/06\/MAKET.jpg\"  class=\"lightview\"><img loading=\"lazy\" decoding=\"async\" class=\"aligncenter size-full wp-image-23398\" src=\"http:\/\/www.korhanyilmaz.com\/wp-content\/uploads\/2010\/06\/MAKET.jpg\" alt=\"\" width=\"307\" height=\"236\" \/><\/a><\/p>\n<p style=\"text-align: justify;\">T\u00fcm d\u00fcnyada ba\u015flayan \u0130srail protestolar\u0131 devam ediyor. Ancak Bat\u0131 \u015eeria&#8217;da ger\u00e7ekle\u015ftirilen \u0130srail kar\u015f\u0131t\u0131 g\u00f6steride olaylar \u00e7\u0131kt\u0131. &#8220;Mavi Marmara&#8221; gemisinin maketi karadan y\u00fcr\u00fct\u00fclmek istenince protestoculara m\u00fcdahale eden \u0130srailli askerler, eylemcilerle \u00e7at\u0131\u015ft\u0131.<!--more--><\/p>\n<p style=\"text-align: justify;\">\u0130srail,Mavi Marmara gemisine ne denizden ne de karadan izin verdi.<\/p>\n<p style=\"text-align: justify;\">Bat\u0131 \u015eeria&#8217;daki \u0130srail kar\u015f\u0131t\u0131 g\u00f6sterilerde \u0130srail askerlerinin kanl\u0131 bask\u0131n\u0131na hedef olan Mavi Marmara gemisinin maketi karadan y\u00fcr\u00fct\u00fclmek istenince olaylar \u00e7\u0131kt\u0131.<\/p>\n<p style=\"text-align: justify;\">Reuters haber ajans\u0131n\u0131n foto\u011fraflayabildi\u011fi olaylarda \u0130srail askerleri bu kez Filistin ve T\u00fcrk bayraklar\u0131 ile donat\u0131lan gemi maketini engelledi.<\/p>\n<p style=\"text-align: justify;\">Bat\u0131 \u015eeria&#8217;n\u0131n Bilin k\u00f6y\u00fcnde yard\u0131m filosuna d\u00fczenlenen operasyonu ve \u0130srail taraf\u0131ndan in\u015fa edilen tart\u0131\u015fmal\u0131 s\u0131n\u0131r duvar\u0131n\u0131 protesto eden Filistinli, \u0130srailli ve uluslararas\u0131 aktivistler askerlere kar\u015f\u0131 koydu ancak ba\u015far\u0131l\u0131 olamad\u0131.<\/p>\n<p style=\"text-align: justify;\">B\u00f6ylelikle Mavi Marmara&#8217;n\u0131n ne kendi ne de maketi Gazze s\u0131n\u0131r\u0131n\u0131 ge\u00e7ebildi.<\/p>\n<p style=\"text-align: justify;\"><span style=\"color: #888888;\">CNN T\u00dcRK<\/span><\/p>\n","protected":false},"excerpt":{"rendered":"<p style=\"text-align: center;\">\n<p style=\"text-align: justify;\">T\u00fcm d\u00fcnyada ba\u015flayan \u0130srail protestolar\u0131 devam ediyor. Ancak Bat\u0131 \u015eeria&#8217;da ger\u00e7ekle\u015ftirilen \u0130srail kar\u015f\u0131t\u0131 g\u00f6steride olaylar \u00e7\u0131kt\u0131. &#8220;Mavi Marmara&#8221; gemisinin maketi karadan y\u00fcr\u00fct\u00fclmek istenince protestoculara m\u00fcdahale eden \u0130srailli askerler, eylemcilerle \u00e7at\u0131\u015ft\u0131.<\/p>\n","protected":false},"author":1,"featured_media":0,"comment_status":"open","ping_status":"closed","sticky":false,"template":"","format":"standard","meta":{"footnotes":""},"categories":[3],"tags":[],"class_list":["post-23397","post","type-post","status-publish","format-standard","hentry","category-dunya","odd"],"_links":{"self":[{"href":"http:\/\/www.korhanyilmaz.com\/index.php?rest_route=\/wp\/v2\/posts\/23397","targetHints":{"allow":["GET"]}}],"collection":[{"href":"http:\/\/www.korhanyilmaz.com\/index.php?rest_route=\/wp\/v2\/posts"}],"about":[{"href":"http:\/\/www.korhanyilmaz.com\/index.php?rest_route=\/wp\/v2\/types\/post"}],"author":[{"embeddable":true,"href":"http:\/\/www.korhanyilmaz.com\/index.php?rest_route=\/wp\/v2\/users\/1"}],"replies":[{"embeddable":true,"href":"http:\/\/www.korhanyilmaz.com\/index.php?rest_route=%2Fwp%2Fv2%2Fcomments&post=23397"}],"version-history":[{"count":0,"href":"http:\/\/www.korhanyilmaz.com\/index.php?rest_route=\/wp\/v2\/posts\/23397\/revisions"}],"wp:attachment":[{"href":"http:\/\/www.korhanyilmaz.com\/index.php?rest_route=%2Fwp%2Fv2%2Fmedia&parent=23397"}],"wp:term":[{"taxonomy":"category","embeddable":true,"href":"http:\/\/www.korhanyilmaz.com\/index.php?rest_route=%2Fwp%2Fv2%2Fcategories&post=23397"},{"taxonomy":"post_tag","embeddable":true,"href":"http:\/\/www.korhanyilmaz.com\/index.php?rest_route=%2Fwp%2Fv2%2Ftags&post=23397"}],"curies":[{"name":"wp","href":"https:\/\/api.w.org\/{rel}","templated":true}]}}