{"id":23394,"date":"2010-06-05T21:08:26","date_gmt":"2010-06-05T18:08:26","guid":{"rendered":"http:\/\/www.korhanyilmaz.com\/?p=23394"},"modified":"2010-06-05T21:08:26","modified_gmt":"2010-06-05T18:08:26","slug":"israil-baskinini-bm-arastiracak","status":"publish","type":"post","link":"http:\/\/www.korhanyilmaz.com\/?p=23394","title":{"rendered":"\u0130srail bask\u0131n\u0131n\u0131 BM ara\u015ft\u0131racak"},"content":{"rendered":"<p style=\"text-align: justify;\"><a href=\"http:\/\/www.korhanyilmaz.com\/wp-content\/uploads\/2010\/06\/bm.jpg\"  class=\"lightview\"><img loading=\"lazy\" decoding=\"async\" class=\"aligncenter size-full wp-image-23395\" src=\"http:\/\/www.korhanyilmaz.com\/wp-content\/uploads\/2010\/06\/bm.jpg\" alt=\"\" width=\"307\" height=\"236\" \/><\/a><\/p>\n<p style=\"text-align: justify;\">Ba\u015fbakan Recep Tayyip Erdo\u011fan, \u0130srail&#8217;in m\u00fcdahalesiyle ilgili olarak BM Genel Sekreteri Ban Ki-Moon ile telefonla g\u00f6r\u00fc\u015ft\u00fc. Ban Ki-Moon nezaretinde 5 ki\u015filik bir ara\u015ft\u0131rma komisyonu kurulacak. Komisyonun ba\u015fkanl\u0131\u011f\u0131n\u0131 Yeni Zelanda eski ba\u015fbakan\u0131n\u0131n yapmas\u0131 d\u00fc\u015f\u00fcn\u00fcl\u00fcyor. \u0130srail ve T\u00fcrkiye&#8217;den birer \u00fcyenin yer alaca\u011f\u0131 komisyona, Ban Ki-Moon taraf\u0131ndan da 2 \u00fcye atanaca\u011f\u0131 bildirildi.<!--more--><\/p>\n<p style=\"text-align: justify;\">Al\u0131nan bilgiye g\u00f6re, BM Genel Sekreteri Ban Ki-Moon, Ba\u015fbakan Erdo\u011fan&#8217;\u0131 telefonla arayarak, yakla\u015f\u0131k 15 dakika s\u00fcren bir g\u00f6r\u00fc\u015fme yapt\u0131.<\/p>\n<p style=\"text-align: justify;\">G\u00f6r\u00fc\u015fmede Ban Ki-Moon, daha \u00f6nce T\u00fcrkiye&#8217;nin, yard\u0131m gemilerine yap\u0131lan operasyonu ara\u015ft\u0131rmak \u00fczere uluslararas\u0131 ba\u011f\u0131ms\u0131z bir ara\u015ft\u0131rma komisyonu kurulmas\u0131 talebine ili\u015fkin, kendi nezaretinde 5 ki\u015filik bir uluslararas\u0131 ara\u015ft\u0131rma komisyonu kurulaca\u011f\u0131n\u0131 belirtti.<\/p>\n<p style=\"text-align: justify;\">Ba\u015fkan\u0131 Ban Ki-Moon taraf\u0131ndan tayin edilecek komisyonun ba\u015f\u0131na atanmas\u0131 eski Yeni Zelanda Ba\u015fbakan\u0131 Geoffrey Palmer&#8217;in getirilmesinin d\u00fc\u015f\u00fcn\u00fcld\u00fc\u011f\u00fc \u00f6\u011frenildi.<\/p>\n<p style=\"text-align: justify;\">5 ki\u015filik komisyona, \u0130srail ve T\u00fcrkiye birer \u00fcye verecek. Biri uluslararas\u0131 hukuk uzman\u0131, biri de asker olmak \u00fczere 2 \u00fcye de Ban Ki-Mun taraf\u0131ndan atanacak.<\/p>\n<p style=\"text-align: justify;\"><strong>Erdo\u011fan: &#8220;Abluka bir an \u00f6nce kald\u0131r\u0131ls\u0131n&#8221; <\/strong><\/p>\n<p style=\"text-align: justify;\">Ba\u015fbakan Erdo\u011fan&#8217;\u0131n g\u00f6r\u00fc\u015fmede, bu komisyonun i\u015fleri s\u00fcr\u00fcncemede b\u0131rakmamas\u0131 i\u00e7in s\u00fcre tayin edilmesi gerekti\u011fini belirterek, en fazla 2 ay i\u00e7erisinde bunun sonu\u00e7land\u0131r\u0131lmas\u0131 gerekti\u011fini ifade etti\u011fi kaydedildi.<\/p>\n<p style=\"text-align: justify;\">Erdo\u011fan, \u0130srail&#8217;in Gazze&#8217;ye yard\u0131m g\u00f6t\u00fcren gemilere sald\u0131r\u0131s\u0131n\u0131n \u00e7ok vahim oldu\u011funu, mutlaka somut yapt\u0131r\u0131mlar uygulanmas\u0131 gerekti\u011fini ifade etti.<\/p>\n<p style=\"text-align: justify;\">Erdo\u011fan&#8217;\u0131n, Gazze&#8217;ye ablukan\u0131n bir an \u00f6nce kald\u0131r\u0131lmas\u0131, altyap\u0131 eksikli\u011finin giderilmesine y\u00f6nelik yard\u0131mlar\u0131n BM eliyle bir an \u00f6nce ula\u015ft\u0131r\u0131lmas\u0131 ve Refah s\u0131n\u0131r kap\u0131s\u0131n\u0131n s\u00fcrekli a\u00e7\u0131k tutulmas\u0131 gerekti\u011fini s\u00f6yledi\u011fi belirtildi.<\/p>\n<p style=\"text-align: justify;\">G\u00f6r\u00fc\u015fmede Ba\u015fbakan Erdo\u011fan&#8217;\u0131n Ban Ki-Mun&#8217;a, bug\u00fcne kadar yapt\u0131\u011f\u0131 \u00e7al\u0131\u015fmalar dolay\u0131s\u0131yla, Ban Ki-Mun&#8217;un da Erdo\u011fan&#8217;a sadece T\u00fcrk vatanda\u015flar\u0131n\u0131n de\u011fil di\u011fer \u00fclke vatanda\u015flar\u0131n\u0131n da \u00fclkelerine geri d\u00f6nmelerinin sa\u011flanmas\u0131 konusunda yapt\u0131\u011f\u0131 katk\u0131lar ve bu konuda g\u00f6sterdi\u011fi liderlikten \u00f6t\u00fcr\u00fc te\u015fekk\u00fcr etti\u011fi \u00f6\u011frenildi.<\/p>\n<p style=\"text-align: justify;\">\u0130srail&#8217;in Gazze&#8217;ye yard\u0131m g\u00f6t\u00fcren gemilere sald\u0131r\u0131s\u0131n\u0131 ara\u015ft\u0131rmak \u00fczere g\u00f6rev yapacak BM Komisyonu en k\u0131sa zamanda olu\u015fturulacak. Komisyon, \u00e7al\u0131\u015fmalar\u0131n\u0131 tamamlayarak nihai raporunu verecek.<\/p>\n<p style=\"text-align: justify;\"><span style=\"color: #888888;\">CNN T\u00dcRK<\/span><\/p>\n","protected":false},"excerpt":{"rendered":"<p style=\"text-align: justify;\">\n<p style=\"text-align: justify;\">Ba\u015fbakan Recep Tayyip Erdo\u011fan, \u0130srail&#8217;in m\u00fcdahalesiyle ilgili olarak BM Genel Sekreteri Ban Ki-Moon ile telefonla g\u00f6r\u00fc\u015ft\u00fc. Ban Ki-Moon nezaretinde 5 ki\u015filik bir ara\u015ft\u0131rma komisyonu kurulacak. Komisyonun ba\u015fkanl\u0131\u011f\u0131n\u0131 Yeni Zelanda eski ba\u015fbakan\u0131n\u0131n yapmas\u0131 d\u00fc\u015f\u00fcn\u00fcl\u00fcyor. \u0130srail ve T\u00fcrkiye&#8217;den birer \u00fcyenin yer alaca\u011f\u0131 komisyona, Ban Ki-Moon taraf\u0131ndan da 2 \u00fcye atanaca\u011f\u0131 bildirildi.<\/p>\n","protected":false},"author":1,"featured_media":0,"comment_status":"open","ping_status":"closed","sticky":false,"template":"","format":"standard","meta":{"footnotes":""},"categories":[105],"tags":[],"class_list":["post-23394","post","type-post","status-publish","format-standard","hentry","category-gundem","odd"],"_links":{"self":[{"href":"http:\/\/www.korhanyilmaz.com\/index.php?rest_route=\/wp\/v2\/posts\/23394","targetHints":{"allow":["GET"]}}],"collection":[{"href":"http:\/\/www.korhanyilmaz.com\/index.php?rest_route=\/wp\/v2\/posts"}],"about":[{"href":"http:\/\/www.korhanyilmaz.com\/index.php?rest_route=\/wp\/v2\/types\/post"}],"author":[{"embeddable":true,"href":"http:\/\/www.korhanyilmaz.com\/index.php?rest_route=\/wp\/v2\/users\/1"}],"replies":[{"embeddable":true,"href":"http:\/\/www.korhanyilmaz.com\/index.php?rest_route=%2Fwp%2Fv2%2Fcomments&post=23394"}],"version-history":[{"count":0,"href":"http:\/\/www.korhanyilmaz.com\/index.php?rest_route=\/wp\/v2\/posts\/23394\/revisions"}],"wp:attachment":[{"href":"http:\/\/www.korhanyilmaz.com\/index.php?rest_route=%2Fwp%2Fv2%2Fmedia&parent=23394"}],"wp:term":[{"taxonomy":"category","embeddable":true,"href":"http:\/\/www.korhanyilmaz.com\/index.php?rest_route=%2Fwp%2Fv2%2Fcategories&post=23394"},{"taxonomy":"post_tag","embeddable":true,"href":"http:\/\/www.korhanyilmaz.com\/index.php?rest_route=%2Fwp%2Fv2%2Ftags&post=23394"}],"curies":[{"name":"wp","href":"https:\/\/api.w.org\/{rel}","templated":true}]}}