{"id":23389,"date":"2010-06-04T11:26:12","date_gmt":"2010-06-04T08:26:12","guid":{"rendered":"http:\/\/www.korhanyilmaz.com\/?p=23389"},"modified":"2010-06-04T11:26:12","modified_gmt":"2010-06-04T08:26:12","slug":"italya-basininin-gundemi-yine-turkiye","status":"publish","type":"post","link":"http:\/\/www.korhanyilmaz.com\/?p=23389","title":{"rendered":"\u0130talya bas\u0131n\u0131n\u0131n g\u00fcndemi yine T\u00fcrkiye"},"content":{"rendered":"<p style=\"text-align: center;\"><a href=\"http:\/\/www.korhanyilmaz.com\/wp-content\/uploads\/2010\/06\/001.jpg\"  class=\"lightview\"><img loading=\"lazy\" decoding=\"async\" class=\"aligncenter size-full wp-image-23390\" src=\"http:\/\/www.korhanyilmaz.com\/wp-content\/uploads\/2010\/06\/001.jpg\" alt=\"\" width=\"308\" height=\"236\" \/><\/a><\/p>\n<p style=\"text-align: justify;\">\u0130talya bas\u0131n\u0131 g\u00fcne yine T\u00fcrkiye ile uyand\u0131. Gazetelerde \u0130srail sald\u0131r\u0131s\u0131n\u0131n yorumlar\u0131 devam ederken, \u0130skenderun&#8217;da b\u0131\u00e7aklanarak \u00f6ld\u00fcr\u00fclen din adam\u0131 Monseny\u00f6r Luigi Padovese cinayetine de geni\u015f yer ayr\u0131ld\u0131. <!--more--><\/p>\n<p style=\"text-align: justify;\"><strong>Corriere della Sera:<\/strong><\/p>\n<p style=\"text-align: justify;\">Corriere della Sera gazetesi ilk sayfas\u0131ndan  &#8220;T\u00fcrkiye; \u0130talyan Piskopos \u015fof\u00f6r\u00fc taraf\u0131ndan \u00f6ld\u00fcr\u00fcld\u00fc&#8221; ba\u015fl\u0131\u011f\u0131yla duyurdu\u011fu haber i\u00e7in iki tam sayfa ay\u0131rd\u0131.<\/p>\n<p style=\"text-align: justify;\">&#8220;\u00d6ld\u00fcr\u00fclen \u0130talyan din adam\u0131; Korkuyordu&#8221; alt ba\u015fl\u0131\u011f\u0131n\u0131 takiben Padovese&#8217;ye g\u00f6revini devrettikten sonra \u0130zmir Ba\u015fpiskoposu olarak atanan Ruggeo Franceschini&#8217;nin, &#8220;San Policarp Kilisesi&#8217;ne molotof kokteyli koyan ki\u015fi i\u00e7in de akli dengesinin bozuk oldu\u011funu s\u00f6ylediler.  \u00c7ok fazla kolay bir y\u00f6ntem&#8221; s\u00f6zlerine yer verildi.<\/p>\n<p style=\"text-align: justify;\">Bunun yan\u0131nda cinayetle ilgili Padovese&#8217;nin ailesinin, &#8220;Luigi Murat&#8217;dan korkuyordu. Psikolojik problemleri oldu\u011fundan \u015f\u00fcpheleniyordu&#8221; a\u00e7\u0131klamas\u0131na yer verildi.<\/p>\n<p style=\"text-align: justify;\">\u0130skenderun&#8217;da Padovese&#8217;yle birlikte \u00e7al\u0131\u015fan Rahibe Eleonora&#8217;n\u0131n da Murat&#8217;\u0131n psikolojik sorunlar\u0131 oldu\u011fu y\u00f6n\u00fcnde a\u00e7\u0131klamada bulundu\u011funa de\u011finildi.<\/p>\n<p style=\"text-align: justify;\">Haberde ayr\u0131ca, Padovese&#8217;nin T\u00fcrkiye&#8217;nin AB&#8217;ye giri\u015fiyle ilgili daha \u00f6nce yapt\u0131\u011f\u0131 bir a\u00e7\u0131klamaya da yer verilerek, &#8220;T\u00fcrkiye&#8217;nin AB&#8217;de olmas\u0131, kap\u0131lar\u0131 politik \u0130slamizme a\u00e7mak demek de\u011fildir. Bu fikir korkudan kaynaklan\u0131yor. \u0130slam tehdidi Arap d\u00fcnyas\u0131ndan geliyor, T\u00fcrkiye&#8217;den de\u011fil&#8221; yorumu yer buldu.<\/p>\n<p style=\"text-align: justify;\">Vatikan&#8217;\u0131n yorumu, &#8220;Vatikan: Korkun\u00e7 bir eylem. Papa K\u0131br\u0131s&#8217;a hareket etti&#8221; ba\u015fl\u0131\u011f\u0131 alt\u0131nda yay\u0131mlan\u0131rken, &#8220;Papa&#8217;y\u0131 Paphos Havaliman\u0131&#8217;nda Padovese kar\u015f\u0131layacakt\u0131&#8221; ifadesi kullan\u0131ld\u0131.<\/p>\n<p style=\"text-align: justify;\">Vatikan&#8217;\u0131n il \u00f6nce Santoro cinayetiyle ba\u011flant\u0131l\u0131 a\u00e7\u0131klamalarda bulundu\u011fu ancak, ailesi ve Rahibe Eleonora&#8217;n\u0131n a\u00e7\u0131klamalar\u0131n\u0131n ard\u0131ndan bu ba\u011flant\u0131n\u0131n ge\u00e7erlili\u011fini kaybetti\u011fi belirtildi.<\/p>\n<p style=\"text-align: justify;\">Corriere Della Sera ayr\u0131ca \u0130srail sald\u0131r\u0131s\u0131na ili\u015fkin geli\u015fmelere de iki tam sayfa ay\u0131rd\u0131.<\/p>\n<p style=\"text-align: justify;\">Vatikan&#8217;\u0131n Gazze&#8217;ye uygulanan ambargonun kald\u0131r\u0131lmas\u0131 gerekti\u011fi y\u00f6n\u00fcndeki a\u00e7\u0131klamalar\u0131n\u0131, &#8220;Gazze, Vatikan bir soru\u015fturma istiyor; Ambargonun kald\u0131r\u0131lma zaman\u0131 geldi&#8221; ba\u015fl\u0131\u011f\u0131yla duyuran gazete, sald\u0131r\u0131dan sa\u011f kurtularak \u00fclkelerine d\u00f6nen \u0130talyanlar\u0131n &#8220;Psikolojik ve fizyolojik \u015fiddet g\u00f6rd\u00fck&#8221; iddialar\u0131 \u00fczerine, D\u0131\u015fi\u015fleri Bakan\u0131 Franco Frattini&#8217;nin \u201cDostumuz \u0130srail&#8217;den a\u00e7\u0131klama isteyece\u011fiz&#8221; s\u00f6zlerine yer verildi.<\/p>\n<p style=\"text-align: justify;\"><strong>La Repubblica:<\/strong><\/p>\n<p style=\"text-align: justify;\">La Repubblica gazetesi de Padovese cinayetini &#8220;T\u00fcrkiye, \u0130talyan Piskopos evinde b\u0131\u00e7aklanarak \u00f6ld\u00fcr\u00fcld\u00fc&#8221; ba\u015fl\u0131\u011f\u0131yla duyurdu.<\/p>\n<p style=\"text-align: justify;\">Haberin devam\u0131nda &#8220;Vali: Padovese&#8217;nin \u00f6l\u00fcm nedeni politik de\u011fil&#8221; altba\u015fl\u0131\u011f\u0131 kullan\u0131l\u0131rken, &#8220;Rahibe Eleonora: Bana saat 13.00 sular\u0131nda K\u0131br\u0131s&#8217;a Murat ve kendisi i\u00e7in al\u0131nan biletleri iptal etmemi \u00e7\u00fcnk\u00fc kendini iyi hissetmedi\u011fini s\u00f6yledi, bir saat sonra \u00f6ld\u00fcr\u00fcld\u00fc&#8221; a\u00e7\u0131klamas\u0131 yer ald\u0131.<\/p>\n<p style=\"text-align: justify;\">\u0130zmir Ba\u015fpiskoposu Ruggeo Franceschini&#8217;nin, &#8220;Murat&#8217;\u0131 sakin biri olarak tan\u0131yorum. Psikolojik yard\u0131ma ihtiyac\u0131 oldu\u011funu sanm\u0131yorum. Polisin s\u00f6ylediklerine inanmak \u00e7ok zor&#8221; yorumunun kullan\u0131ld\u0131\u011f\u0131 haberde, Milano Ba\u015fpiskoposu Dionigi Tettamanzi&#8217;nin Padovese i\u00e7in yas tuttu\u011fu ve &#8220;Hayat\u0131n\u0131 ba\u015fkalar\u0131n\u0131n sevgisi i\u00e7in adad\u0131&#8221; dedi\u011fi belirtildi.<\/p>\n<p style=\"text-align: justify;\">Vatikan Hristiyan Birli\u011fi Komitesi Ba\u015fkan\u0131 Kardinal Walter Kasper, &#8220;Gizlerle dolu bir cinayet. Ama diyalog devam etmeli\u00f6 yorumu da haberde yer buldu.<\/p>\n<p style=\"text-align: justify;\">Gazetede \u0130srail sald\u0131r\u0131s\u0131yla ilgili ise &#8220;\u0130sraili Gazze i\u00e7in bir aral\u0131k&#8221; ba\u015fl\u0131\u011f\u0131 kullan\u0131l\u0131rken &#8220;Kurbanlar aras\u0131nda bir Amerikal\u0131 var. \u015eimdi Amerika da soru\u015fturma istiyor&#8221; de\u011ferlendirmesi yap\u0131ld\u0131.<\/p>\n<p style=\"text-align: justify;\"><strong>La Stampa:<\/strong><\/p>\n<p style=\"text-align: justify;\">La Stampa Gezetesi de &#8220;\u0130talyan Piskopos \u00f6ld\u00fcr\u00fcld\u00fc&#8221; ba\u015fl\u0131\u011f\u0131yla Padovese cinayetini man\u015fetten duyurdu.<\/p>\n<p style=\"text-align: justify;\">&#8220;\u0130slamc\u0131larla diyalo\u011fu sa\u011flayan piskopos \u00f6ld\u00fcr\u00fcld\u00fc&#8221; alt ba\u015fl\u0131\u011f\u0131n\u0131n kullan\u0131ld\u0131\u011f\u0131 haberde, &#8220;Papa&#8217;ya tavsiye veriyordu ve bar\u0131\u015f i\u00e7in \u00e7al\u0131\u015f\u0131yordu. Papa&#8217;n\u0131n K\u0131br\u0131s&#8217;da yapaca\u011f\u0131 konu\u015fmada eli var&#8221; yorumu yer ald\u0131.<\/p>\n<p style=\"text-align: justify;\">Daha \u00f6nce \u0130skenderun&#8217;da ayn\u0131 g\u00f6revde bulunan Kardinal Sergio Sebastiani&#8217;nin, &#8220;Santaro gibi fanatizm atmosferinde \u00f6ld\u00fc&#8221; s\u00f6zleri yer buldu.<\/p>\n<p style=\"text-align: justify;\">Ali A\u011fca&#8217;n\u0131n Papa&#8217;y\u0131 \u00f6ld\u00fcrme giri\u015fimiyle ilgili s\u00fcreci de y\u00f6neden Hakim Rosario Priore&#8217;nin ise, \u201cHristiyanlar tehlikeli bir \u0130slam d\u00fcnyas\u0131n\u0131 inceliyor&#8221; ifadesi kullan\u0131ld\u0131.<\/p>\n<p style=\"text-align: justify;\">\u0130srail sald\u0131r\u0131s\u0131yla ilgili de sald\u0131r\u0131dan kurtulan \u0130talyanlar&#8217;\u0131n &#8220;Bir cehennemdi&#8221; yorumu da &#8220;Bir \u00e7ok ceset gemiden denize at\u0131ld\u0131. \u00d6l\u00fc say\u0131s\u0131 \u00e7ok daha fazla. Liste birebir incelenmeli&#8221; de\u011ferlendirmesi de haberde yer buldu.<\/p>\n<p style=\"text-align: justify;\">Cumhurba\u015fkan\u0131 Abdullah G\u00fcl&#8217;\u00fcn, \u0130sraille ili\u015fkiler ilelebet de\u011fi\u015fti\u00f6 \u015fiklinde konu\u015ftu\u011fu da vurguland\u0131.<\/p>\n<p style=\"text-align: justify;\"><strong>Quatidiano Nazionale:<\/strong><\/p>\n<p style=\"text-align: justify;\">Quatidiano Nazionale gazetesi, &#8220;\u015eehitlik asla bitmiyor&#8221; ba\u015fl\u0131\u011f\u0131yla verdi\u011fi Padovese cinayeti i\u00e7in &#8220;\u00d6l\u00fcm \u00fczerinde s\u0131r ve Papa&#8217;n\u0131n K\u0131br\u0131s misyonuyla ilgili \u015f\u00fcphe&#8221; altba\u015fl\u0131\u011f\u0131 kullan\u0131ld\u0131.<\/p>\n<p style=\"text-align: justify;\"><strong>Avvenire:<\/strong><\/p>\n<p style=\"text-align: justify;\">Vatikan&#8217;\u0131n resmi yay\u0131n organlar\u0131ndan Avvenire gazetesi man\u015fetten  &#8220;T\u00fcrkiye, kurban bir piskopos\u00f6 ba\u015fl\u0131\u011f\u0131yla verdi\u011fi haberde &#8220;Padovese evinde b\u0131\u00e7aklanarak \u00f6ld\u00fcr\u00fcld\u00fc. Monseny\u00f6r Padovese, 6 y\u0131ld\u0131r Anodolu&#8217;da mevcut durumda di\u011fer dinlerle diyalog yollar\u0131 ar\u0131yordu. Bug\u00fcn Papa&#8217;n\u0131n K\u0131br\u0131s ziyaretinde olmay\u0131 planl\u0131yordu&#8221; ifadesi yer ald\u0131.<\/p>\n<p style=\"text-align: justify;\">Haberde Trabzon&#8217;da 2006 y\u0131l\u0131nda i\u015flenen Santoro cinayetiyle ba\u011flant\u0131 kurularak, &#8220;Bu kez ki\u015fisel nedenlere ba\u011flan\u0131yor&#8221; yorumu yap\u0131ld\u0131.<\/p>\n<p style=\"text-align: justify;\"><strong>Liberazione:<\/strong><\/p>\n<p style=\"text-align: justify;\">Liberazione gazetesinde \u0130srail sald\u0131r\u0131s\u0131na yine geni\u015f yer ayr\u0131ld\u0131. &#8220;Gizli ger\u00e7ek&#8221; man\u015fetiyle yay\u0131nlanan haberde, &#8220;\u00d6l\u00fc say\u0131s\u0131 s\u00f6ylenenden \u00e7ok daha fazla. Baz\u0131lar\u0131 \u00f6ld\u00fcr\u00fcld\u00fckten hemen sonra denize at\u0131ld\u0131. 170&#8217;den fazla yaral\u0131 var, bunlardan baz\u0131lar\u0131n\u0131n durumu a\u011f\u0131r. Erdo\u011fan kabul etmese de \u00f6l\u00fc say\u0131s\u0131 9&#8217;dan daha fazla&#8221; iddialar\u0131na yer verildi.<\/p>\n<p style=\"text-align: justify;\">Gazetede Padovese cinayeti de \u201cT\u00fcrkiye, Piskopos Padovese \u00f6ld\u00fcr\u00fcld\u00fc\u00f6 ba\u015fl\u0131\u011f\u0131 alt\u0131nda &#8220;K\u00fcrt \u015fof\u00f6r tutukland\u0131. Resmi makamlara g\u00f6re akli dengesi yerinde de\u011fil. Ama \u0130zmir&#8217;den Monseny\u00f6r franceschini inanm\u0131yor&#8221; yorumuyla verildi.<\/p>\n<p style=\"text-align: justify;\"><strong>\u0130l Giornale:<\/strong><\/p>\n<p style=\"text-align: justify;\">\u0130l Giornale gazetesi, &#8220;Bir katolik piskopos T\u00fcrkiye&#8217;de katledildi\u00f6 ba\u015fl\u0131\u011f\u0131yla verdi\u011fi Padovese cinayeti i\u00e7in ayr\u0131ca &#8220;Luigi Padovese \u015fof\u00f6r\u00fc taraf\u0131ndan b\u0131\u00e7aklanarak \u00f6ld\u00fcr\u00fcld\u00fc. Neden ki\u015fiselmi\u015f. Ama bu yeni cinayet \u00fclkenin hristiyanlar i\u00e7in ne kadar riskli oldu\u011funu g\u00f6sterdi&#8221; yorumu yap\u0131ld\u0131. Haberde Ssantoro cinayetiyle de ba\u011flant\u0131 kuruldu.<\/p>\n<p style=\"text-align: justify;\">\u0130srail sald\u0131r\u0131 hakk\u0131nda da gazetede &#8220;Ortado\u011fu&#8217;da tansiyon y\u00fcksek\u00f6 yorumu yap\u0131l\u0131rken, &#8220;\u0130talyanlar il\u00fc say\u0131s\u0131n\u0131n 9&#8217;dan fazla oldu\u011funu s\u00f6yl\u00fcyor, Erdo\u011fan kabul etmiyor&#8221; denildi.<\/p>\n<p style=\"text-align: justify;\"><strong>\u0130l Manifesto:<\/strong><\/p>\n<p style=\"text-align: justify;\">\u0130l Manifesto gazetesinde de \u0130srail Sald\u0131r\u0131s\u0131 man\u015fetteki yerini korudu. &#8220;Gazze&#8217;nin tan\u0131klar\u0131&#8221; ba\u015fl\u0131\u011f\u0131 alt\u0131nda &#8220;\u0130talyanlar d\u00f6v\u00fcld\u00fckleri ve soyulduklar\u0131n\u0131 s\u00f6yl\u00fcyor&#8221; de\u011ferlendirmesi yap\u0131ld\u0131.<\/p>\n<p style=\"text-align: justify;\">Gazetede Padovese cinayeti i\u00e7in de, &#8220;Piskopos Padovese b\u0131\u00e7aklanarak \u00f6ld\u00fcr\u00fcld\u00fc&#8221; ba\u015fl\u0131\u011f\u0131, &#8220;T\u00fcrkiye; neden politik de\u011fil&#8221; ifadesi kullan\u0131ld\u0131.<\/p>\n<p style=\"text-align: justify;\"><span style=\"color: #888888;\">CNN T\u00dcRK<\/span><\/p>\n","protected":false},"excerpt":{"rendered":"<p style=\"text-align: center;\">\n<p style=\"text-align: justify;\">\u0130talya bas\u0131n\u0131 g\u00fcne yine T\u00fcrkiye ile uyand\u0131. Gazetelerde \u0130srail sald\u0131r\u0131s\u0131n\u0131n yorumlar\u0131 devam ederken, \u0130skenderun&#8217;da b\u0131\u00e7aklanarak \u00f6ld\u00fcr\u00fclen din adam\u0131 Monseny\u00f6r Luigi Padovese cinayetine de geni\u015f yer ayr\u0131ld\u0131. <\/p>\n","protected":false},"author":1,"featured_media":0,"comment_status":"open","ping_status":"closed","sticky":false,"template":"","format":"standard","meta":{"footnotes":""},"categories":[3],"tags":[],"class_list":["post-23389","post","type-post","status-publish","format-standard","hentry","category-dunya","odd"],"_links":{"self":[{"href":"http:\/\/www.korhanyilmaz.com\/index.php?rest_route=\/wp\/v2\/posts\/23389","targetHints":{"allow":["GET"]}}],"collection":[{"href":"http:\/\/www.korhanyilmaz.com\/index.php?rest_route=\/wp\/v2\/posts"}],"about":[{"href":"http:\/\/www.korhanyilmaz.com\/index.php?rest_route=\/wp\/v2\/types\/post"}],"author":[{"embeddable":true,"href":"http:\/\/www.korhanyilmaz.com\/index.php?rest_route=\/wp\/v2\/users\/1"}],"replies":[{"embeddable":true,"href":"http:\/\/www.korhanyilmaz.com\/index.php?rest_route=%2Fwp%2Fv2%2Fcomments&post=23389"}],"version-history":[{"count":0,"href":"http:\/\/www.korhanyilmaz.com\/index.php?rest_route=\/wp\/v2\/posts\/23389\/revisions"}],"wp:attachment":[{"href":"http:\/\/www.korhanyilmaz.com\/index.php?rest_route=%2Fwp%2Fv2%2Fmedia&parent=23389"}],"wp:term":[{"taxonomy":"category","embeddable":true,"href":"http:\/\/www.korhanyilmaz.com\/index.php?rest_route=%2Fwp%2Fv2%2Fcategories&post=23389"},{"taxonomy":"post_tag","embeddable":true,"href":"http:\/\/www.korhanyilmaz.com\/index.php?rest_route=%2Fwp%2Fv2%2Ftags&post=23389"}],"curies":[{"name":"wp","href":"https:\/\/api.w.org\/{rel}","templated":true}]}}