{"id":23384,"date":"2010-06-04T13:18:40","date_gmt":"2010-06-04T10:18:40","guid":{"rendered":"http:\/\/www.korhanyilmaz.com\/?p=23384"},"modified":"2010-06-04T13:18:40","modified_gmt":"2010-06-04T10:18:40","slug":"dink-davasi-mudahil-avukat-karadag-olu-bulundu","status":"publish","type":"post","link":"http:\/\/www.korhanyilmaz.com\/?p=23384","title":{"rendered":"Dink davas\u0131: M\u00fcdahil avukat Karada\u011f \u00f6l\u00fc bulundu"},"content":{"rendered":"<p style=\"text-align: center;\"><a href=\"http:\/\/www.korhanyilmaz.com\/wp-content\/uploads\/2010\/06\/2010-06-04_155812.jpg\"  class=\"lightview\"><img loading=\"lazy\" decoding=\"async\" class=\"aligncenter size-full wp-image-23385\" src=\"http:\/\/www.korhanyilmaz.com\/wp-content\/uploads\/2010\/06\/2010-06-04_155812.jpg\" alt=\"\" width=\"307\" height=\"235\" \/><\/a><\/p>\n<p style=\"text-align: justify;\">Agos Gazetesi Genel Yay\u0131n Y\u00f6netmeni Hrant Dink suikast\u0131 davas\u0131 m\u00fcdahil avukatlar\u0131ndan Hakan Karada\u011f \u0130stanbul Fatih&#8217;teki evinde as\u0131l\u0131 halde \u00f6l\u00fc bulundu. Karada\u011f&#8217;\u0131n k\u0131z arkada\u015f\u0131 \u00c7i\u011fdem Pamuk\u00e7u ifadesinde, Karada\u011f&#8217;la d\u00fcn tart\u0131\u015ft\u0131klar\u0131n\u0131 anlatt\u0131. <!--more--><\/p>\n<div id=\"attachment_23386\" style=\"width: 302px\" class=\"wp-caption alignleft\"><a href=\"http:\/\/www.korhanyilmaz.com\/wp-content\/uploads\/2010\/06\/karadag.jpg\"  class=\"lightview\"><img loading=\"lazy\" decoding=\"async\" aria-describedby=\"caption-attachment-23386\" class=\"size-full wp-image-23386\" style=\"margin-left: 10px; margin-right: 10px;\" title=\"Av. Hakan Karada\u011f\" src=\"http:\/\/www.korhanyilmaz.com\/wp-content\/uploads\/2010\/06\/karadag.jpg\" alt=\"\" width=\"292\" height=\"224\" \/><\/a><p id=\"caption-attachment-23386\" class=\"wp-caption-text\">Av. Hakan Karada\u011f<\/p><\/div>\n<p style=\"text-align: justify;\">\u015eehremini semtindeki evinde as\u0131l\u0131 bulunan Karada\u011f&#8217;\u0131n cesedi, gerekli incelemelerin ard\u0131ndan Vak\u0131f Gureba E\u011fitim ve Ara\u015ft\u0131rma Hastanesi&#8217;ne kald\u0131r\u0131ld\u0131.<\/p>\n<p style=\"text-align: justify;\">Karada\u011f&#8217;\u0131n cesedi, daha sonra da otopsi i\u015flemi i\u00e7in Adli T\u0131p Kurumu morguna g\u00f6nderildi.<\/p>\n<p style=\"text-align: justify;\">40 ya\u015f\u0131ndaki Hakan Karada\u011f&#8217;\u0131n k\u0131z arkada\u015f\u0131 \u00c7i\u011fdem Pamuk\u00e7u ifadesinde, Karada\u011f&#8217;la d\u00fcn tart\u0131\u015ft\u0131klar\u0131n\u0131 anlatt\u0131.<\/p>\n<p style=\"text-align: justify;\">Pamuk\u00e7u, &#8220;Telefonu kapatt\u0131ktan sonra, &#8216;anneme hesap vereceksin&#8217; \u015feklinde bir mesaj att\u0131. Gece saat 02.00 s\u0131ralar\u0131nda merak edip evine gittim. Do\u011falgaz borusuna as\u0131l\u0131 halde buldum&#8221; dedi.<\/p>\n<p style=\"text-align: justify;\"><strong>Tehdit tart\u0131\u015fmas\u0131yla g\u00fcndeme gelmi\u015fti <\/strong><\/p>\n<p style=\"text-align: justify;\">Davan\u0131n m\u00fcdahil avukatlar\u0131ndan 40 ya\u015f\u0131ndaki Hakan Karada\u011f&#8217;\u0131n ismi, bir duru\u015fma s\u0131ras\u0131nda ya\u015fanan tehdit tart\u0131\u015fmas\u0131yla g\u00fcndeme gelmi\u015fti.<\/p>\n<p style=\"text-align: justify;\">Avukat Karada\u011f, Dink&#8217;in katil zanl\u0131s\u0131 tutuklu Og\u00fcn Samast&#8217;\u0131n kendisini tehdit etti\u011fini, elindeki ka\u011f\u0131da bir \u015feyler yazarak cebine koydu\u011funu s\u00f6ylemi\u015f, mahkeme ba\u015fkan\u0131n\u0131n Samast&#8217;tan ald\u0131\u011f\u0131 ka\u011f\u0131d\u0131n \u00fczerinde Hakan Karada\u011f&#8217;\u0131n isminin yazd\u0131\u011f\u0131 tespit edilmi\u015fti.<\/p>\n<p style=\"text-align: justify;\"><span style=\"color: #888888;\">CNN T\u00dcRK<\/span><\/p>\n","protected":false},"excerpt":{"rendered":"<p style=\"text-align: center;\">\n<p style=\"text-align: justify;\">Agos Gazetesi Genel Yay\u0131n Y\u00f6netmeni Hrant Dink suikast\u0131 davas\u0131 m\u00fcdahil avukatlar\u0131ndan Hakan Karada\u011f \u0130stanbul Fatih&#8217;teki evinde as\u0131l\u0131 halde \u00f6l\u00fc bulundu. Karada\u011f&#8217;\u0131n k\u0131z arkada\u015f\u0131 \u00c7i\u011fdem Pamuk\u00e7u ifadesinde, Karada\u011f&#8217;la d\u00fcn tart\u0131\u015ft\u0131klar\u0131n\u0131 anlatt\u0131. <\/p>\n","protected":false},"author":1,"featured_media":0,"comment_status":"open","ping_status":"closed","sticky":false,"template":"","format":"standard","meta":{"footnotes":""},"categories":[105],"tags":[],"class_list":["post-23384","post","type-post","status-publish","format-standard","hentry","category-gundem","odd"],"_links":{"self":[{"href":"http:\/\/www.korhanyilmaz.com\/index.php?rest_route=\/wp\/v2\/posts\/23384","targetHints":{"allow":["GET"]}}],"collection":[{"href":"http:\/\/www.korhanyilmaz.com\/index.php?rest_route=\/wp\/v2\/posts"}],"about":[{"href":"http:\/\/www.korhanyilmaz.com\/index.php?rest_route=\/wp\/v2\/types\/post"}],"author":[{"embeddable":true,"href":"http:\/\/www.korhanyilmaz.com\/index.php?rest_route=\/wp\/v2\/users\/1"}],"replies":[{"embeddable":true,"href":"http:\/\/www.korhanyilmaz.com\/index.php?rest_route=%2Fwp%2Fv2%2Fcomments&post=23384"}],"version-history":[{"count":0,"href":"http:\/\/www.korhanyilmaz.com\/index.php?rest_route=\/wp\/v2\/posts\/23384\/revisions"}],"wp:attachment":[{"href":"http:\/\/www.korhanyilmaz.com\/index.php?rest_route=%2Fwp%2Fv2%2Fmedia&parent=23384"}],"wp:term":[{"taxonomy":"category","embeddable":true,"href":"http:\/\/www.korhanyilmaz.com\/index.php?rest_route=%2Fwp%2Fv2%2Fcategories&post=23384"},{"taxonomy":"post_tag","embeddable":true,"href":"http:\/\/www.korhanyilmaz.com\/index.php?rest_route=%2Fwp%2Fv2%2Ftags&post=23384"}],"curies":[{"name":"wp","href":"https:\/\/api.w.org\/{rel}","templated":true}]}}