{"id":23380,"date":"2010-06-04T15:54:45","date_gmt":"2010-06-04T12:54:45","guid":{"rendered":"http:\/\/www.korhanyilmaz.com\/?p=23380"},"modified":"2010-06-04T15:54:45","modified_gmt":"2010-06-04T12:54:45","slug":"gulen-gazzeye-giden-yardim-gemilerini-elestirdi","status":"publish","type":"post","link":"http:\/\/www.korhanyilmaz.com\/?p=23380","title":{"rendered":"G\u00fclen, Gazze&#8217;ye giden yard\u0131m gemilerini ele\u015ftirdi"},"content":{"rendered":"<p style=\"text-align: center;\"><a href=\"http:\/\/www.korhanyilmaz.com\/wp-content\/uploads\/2010\/06\/gulen.jpg\"  class=\"lightview\"><img loading=\"lazy\" decoding=\"async\" class=\"aligncenter size-full wp-image-23381\" src=\"http:\/\/www.korhanyilmaz.com\/wp-content\/uploads\/2010\/06\/gulen.jpg\" alt=\"\" width=\"307\" height=\"236\" \/><\/a><\/p>\n<p style=\"text-align: justify;\">ABD&#8217;de inziva hayat\u0131 ya\u015fayan Fetullah G\u00fclen ba\u015f\u0131n\u0131 T\u00fcrklerin \u00e7ekti\u011fi Gazze&#8217;ye yard\u0131m gemilerini \u0130srail&#8217;in izni olmaks\u0131z\u0131n b\u00f6yle bir i\u015fe kalk\u0131\u015ft\u0131klar\u0131 i\u00e7in ele\u015ftirdi.<\/p>\n<p style=\"text-align: justify;\">\u0130lk kez bir Amerikan medyas\u0131na konu\u015fan G\u00fclen, televizyon ekranlar\u0131nda \u0130srail komandolar\u0131n\u0131n Gazze\u2019ye yard\u0131m g\u00f6t\u00fcren gemiye yapt\u0131\u011f\u0131 bask\u0131n\u0131 ve T\u00fcrk aktivistler ile komandolar aras\u0131ndaki \u00e7at\u0131\u015fmay\u0131 televizyon ekranlar\u0131ndan izledi\u011fini s\u00f6yledi.<!--more--><\/p>\n<p style=\"text-align: justify;\">Wall Street Journal gazetesine konu\u015fan G\u00fclen, &#8220;G\u00f6rd\u00fc\u011f\u00fcm \u015fey g\u00fczel de\u011fildi. \u00c7irkindi&#8221; dedi.<\/p>\n<p style=\"text-align: justify;\">G\u00fclen, yard\u0131m\u0131 organize edenlerin \u0130srail ile anla\u015fmaya varmadan b\u00f6yle bir i\u015fe kalk\u0131\u015fmalar\u0131n\u0131 &#8220;otoriteye kar\u015f\u0131 gelmenin i\u015fareti ve bunlar yararl\u0131 \u015feyler de\u011fil&#8221; s\u00f6zleriyle niteledi.<\/p>\n<p style=\"text-align: justify;\">Wall Street Journal, G\u00fclen\u2019in g\u00f6r\u00fc\u015flerinin T\u00fcrkiye\u2019de demokrasiyi yeniden \u015fekillendirmeye \u00e7al\u0131\u015fan g\u00fc\u00e7 odaklar\u0131 taraf\u0131ndan \u00e7ok yak\u0131ndan izlendi\u011fini de vurgulad\u0131.<\/p>\n<p style=\"text-align: justify;\">G\u00fclen\u2019in T\u00fcrkiye\u2019nin &#8220;\u0130slamc\u0131 e\u011filimli h\u00fck\u00fcmeti&#8221; \u00fczerinde etkili oldu\u011funu belirten gazete, ancak bu etkinin ne boyutta oldu\u011funun tart\u0131\u015fma konusu oldu\u011funu da ileri s\u00fcrd\u00fc.<\/p>\n<p style=\"text-align: justify;\">\u0130slami yard\u0131m vakf\u0131 \u0130HH\u2019nin ad\u0131n\u0131 daha yeni duydu\u011funu s\u00f6yleyen G\u00fclen, &#8220;Politize bir \u00f6rg\u00fct olup olmad\u0131klar\u0131n\u0131 s\u00f6ylemek zor&#8221; dedi.<\/p>\n<p style=\"text-align: justify;\">G\u00fclen ayr\u0131ca kendsiyle ba\u011flant\u0131l\u0131 olan bir yard\u0131m vakf\u0131n\u0131n Gazze\u2019ye yard\u0131m g\u00f6t\u00fcrme iste\u011fini kendisine iletti\u011finde, onlara \u00f6nce \u0130srail\u2019den izin al\u0131n dedi\u011fini de s\u00f6zlerine ekledi.<\/p>\n<p style=\"text-align: justify;\">G\u00fclen, bu konuda kimin su\u00e7lu oldu\u011funun tayin edilmesi i\u015finin de Birle\u015fmi\u015f Milletler\u2019e b\u0131rak\u0131lmas\u0131na gerekti\u011fini s\u00f6yledi.<\/p>\n<p style=\"text-align: justify;\">Fethullah G\u00fclen, Gazze&#8217;ye yard\u0131m g\u00f6t\u00fcren gemilere \u0130srail&#8217;in yapt\u0131\u011f\u0131 sald\u0131r\u0131da \u00f6lenler i\u00e7in Zaman gazetesinde de taziye mesaj\u0131 yay\u0131mlad\u0131.<\/p>\n<p style=\"text-align: justify;\">Mesaj\u0131nda G\u00fclen, &#8220;Filistin&#8217;de ya\u015fanan bu drama son verebilmek beklentisiyle yola \u00e7\u0131kan, u\u011frad\u0131klar\u0131 m\u00fcessif sald\u0131r\u0131da hayatlar\u0131n\u0131 kaybederek \u015fehit d\u00fc\u015fen insanlar\u0131m\u0131za Allah&#8217;tan rahmet diler, ba\u015fta aileleri olmak \u00fczere, milletimize ve b\u00fct\u00fcn insanl\u0131\u011fa taziyelerimi bildiririm&#8221; ifadesine yer verdi.<\/p>\n<p style=\"text-align: justify;\">Zaman Gazetesi G\u00fclen&#8217;in, WSJ muhabiriyle yapt\u0131\u011f\u0131 g\u00f6r\u00fc\u015fmesi s\u0131ras\u0131nda ba\u015fka konulara de\u011findi\u011fine de yer verdi. Gazetede yer alan habere g\u00f6re G\u00fclen, Gazze&#8217;ye yard\u0131m konvoyundaki olayla ilgili \u00fc\u00e7 konuya dikkati \u00e7ekerek \u015fu g\u00f6r\u00fc\u015fleri ifade etti:<\/p>\n<p style=\"text-align: justify;\">&#8220;Bir, yard\u0131m g\u00f6n\u00fcll\u00fclerinin bulundu\u011fu gemiye yap\u0131lan o korkun\u00e7 m\u00fcdahale \u00f6ncesi izlenen y\u00f6ntem, ki G\u00fclen bu noktada diplomatik yollar\u0131n sonuna kadar zorlanmas\u0131nda \u0131srar ediyor. \u0130ki, \u0130srail askerlerinin m\u00fcdahale bi\u00e7imi, ki onu &#8216;\u00e7irkin bir manzara&#8217; diyerek ele\u015ftiriyor. \u00dc\u00e7, \u015fehit olan vatanda\u015flar\u0131m\u0131z, ki bunun i\u00e7in G\u00fclen taziye yay\u0131nlayarak \u00fcz\u00fcnt\u00fclerini ifade ediyor.&#8221;<\/p>\n<p style=\"text-align: justify;\"><span style=\"color: #888888;\">CNN T\u00dcRK<\/span><\/p>\n","protected":false},"excerpt":{"rendered":"<p style=\"text-align: center;\">\n<p style=\"text-align: justify;\">ABD&#8217;de inziva hayat\u0131 ya\u015fayan Fetullah G\u00fclen ba\u015f\u0131n\u0131 T\u00fcrklerin \u00e7ekti\u011fi Gazze&#8217;ye yard\u0131m gemilerini \u0130srail&#8217;in izni olmaks\u0131z\u0131n b\u00f6yle bir i\u015fe kalk\u0131\u015ft\u0131klar\u0131 i\u00e7in ele\u015ftirdi.<\/p>\n<p style=\"text-align: justify;\">\u0130lk kez bir Amerikan medyas\u0131na konu\u015fan G\u00fclen, televizyon ekranlar\u0131nda \u0130srail komandolar\u0131n\u0131n Gazze\u2019ye yard\u0131m g\u00f6t\u00fcren gemiye yapt\u0131\u011f\u0131 bask\u0131n\u0131 ve T\u00fcrk aktivistler ile komandolar aras\u0131ndaki \u00e7at\u0131\u015fmay\u0131 televizyon ekranlar\u0131ndan izledi\u011fini <\/p>\n","protected":false},"author":1,"featured_media":0,"comment_status":"open","ping_status":"closed","sticky":false,"template":"","format":"standard","meta":{"footnotes":""},"categories":[105],"tags":[],"class_list":["post-23380","post","type-post","status-publish","format-standard","hentry","category-gundem","odd"],"_links":{"self":[{"href":"http:\/\/www.korhanyilmaz.com\/index.php?rest_route=\/wp\/v2\/posts\/23380","targetHints":{"allow":["GET"]}}],"collection":[{"href":"http:\/\/www.korhanyilmaz.com\/index.php?rest_route=\/wp\/v2\/posts"}],"about":[{"href":"http:\/\/www.korhanyilmaz.com\/index.php?rest_route=\/wp\/v2\/types\/post"}],"author":[{"embeddable":true,"href":"http:\/\/www.korhanyilmaz.com\/index.php?rest_route=\/wp\/v2\/users\/1"}],"replies":[{"embeddable":true,"href":"http:\/\/www.korhanyilmaz.com\/index.php?rest_route=%2Fwp%2Fv2%2Fcomments&post=23380"}],"version-history":[{"count":0,"href":"http:\/\/www.korhanyilmaz.com\/index.php?rest_route=\/wp\/v2\/posts\/23380\/revisions"}],"wp:attachment":[{"href":"http:\/\/www.korhanyilmaz.com\/index.php?rest_route=%2Fwp%2Fv2%2Fmedia&parent=23380"}],"wp:term":[{"taxonomy":"category","embeddable":true,"href":"http:\/\/www.korhanyilmaz.com\/index.php?rest_route=%2Fwp%2Fv2%2Fcategories&post=23380"},{"taxonomy":"post_tag","embeddable":true,"href":"http:\/\/www.korhanyilmaz.com\/index.php?rest_route=%2Fwp%2Fv2%2Ftags&post=23380"}],"curies":[{"name":"wp","href":"https:\/\/api.w.org\/{rel}","templated":true}]}}