{"id":23371,"date":"2010-06-03T00:03:30","date_gmt":"2010-06-02T21:03:30","guid":{"rendered":"http:\/\/www.korhanyilmaz.com\/?p=23371"},"modified":"2010-06-03T00:03:30","modified_gmt":"2010-06-02T21:03:30","slug":"israilden-ilk-yaralilar-geldi","status":"publish","type":"post","link":"http:\/\/www.korhanyilmaz.com\/?p=23371","title":{"rendered":"\u0130srail&#8217;den ilk yaral\u0131lar geldi"},"content":{"rendered":"<p style=\"text-align: justify;\">\n<p style=\"text-align: center;\"><a href=\"http:\/\/www.korhanyilmaz.com\/wp-content\/uploads\/2010\/06\/020.jpg\"  class=\"lightview\"><img loading=\"lazy\" decoding=\"async\" class=\"aligncenter size-full wp-image-23374\" src=\"http:\/\/www.korhanyilmaz.com\/wp-content\/uploads\/2010\/06\/020.jpg\" alt=\"\" width=\"311\" height=\"239\" \/><\/a><\/p>\n<p style=\"text-align: justify;\">\u0130srail&#8217;in Gazze&#8217;ye yard\u0131m ta\u015f\u0131yan gemilere sald\u0131r\u0131s\u0131nda yaralananlardan ikisi T\u00fcrkiye&#8217;ye getirildi. \u0130ki yaral\u0131y\u0131 ta\u015f\u0131yan Sa\u011fl\u0131k Bakanl\u0131\u011f\u0131na ait ambulans u\u00e7ak Etimesgut Havaalan\u0131&#8217;na indi. 17 yaral\u0131 ise CASA tipi iki askeri u\u00e7akla saat 22.45&#8217;te \u0130srail&#8217;den yola \u00e7\u0131kt\u0131.<!--more--><\/p>\n<p style=\"text-align: justify;\">\u0130srail&#8217;in Gazze&#8217;ye yard\u0131m ta\u015f\u0131yan gemilere sald\u0131r\u0131s\u0131nda yaralananlardan ikisi T\u00fcrkiye&#8217;ye getirildi.<\/p>\n<p style=\"text-align: justify;\">\u0130ki yaral\u0131y\u0131 ta\u015f\u0131yan Sa\u011fl\u0131k Bakanl\u0131\u011f\u0131na ait ambulans u\u00e7ak Etimesgut Havaalan\u0131&#8217;na indi.<\/p>\n<p style=\"text-align: justify;\">Havaalan\u0131&#8217;nda gazetecilere a\u00e7\u0131klama yapan Sa\u011fl\u0131k Bakan\u0131 Recep Akda\u011f, bakanl\u0131\u011fa ait ambulans u\u00e7akla iki yaral\u0131n\u0131n getirildi\u011fini belirterek, bunlardan birisinin T\u00fcrk vatanda\u015f\u0131 \u0130mdat Avli, di\u011ferinin ise \u0130rlandal\u0131 Almahti Alharati oldu\u011funu kaydetti.<\/p>\n<p style=\"text-align: justify;\">CASA tipi iki askeri u\u00e7a\u011f\u0131n da biri dokuz, di\u011feri sekiz yaral\u0131y\u0131 alarak 22.45&#8217;te T\u00fcrkiye&#8217;ye hareket etti\u011fini belirten Akda\u011f, bu u\u00e7aklar\u0131n muhtemelen saat 00.30 ve 01.00 saatleri aras\u0131nda ini\u015finin ger\u00e7ekle\u015fmesinin beklendi\u011fini kaydetti.<\/p>\n<p style=\"text-align: justify;\">Akda\u011f, &#8220;\u0130ki yaral\u0131m\u0131z\u0131, genel durumlar\u0131 yolculu\u011fu \u015fu anda kald\u0131ramayaca\u011f\u0131 i\u00e7in \u0130srail&#8217;de b\u0131rakmak zorunda kald\u0131 arkada\u015flar\u0131m\u0131z. Onlar\u0131n durumlar\u0131n\u0131 da takip ediyoruz. Yolculu\u011fa elveri\u015fli duruma geldikleri ilk anda bu iki yaral\u0131m\u0131z\u0131 da alarak T\u00fcrkiye&#8217;ye getirece\u011fiz&#8221; dedi.<\/p>\n<p style=\"text-align: justify;\">Kendisinin iki yaral\u0131 ile birlikte Atat\u00fcrk E\u011fitim Ara\u015ft\u0131rma Hastanesi&#8217;ne ge\u00e7ece\u011fini ifade eden Akda\u011f, gelecek yaral\u0131lar\u0131n da ayn\u0131 hastanede tedavi alt\u0131na al\u0131naca\u011f\u0131n\u0131 bildirdi.<\/p>\n<p style=\"text-align: justify;\">Akda\u011f, daha sonra, sa\u011fl\u0131k ekipleriyle birlikte u\u00e7a\u011f\u0131n kap\u0131s\u0131na kadar giderek yaral\u0131lar\u0131 kar\u015f\u0131lad\u0131.<\/p>\n<p style=\"text-align: justify;\">T\u00fcrkiye&#8217;ye getirilen ilk yaral\u0131lar, iki ayr\u0131 ambulansla u\u00e7a\u011f\u0131n indi\u011fi Etimesgut Askeri Havaalan\u0131&#8217;ndan Atat\u00fcrk E\u011fitim ve Ara\u015ft\u0131rma Hastanesi&#8217;ne ula\u015ft\u0131r\u0131ld\u0131.<\/p>\n<p style=\"text-align: justify;\">Yaral\u0131lar, d\u00fcnden itibaren m\u00fcdahale ve tedavi i\u00e7in t\u00fcm haz\u0131rl\u0131klar\u0131n tamamland\u0131\u011f\u0131 Atat\u00fcrk E\u011fitim ve Ara\u015ft\u0131rma Hastanesi&#8217;nde tedavi alt\u0131na al\u0131nacak.<\/p>\n<p style=\"text-align: justify;\"><strong>\u0130ki u\u00e7ak yola \u00e7\u0131kt\u0131 <\/strong><\/p>\n<p style=\"text-align: justify;\">Askeri operasyonda yaralanan 19 yolcuyu ta\u015f\u0131yan iki askeri ambulans u\u00e7a\u011f\u0131 da Tel Aviv&#8217;deki Ben Gurion havaliman\u0131ndan ayr\u0131ld\u0131.<\/p>\n<p style=\"text-align: justify;\">Askeri ambulans u\u00e7aklar\u0131, operasyonda hayat\u0131n\u0131 kaybeden ve 4&#8217;\u00fcn\u00fcn T\u00fcrk oldu\u011fu tespit edilen 9 cenazeyi de g\u00f6t\u00fcrd\u00fc.<\/p>\n<p style=\"text-align: justify;\">\u00c7o\u011funlu\u011fu T\u00fcrk, 500&#8217;den fazla gemi yolcusunu \u0130stanbul&#8217;a g\u00f6t\u00fcrecek olan T\u00fcrk Hava Yollar\u0131&#8217;n\u0131n 3 yolcu u\u00e7a\u011f\u0131n\u0131n ise k\u0131sa s\u00fcre i\u00e7inde hareket etmesi bekleniyor.<\/p>\n<p style=\"text-align: justify;\">\u0130srail \u0130\u00e7i\u015fleri Bakanl\u0131\u011f\u0131 ise toplam 5 u\u00e7a\u011f\u0131n havaland\u0131\u011f\u0131n\u0131 a\u00e7\u0131klam\u0131\u015ft\u0131. Bu a\u00e7\u0131klamaya kar\u015f\u0131n 5 u\u00e7a\u011f\u0131n t\u00fcm\u00fcn\u00fcn t\u00fcm\u00fcn\u00fcn hen\u00fcz havalanmam\u0131\u015f oldu\u011fu \u00f6\u011frenildi.<\/p>\n<p style=\"text-align: justify;\"><span style=\"text-decoration: underline;\"><strong>2 askeri u\u00e7aktaki yaral\u0131lar\u0131n isimleri <\/strong><\/span><\/p>\n<p style=\"text-align: justify;\">Osman \u00c7al\u0131k<\/p>\n<p style=\"text-align: justify;\">Mehmet Y\u0131ld\u0131r\u0131m<\/p>\n<p style=\"text-align: justify;\">\u0130smail Ye\u015filda\u011f<\/p>\n<p style=\"text-align: justify;\">Abd\u00fclhamit Ate\u015f<\/p>\n<p style=\"text-align: justify;\">Muharrem G\u00fcne\u015f<\/p>\n<p style=\"text-align: justify;\">Reveha G\u00fcmr\u00fck\u00e7\u00fc<\/p>\n<p style=\"text-align: justify;\">Kenan Ak\u00e7il<\/p>\n<p style=\"text-align: justify;\">Canip Tunc<\/p>\n<p style=\"text-align: justify;\">Mutafa Beterhan<\/p>\n<p style=\"text-align: justify;\">Ekrem K\u00fc\u00e7\u00fckk\u00f6se<\/p>\n<p style=\"text-align: justify;\">Fatih Kavaktar<\/p>\n<p style=\"text-align: justify;\">Mustafa Bak\u0131rhan<\/p>\n<p style=\"text-align: justify;\">Adem Bak\u0131c\u0131<\/p>\n<p style=\"text-align: justify;\">Muhyettin Y\u0131ld\u0131r\u0131m<\/p>\n<p style=\"text-align: justify;\">Erkan Bayfidan<\/p>\n<p style=\"text-align: justify;\">Suat Co\u015fmaz<\/p>\n<p style=\"text-align: justify;\">Sadettin Furkan<\/p>\n<p style=\"text-align: justify;\">Murat Ta\u015fk\u0131n<\/p>\n<p style=\"text-align: justify;\">\n<p style=\"text-align: justify;\"><strong>B\u00fclent Ar\u0131n\u00e7 havaliman\u0131nda<\/strong><\/p>\n<p style=\"text-align: justify;\">Devlet Bakan\u0131 ve Ba\u015fbakan Yard\u0131mc\u0131s\u0131 B\u00fclent Ar\u0131n\u00e7, Gazze&#8217;ye insani yard\u0131m g\u00f6t\u00fcren g\u00f6n\u00fcll\u00fclerin T\u00fcrkiye&#8217;ye d\u00f6n\u00fc\u015flerine ili\u015fkin, &#8220;Bize gelen son haber, 400&#8217;\u00fc a\u015fk\u0131n yurtta\u015f\u0131m\u0131z ve g\u00f6n\u00fcll\u00fclerin biraz sonra T\u00fcrkiye&#8217;ye hareket edecekleri yolunda&#8221; dedi.<\/p>\n<p style=\"text-align: justify;\">Ar\u0131n\u00e7, Ankara&#8217;dan \u0130stanbul Atat\u00fcrk Havaliman\u0131&#8217;na geli\u015finde sorular\u0131 yan\u0131tlad\u0131.<\/p>\n<p style=\"text-align: justify;\">&#8220;Gazze&#8217;ye insani yard\u0131m g\u00f6t\u00fcren g\u00f6n\u00fcll\u00fclerin g\u00fcnd\u00fcz saatlerinde T\u00fcrkiye&#8217;ye d\u00f6nmesi bekleniyordu. Bir gecikme ya\u015fan\u0131yor. Bir sorun mu \u00e7\u0131kt\u0131?&#8221; \u015feklindeki soru \u00fczerine Ar\u0131n\u00e7, \u015funlar\u0131 s\u00f6yledi: &#8220;H\u00fck\u00fcmetin giri\u015fimiyle \u0130srail&#8217;de bulunan hem g\u00f6n\u00fcll\u00fcler hem yaral\u0131lar hem de \u00f6lenlerin T\u00fcrkiye&#8217;ye nakli kararla\u015ft\u0131r\u0131ld\u0131. Bunlardan yaral\u0131 olan yurtta\u015flar\u0131m\u0131z do\u011frudan Ankara&#8217;ya getirilecekler. Atat\u00fcrk E\u011fitim ve Ara\u015ft\u0131rma Hastanesinde tedavileri yap\u0131lacak. Bu konuda b\u00fct\u00fcn haz\u0131rl\u0131klar\u0131m\u0131z tamamland\u0131. Bu i\u015fleri Tel Aviv&#8217;de koordine eden arkada\u015flar\u0131m\u0131z ve h\u00fck\u00fcmet temsilcilerimiz var.&#8221;<\/p>\n<p style=\"text-align: justify;\">Ar\u0131n\u00e7, &#8220;T\u00fcrkiye&#8217;ye ka\u00e7 yaral\u0131 nakledilecek?&#8221; sorusu \u00fczerine de &#8220;20&#8217;nin \u00fczerinde. Yaral\u0131 say\u0131s\u0131 en son 22 san\u0131r\u0131m&#8221; dedi.<\/p>\n<p style=\"text-align: justify;\">\u0130srail&#8217;de bulunan g\u00f6n\u00fcll\u00fclerin de T\u00fcrkiye&#8217;den g\u00f6nderilen u\u00e7aklar\u0131n bir k\u0131sm\u0131na yerle\u015ftirildi\u011fini anlatan Ar\u0131n\u00e7, T\u00fcrk vatanda\u015flar\u0131 d\u0131\u015f\u0131ndaki yabanc\u0131larla ilgili i\u015flemlerin devam etti\u011fini s\u00f6yledi.<\/p>\n<p style=\"text-align: justify;\">Ar\u0131n\u00e7, &#8220;Tabii orada bu i\u015flerin neden gecikti\u011fini bilmiyoruz. Ancak bize gelen haber, bir s\u00fcre sonra oradan hareket edecekleridir. Biz de say\u0131n Ba\u015fbakan&#8217;\u0131n talimat\u0131yla h\u00fck\u00fcmetimiz ad\u0131na, T\u00fcrkiye&#8217;ye d\u00f6nen g\u00f6n\u00fcll\u00fc yurtta\u015flar\u0131m\u0131z\u0131 kar\u015f\u0131lamak i\u00e7in geldik. Beraberimde komisyon ba\u015fkanlar\u0131 ve milletvekilleri de var. Onlara hem &#8216;ge\u00e7mi\u015f olsun&#8217; diyece\u011fiz hem de T\u00fcrkiye&#8217;ye d\u00f6nd\u00fckleri i\u00e7in onlar\u0131 kucaklay\u0131p selamlar\u0131m\u0131z\u0131 iletece\u011fiz&#8221; diye konu\u015ftu.<\/p>\n<p style=\"text-align: justify;\">&#8220;Gecikmelerinin nedeni bir problemle kar\u015f\u0131la\u015fmalar\u0131 m\u0131, ne t\u00fcr bir problem s\u00f6z konusu?&#8221; sorusu \u00fczerine de Ar\u0131n\u00e7, \u015f\u00f6yle dedi: &#8220;Biliyorsunuz T\u00fcrk g\u00f6n\u00fcll\u00fclerin yan\u0131 s\u0131ra 32 \u00fclkeden ba\u015fka uyruklu g\u00f6n\u00fcll\u00fcler de var. 200&#8217;den fazla ki\u015fi. T\u00fcrk tabiyetli 350&#8217;den fazla ki\u015fi var. Yabanc\u0131lar\u0131n bir k\u0131sm\u0131 T\u00fcrkiye&#8217;ye gelmek istedi. Belki kimlikleri \u00fczerinde olmayan, belki orada kalmay\u0131 isteyen, belki de \u0130srail makamlar\u0131n\u0131n o ki\u015filer hakk\u0131nda bir incelemesi s\u00fcr\u00fcyor olabilir. Bize gelen son haber, 400&#8217;\u00fc a\u015fk\u0131n yurtta\u015f\u0131m\u0131z ve g\u00f6n\u00fcll\u00fclerin biraz sonra T\u00fcrkiye&#8217;ye hareket edecekleri yolunda.&#8221;<\/p>\n<p style=\"text-align: center;\"><a href=\"http:\/\/www.korhanyilmaz.com\/wp-content\/uploads\/2010\/06\/019.jpg\"  class=\"lightview\"><img loading=\"lazy\" decoding=\"async\" class=\"aligncenter size-full wp-image-23372\" src=\"http:\/\/www.korhanyilmaz.com\/wp-content\/uploads\/2010\/06\/019.jpg\" alt=\"\" width=\"383\" height=\"198\" \/><\/a><\/p>\n<p style=\"text-align: justify;\"><strong>Aileler Atat\u00fcrk Havaliman\u0131&#8217;nda topland\u0131 <\/strong><\/p>\n<p style=\"text-align: justify;\">Bu arada, T\u00fcrkiye&#8217;ye gelmesi beklenen aktivistlerin yak\u0131nlar\u0131 da Atat\u00fcrk Havaliman\u0131&#8217;nda toplanmaya ba\u015flad\u0131.<\/p>\n<p style=\"text-align: justify;\">Yolcu yak\u0131nlar\u0131 saat 12.00&#8217;den itibaren Atat\u00fcrk Havaliman\u0131 D\u0131\u015f Hatlar Terminali&#8217;ne geldiler. Ellerinde, T\u00fcrk ve Filistin bayraklar\u0131 ta\u015f\u0131yan vatanda\u015flar, yak\u0131nlar\u0131n\u0131 \u00e7i\u00e7eklerle kar\u015f\u0131lamak i\u00e7in bekliyorlar.<\/p>\n<p style=\"text-align: justify;\">Atat\u00fcrk Havaliman\u0131&#8217;na inen Tel Aviv-\u0130stanbul tarifeli u\u00e7a\u011f\u0131nda ise gemiden herhangi bir yolcu \u00e7\u0131kmad\u0131.<\/p>\n<p style=\"text-align: justify;\"><strong>D\u00f6nen aktivistler anlatt\u0131: &#8220;\u0130nsanl\u0131k d\u0131\u015f\u0131&#8221; <\/strong><\/p>\n<p style=\"text-align: justify;\">\u0130srail&#8217;in yard\u0131m gemilerine yapt\u0131\u011f\u0131 bask\u0131n\u0131n ard\u0131ndan g\u00f6zalt\u0131na ald\u0131\u011f\u0131 yabanc\u0131larda \u00fclkelerine d\u00f6nmeye ba\u015flad\u0131.<\/p>\n<p style=\"text-align: justify;\">Alman ve Yunanl\u0131 aktivistler havaalan\u0131nda ya\u015fad\u0131klar\u0131 &#8220;deh\u015feti&#8221; dakika dakika anlat\u0131rken otob\u00fcsle \u00dcrd\u00fcn&#8217;e g\u00f6nderilen 124 ki\u015fide \u00fclkelerine vard\u0131. Aktivistlerin s\u00f6ylemleri ise ortak: &#8220;Ya\u015fad\u0131klar\u0131m\u0131z insanl\u0131k d\u0131\u015f\u0131&#8221;<\/p>\n<p style=\"text-align: justify;\">Serbest b\u0131rak\u0131lan ilk \u0130rlandal\u0131 Shane Dillon da Dublin&#8217;e d\u00f6nd\u00fc, di\u011ferleri ise bug\u00fcn ya da yar\u0131n d\u00f6necek. Dillon Dublin Havaliman\u0131nda ba\u015flar\u0131ndan ge\u00e7enleri anlatarak,  &#8220;Onlara asker diyemem, ter\u00f6ristlerdi&#8221; dedi.<\/p>\n<p style=\"text-align: justify;\"><strong>\u0130srail T\u00fcrkiye&#8217;deki diplomatlar\u0131n ailelerini \u00e7a\u011f\u0131rd\u0131 <\/strong><\/p>\n<p style=\"text-align: justify;\">Bu arada \u0130srail D\u0131\u015fi\u015fleri Bakanl\u0131\u011f\u0131, T\u00fcrkiye&#8217;deki t\u00fcm diplomatlar\u0131n\u0131n ailelerini geri \u00e7a\u011f\u0131rd\u0131.<\/p>\n<p style=\"text-align: justify;\">\u0130srail ordu radyosu, D\u0131\u015fi\u015fleri Bakanl\u0131\u011f\u0131&#8217;n\u0131n Ankara ve \u0130stanbul&#8217;daki diplomatlar\u0131n\u0131n ailelerinin d\u00fcn ak\u015fam \u0130srail&#8217;e getirilmeye ba\u015flad\u0131\u011f\u0131n\u0131 duyurdu.<\/p>\n<p style=\"text-align: justify;\"><strong>\u0130HH&#8217;nin web sitesi \u00e7\u00f6kertildi <\/strong><\/p>\n<p style=\"text-align: justify;\">\u0130srail&#8217;in, Gazze&#8217;ye yard\u0131m g\u00f6t\u00fcren konvoya sald\u0131r\u0131s\u0131ndan k\u0131sa s\u00fcre \u00f6nce \u0130nsan Hak ve H\u00fcrriyetleri (\u0130HH) \u0130nsani Yard\u0131m Vakf\u0131&#8217;n\u0131n web sitesinin \u00e7\u00f6kertildi\u011fi bildirildi.<\/p>\n<p style=\"text-align: justify;\">\u0130HH \u0130nsani Yard\u0131m Vakf\u0131ndan yap\u0131lan a\u00e7\u0131klamada, &#8220;\u0130nternet \u00fczerinde son derece etkin oldu\u011fu bilinen \u0130srailliler, sald\u0131r\u0131dan hemen \u00f6nce vakfa ait web sitesini \u00e7\u00f6kerterek, d\u0131\u015f d\u00fcnyan\u0131n ger\u00e7ek bilgilere ula\u015fmas\u0131n\u0131 engellemi\u015f oldu&#8221; denildi.<\/p>\n<p style=\"text-align: justify;\"><span style=\"color: #888888;\">CNN T\u00dcRK<\/span><\/p>\n","protected":false},"excerpt":{"rendered":"<p style=\"text-align: justify;\">\n<p style=\"text-align: center;\">\n<p style=\"text-align: justify;\">\u0130srail&#8217;in Gazze&#8217;ye yard\u0131m ta\u015f\u0131yan gemilere sald\u0131r\u0131s\u0131nda yaralananlardan ikisi T\u00fcrkiye&#8217;ye getirildi. \u0130ki yaral\u0131y\u0131 ta\u015f\u0131yan Sa\u011fl\u0131k Bakanl\u0131\u011f\u0131na ait ambulans u\u00e7ak Etimesgut Havaalan\u0131&#8217;na indi. 17 yaral\u0131 ise CASA tipi iki askeri u\u00e7akla saat 22.45&#8217;te \u0130srail&#8217;den yola \u00e7\u0131kt\u0131.<\/p>\n","protected":false},"author":1,"featured_media":0,"comment_status":"open","ping_status":"closed","sticky":false,"template":"","format":"standard","meta":{"footnotes":""},"categories":[105],"tags":[],"class_list":["post-23371","post","type-post","status-publish","format-standard","hentry","category-gundem","odd"],"_links":{"self":[{"href":"http:\/\/www.korhanyilmaz.com\/index.php?rest_route=\/wp\/v2\/posts\/23371","targetHints":{"allow":["GET"]}}],"collection":[{"href":"http:\/\/www.korhanyilmaz.com\/index.php?rest_route=\/wp\/v2\/posts"}],"about":[{"href":"http:\/\/www.korhanyilmaz.com\/index.php?rest_route=\/wp\/v2\/types\/post"}],"author":[{"embeddable":true,"href":"http:\/\/www.korhanyilmaz.com\/index.php?rest_route=\/wp\/v2\/users\/1"}],"replies":[{"embeddable":true,"href":"http:\/\/www.korhanyilmaz.com\/index.php?rest_route=%2Fwp%2Fv2%2Fcomments&post=23371"}],"version-history":[{"count":0,"href":"http:\/\/www.korhanyilmaz.com\/index.php?rest_route=\/wp\/v2\/posts\/23371\/revisions"}],"wp:attachment":[{"href":"http:\/\/www.korhanyilmaz.com\/index.php?rest_route=%2Fwp%2Fv2%2Fmedia&parent=23371"}],"wp:term":[{"taxonomy":"category","embeddable":true,"href":"http:\/\/www.korhanyilmaz.com\/index.php?rest_route=%2Fwp%2Fv2%2Fcategories&post=23371"},{"taxonomy":"post_tag","embeddable":true,"href":"http:\/\/www.korhanyilmaz.com\/index.php?rest_route=%2Fwp%2Fv2%2Ftags&post=23371"}],"curies":[{"name":"wp","href":"https:\/\/api.w.org\/{rel}","templated":true}]}}