{"id":23367,"date":"2010-06-03T08:09:27","date_gmt":"2010-06-03T05:09:27","guid":{"rendered":"http:\/\/www.korhanyilmaz.com\/?p=23367"},"modified":"2010-06-03T08:09:27","modified_gmt":"2010-06-03T05:09:27","slug":"ihh-vakfi-baskani-kayiplar-var","status":"publish","type":"post","link":"http:\/\/www.korhanyilmaz.com\/?p=23367","title":{"rendered":"\u0130HH Vakf\u0131 Ba\u015fkan\u0131: &#8221;Kay\u0131plar var&#8221;"},"content":{"rendered":"<p style=\"text-align: center;\"><a href=\"http:\/\/www.korhanyilmaz.com\/wp-content\/uploads\/2010\/06\/018.jpg\"  class=\"lightview\"><img loading=\"lazy\" decoding=\"async\" class=\"size-full wp-image-23368 aligncenter\" src=\"http:\/\/www.korhanyilmaz.com\/wp-content\/uploads\/2010\/06\/018.jpg\" alt=\"\" width=\"307\" height=\"236\" \/><\/a><\/p>\n<p style=\"text-align: justify;\">\u0130nsan Hak ve H\u00fcrriyetleri (\u0130HH) \u0130nsani Yard\u0131m Vakf\u0131 Ba\u015fkan\u0131 B\u00fclent Y\u0131ld\u0131r\u0131m, &#8220;\u015eu ana kadar bize 9 \u015fehit cenazesi verdiler ama bizdeki liste daha kabar\u0131k. Kay\u0131plar var&#8221; dedi.<\/p>\n<p style=\"text-align: justify;\">Gazze&#8217;ye insani yard\u0131m ta\u015f\u0131yan ve \u0130srail&#8217;in sald\u0131r\u0131s\u0131na u\u011frayan &#8220;Mavi Marmara&#8221; gemisinde bulunan Y\u0131ld\u0131r\u0131m, Atat\u00fcrk Havaliman\u0131&#8217;nda gazetecilere a\u00e7\u0131klama yapt\u0131. <!--more--><\/p>\n<p style=\"text-align: justify;\">Olay an\u0131n\u0131 anlatan Y\u0131ld\u0131r\u0131m, sabah ezan\u0131nda \u0130srailli askerlerin havadan u\u00e7ak ve denizden botlarla sald\u0131r\u0131ya ba\u015flad\u0131klar\u0131n\u0131 dile getirdi.<\/p>\n<p style=\"text-align: justify;\">\u00d6nce bir g\u00f6steri yap\u0131ld\u0131\u011f\u0131n\u0131 zannettiklerini vurgulayan Y\u0131ld\u0131r\u0131m, &#8220;Birden bire gemiye indirme yapt\u0131lar. Arkada\u015flar\u0131m\u0131z sadece sivil direni\u015f g\u00f6sterdi. B\u00fct\u00fcn bas\u0131n oradayd\u0131. &#8216;Kol kola girin, onlar\u0131 i\u00e7eri almay\u0131n&#8217; dedik&#8221; \u015feklinde konu\u015ftu.<\/p>\n<p style=\"text-align: justify;\">Y\u0131ld\u0131r\u0131m, \u0130srail&#8217;in en yeti\u015fmi\u015f, en \u00fcst tim ve komandolar\u0131na kar\u015f\u0131 demir sopalarla me\u015fru m\u00fcdafaa yapt\u0131klar\u0131n\u0131 kaydetti.<\/p>\n<p style=\"text-align: justify;\">\u0130srail&#8217;in, ilk 35 dakika silah kullanmad\u0131klar\u0131n\u0131 iddia etti\u011fini s\u00f6yleyen Y\u0131ld\u0131r\u0131m, at\u0131lan gaz bombas\u0131ndan bir\u00e7ok ki\u015finin yaraland\u0131\u011f\u0131n\u0131, ayr\u0131ca ilk kullan\u0131lan mermilerin plastik ve ucu ince \u00e7iviye benzer mermiler oldu\u011funu aktard\u0131.<\/p>\n<p style=\"text-align: justify;\">Y\u0131ld\u0131r\u0131m, &#8220;Cevdet karde\u015fimiz \u015fehit olmu\u015ftur. Bas\u0131n mensubudur. Sadece foto\u011fraf \u00e7ekiyordu. Fazla de\u011fil bir metreden vuruldu ve beyni par\u00e7aland\u0131&#8221; diye konu\u015ftu.<\/p>\n<p style=\"text-align: justify;\">Gemiye ilk inenlerden 10&#8217;unun etkisiz hale getirildi\u011fini anlatan Y\u0131ld\u0131r\u0131m, &#8220;Evet silahlar\u0131n\u0131 ald\u0131k. Silahlar\u0131n\u0131 kullansak bile yine me\u015fru m\u00fcdafaad\u0131r yapt\u0131\u011f\u0131m\u0131z. Buna ra\u011fmen biz onlardan ald\u0131\u011f\u0131m\u0131z silahlar\u0131n hepsini denize att\u0131k&#8221; dedi.<\/p>\n<p style=\"text-align: justify;\">Y\u0131ld\u0131r\u0131m, sorguda da \u0130srailli yetkililere, &#8220;D\u00fcnyada \u0130srail ordusunun g\u00fc\u00e7l\u00fc bir imaj\u0131 var deniyor ama birka\u00e7 tane g\u00f6n\u00fcll\u00fc bile sizin ordular\u0131n\u0131z\u0131n silahlar\u0131n\u0131 ellerinden al\u0131p denize att\u0131. Siz kendi kendinizi rezil ettiniz&#8221; dedi\u011fini dile getirdi.<\/p>\n<p style=\"text-align: justify;\">B\u00fclent Y\u0131ld\u0131r\u0131m, konu\u015fmas\u0131n\u0131 \u015f\u00f6yle s\u00fcrd\u00fcrd\u00fc:<\/p>\n<p style=\"text-align: justify;\">&#8220;Arkada\u015flar\u0131m\u0131zdan biri teslim olduktan sonra vuruldu ne yaz\u0131k ki. Onun g\u00f6r\u00fcnt\u00fcs\u00fcn\u00fc alamad\u0131k. \u0130nsanl\u0131k ad\u0131na hi\u00e7bir \u015fey yoktu orada. Bakt\u0131m olacak gibi de\u011fil, beyaz g\u00f6mle\u011fimi \u00e7\u0131kar\u0131p sallad\u0131m. Beyaz bayra\u011f\u0131 g\u00f6r\u00fcnce &#8216;dururlar&#8217; dedik ama \u00f6yle olmad\u0131. \u015eu ana kadar bize 9 \u015fehit cenazesi verdiler ama bizdeki liste daha kabar\u0131k. Kay\u0131plar var. 38 yaral\u0131y\u0131 doktor arkada\u015flar elleriyle teslim etti, d\u00f6n\u00fc\u015fte bize 21 yaral\u0131 var diyorlar.&#8221;<\/p>\n<p style=\"text-align: justify;\">B\u00fct\u00fcn d\u00fcnyaya internet \u00fczerinden canl\u0131 yay\u0131n yapt\u0131klar\u0131n\u0131, \u0130srail&#8217;in ger\u00e7ek y\u00fcz\u00fcn\u00fcn g\u00f6r\u00fcld\u00fc\u011f\u00fcn\u00fc ifade eden Y\u0131ld\u0131r\u0131m, konu\u015fmas\u0131n\u0131 \u015f\u00f6yle s\u00fcrd\u00fcrd\u00fc:<\/p>\n<p style=\"text-align: justify;\">&#8220;Biz hukukun d\u0131\u015f\u0131na hi\u00e7 \u00e7\u0131kmad\u0131k, onlar elimize ge\u00e7ti\u011fi zaman tedavi yap\u0131p sular\u0131n\u0131 verdik ama onlar ellerine ge\u00e7en arkada\u015flar\u0131m\u0131z\u0131 \u00f6ld\u00fcrd\u00fcler. Baz\u0131 arkada\u015flar\u0131m\u0131z\u0131 denize att\u0131lar. Askerlerini tedavi eden doktoru bile kur\u015funlad\u0131lar. Sonra teslim olduk hep beraber. Kad\u0131nlar olmasa biz teslim olmazd\u0131k. T\u00fcm arkada\u015flar\u0131m\u0131 kutluyorum, hi\u00e7biri geri ad\u0131m atmad\u0131. Bir ya\u015f\u0131ndaki \u00e7ocu\u011fu anne ve babas\u0131ndan ay\u0131rd\u0131lar. Buna ra\u011fmen geri ad\u0131m at\u0131lmad\u0131.&#8221;<\/p>\n<p style=\"text-align: justify;\">Teslim olmalar\u0131n\u0131n ard\u0131ndan \u0130srailli askerlerin s\u00fcrekli hakaretlerde bulundu\u011funu, insanlar\u0131n tuvalet ihtiyac\u0131na bile gidemedi\u011fini anlatan Y\u0131ld\u0131r\u0131m, daha sonra herkesi geminin ikinci kat\u0131na ald\u0131klar\u0131n\u0131, ellerini arkadan ba\u011flad\u0131klar\u0131n\u0131, maksatl\u0131 olarak helikopteri geminin \u00fczerinde d\u00f6nd\u00fcrd\u00fcklerini belirtti.<\/p>\n<p style=\"text-align: justify;\">Y\u0131ld\u0131r\u0131m, s\u00f6zlerini \u015f\u00f6yle tamamlad\u0131: &#8220;B\u00fct\u00fcn i\u015fkencelerin ard\u0131ndan g\u00f6nl\u00fcm\u00fcz\u00fc almaya ba\u015flad\u0131lar, \u00e7\u00fcnk\u00fc T\u00fcrkiye ve d\u00fcnya aya\u011fa kalkt\u0131. \u015eehit verdik diye korkmuyoruz, bu ambargo kalkana kadar devam edece\u011fiz, insanl\u0131\u011f\u0131n kazand\u0131\u011f\u0131n\u0131 hep beraber g\u00f6rece\u011fiz. Bu ambargonun kalkmas\u0131 i\u00e7in vaktini bizim tayin edece\u011fimiz daha b\u00fcy\u00fck konvoylarla denizden ve karadan b\u00fct\u00fcn d\u00fcnyay\u0131 harekete ge\u00e7iririz.&#8221;<\/p>\n<p style=\"text-align: justify;\"><span style=\"color: #888888;\">CNN T\u00dcRK<\/span><\/p>\n","protected":false},"excerpt":{"rendered":"<p style=\"text-align: center;\">\n<p style=\"text-align: justify;\">\u0130nsan Hak ve H\u00fcrriyetleri (\u0130HH) \u0130nsani Yard\u0131m Vakf\u0131 Ba\u015fkan\u0131 B\u00fclent Y\u0131ld\u0131r\u0131m, &#8220;\u015eu ana kadar bize 9 \u015fehit cenazesi verdiler ama bizdeki liste daha kabar\u0131k. Kay\u0131plar var&#8221; dedi.<\/p>\n<p style=\"text-align: justify;\">Gazze&#8217;ye insani yard\u0131m ta\u015f\u0131yan ve \u0130srail&#8217;in sald\u0131r\u0131s\u0131na u\u011frayan &#8220;Mavi Marmara&#8221; gemisinde bulunan Y\u0131ld\u0131r\u0131m, Atat\u00fcrk Havaliman\u0131&#8217;nda gazetecilere a\u00e7\u0131klama yapt\u0131. <\/p>\n","protected":false},"author":1,"featured_media":0,"comment_status":"open","ping_status":"closed","sticky":false,"template":"","format":"standard","meta":{"footnotes":""},"categories":[105],"tags":[],"class_list":["post-23367","post","type-post","status-publish","format-standard","hentry","category-gundem","odd"],"_links":{"self":[{"href":"http:\/\/www.korhanyilmaz.com\/index.php?rest_route=\/wp\/v2\/posts\/23367","targetHints":{"allow":["GET"]}}],"collection":[{"href":"http:\/\/www.korhanyilmaz.com\/index.php?rest_route=\/wp\/v2\/posts"}],"about":[{"href":"http:\/\/www.korhanyilmaz.com\/index.php?rest_route=\/wp\/v2\/types\/post"}],"author":[{"embeddable":true,"href":"http:\/\/www.korhanyilmaz.com\/index.php?rest_route=\/wp\/v2\/users\/1"}],"replies":[{"embeddable":true,"href":"http:\/\/www.korhanyilmaz.com\/index.php?rest_route=%2Fwp%2Fv2%2Fcomments&post=23367"}],"version-history":[{"count":0,"href":"http:\/\/www.korhanyilmaz.com\/index.php?rest_route=\/wp\/v2\/posts\/23367\/revisions"}],"wp:attachment":[{"href":"http:\/\/www.korhanyilmaz.com\/index.php?rest_route=%2Fwp%2Fv2%2Fmedia&parent=23367"}],"wp:term":[{"taxonomy":"category","embeddable":true,"href":"http:\/\/www.korhanyilmaz.com\/index.php?rest_route=%2Fwp%2Fv2%2Fcategories&post=23367"},{"taxonomy":"post_tag","embeddable":true,"href":"http:\/\/www.korhanyilmaz.com\/index.php?rest_route=%2Fwp%2Fv2%2Ftags&post=23367"}],"curies":[{"name":"wp","href":"https:\/\/api.w.org\/{rel}","templated":true}]}}