{"id":23361,"date":"2010-06-03T07:42:11","date_gmt":"2010-06-03T04:42:11","guid":{"rendered":"http:\/\/www.korhanyilmaz.com\/?p=23361"},"modified":"2010-06-03T07:42:11","modified_gmt":"2010-06-03T04:42:11","slug":"yardim-gemisindeki-gonulluler-istanbulda","status":"publish","type":"post","link":"http:\/\/www.korhanyilmaz.com\/?p=23361","title":{"rendered":"Yard\u0131m gemisindeki g\u00f6n\u00fcll\u00fcler \u0130stanbul&#8217;da"},"content":{"rendered":"<p style=\"text-align: justify;\"><a href=\"http:\/\/www.korhanyilmaz.com\/wp-content\/uploads\/2010\/06\/015.jpg\"  class=\"lightview\"><img loading=\"lazy\" decoding=\"async\" class=\"aligncenter size-full wp-image-23362\" src=\"http:\/\/www.korhanyilmaz.com\/wp-content\/uploads\/2010\/06\/015.jpg\" alt=\"\" width=\"307\" height=\"236\" \/><\/a><\/p>\n<p style=\"text-align: justify;\">Gazze&#8217;ye yard\u0131m g\u00f6t\u00fcren ve \u0130srail&#8217;in sald\u0131r\u0131s\u0131na u\u011frayan gemilerdeki g\u00f6n\u00fcll\u00fcleri ta\u015f\u0131yan u\u00e7aklardan ilki, \u0130stanbul Atat\u00fcrk Havaliman\u0131&#8217;na geldi. G\u00f6n\u00fcll\u00fclerin bir b\u00f6l\u00fcm\u00fc, Atat\u00fcrk Havaliman\u0131&#8217;ndan ambulanslarla Adli T\u0131p Kurumu&#8217;na g\u00f6t\u00fcr\u00fcld\u00fc. <!--more--><\/p>\n<p style=\"text-align: justify;\">THY&#8217;ye ait 3 u\u00e7akla gelen 466 g\u00f6n\u00fcll\u00fcyle birlikte, onlara yard\u0131mc\u0131 olmak amac\u0131yla \u0130srail&#8217;e giden 4 milletvekili de Atat\u00fcrk Havaliman\u0131&#8217;na geldi.<\/p>\n<p style=\"text-align: justify;\">Devlet Bakan\u0131 ve Ba\u015fbakan Yard\u0131mc\u0131s\u0131 Ar\u0131n\u00e7, TBMM \u0130nsan Haklar\u0131 Komisyonu Ba\u015fkan\u0131 Zafer \u00dcsk\u00fcl, Nusret Bayraktar, Ali Bayramo\u011flu ve Murat Y\u0131ld\u0131r\u0131m&#8217;\u0131n da aralar\u0131nda bulundu\u011fu baz\u0131 milletvekilleri, \u0130stanbul Valisi H\u00fcseyin Avni Mutlu, B\u00fcy\u00fck\u015fehir Belediye Ba\u015fkan\u0131 Kadir Topba\u015f, Merkez Valisi H\u00fcseyin \u00c7apk\u0131n, Atat\u00fcrk Havaliman\u0131 M\u00fclki \u0130dare Amiri Mehmet Ali Uluta\u015f ve di\u011fer g\u00f6revliler, Devlet Konukevi yak\u0131n\u0131ndaki aprona park eden u\u00e7aklara giderek, gelen g\u00f6n\u00fcll\u00fcleri kar\u015f\u0131lad\u0131.<\/p>\n<p style=\"text-align: justify;\">G\u00f6n\u00fcll\u00fcler, THY&#8217;ye ait &#8220;Ad\u0131yaman&#8221;, &#8220;Anadolu&#8221; ve &#8220;K\u00fctahya&#8221; u\u00e7aklar\u0131yla \u0130stanbul&#8217;a geldi.<\/p>\n<p style=\"text-align: justify;\">&#8220;Anadolu&#8221; u\u00e7a\u011f\u0131na binen B\u00fclent Ar\u0131n\u00e7, yaral\u0131lara acil \u015fifalar diledi, g\u00f6n\u00fcll\u00fclere de &#8220;Ho\u015f geldiniz&#8221; dedi.<\/p>\n<p style=\"text-align: justify;\">Ar\u0131n\u00e7 ve beraberindekiler, daha sonra Devlet Konukevi&#8217;ne ge\u00e7ti.<\/p>\n<p style=\"text-align: justify;\">Bu arada, \u0130srail a\u00e7\u0131klar\u0131ndaki bask\u0131nda hayat\u0131n\u0131 kaybeden 9 ki\u015finin cenazesi de 5 adet Adli T\u0131p cenaze nakil arac\u0131na al\u0131narak, alandan Adli T\u0131p Kurumu morguna g\u00f6t\u00fcr\u00fcld\u00fc.<\/p>\n<p style=\"text-align: justify;\"><strong>Gazetecilere kar\u015f\u0131lama <\/strong><\/p>\n<p style=\"text-align: justify;\">Ar\u0131n\u00e7 ve beraberindekiler, u\u00e7aklarla gelen, AA muhabiri Y\u00fccel Velio\u011flu ile AA foto muhabiri Erhan Sevenler&#8217;in de aralar\u0131nda bulundu\u011fu gazetecileri Devlet Konukevi \u00f6n\u00fcnde kar\u015f\u0131layarak, &#8220;ge\u00e7mi\u015f olsun&#8221; dile\u011finde bulundu.<\/p>\n<p style=\"text-align: justify;\">Gazeteciler el sallayarak, kendilerini g\u00f6r\u00fcnt\u00fcleyen meslekta\u015flar\u0131n\u0131 selamlarken, baz\u0131 gazetecilerin de zafer i\u015fareti yapt\u0131klar\u0131 g\u00f6r\u00fcld\u00fc.<\/p>\n<p style=\"text-align: justify;\">Ard\u0131ndan, \u0130srail&#8217;den gelen \u0130HH \u0130nsani Yard\u0131m Vakf\u0131 Ba\u015fkan\u0131 B\u00fclent Y\u0131ld\u0131r\u0131m, \u0130HH g\u00f6revlileri ve baz\u0131 g\u00f6n\u00fcll\u00fcler de B\u00fclent Ar\u0131n\u00e7 ve beraberindekiler taraf\u0131ndan Devlet Konukevi&#8217;nde kar\u015f\u0131land\u0131.<\/p>\n<p style=\"text-align: justify;\">U\u00e7akta bulunan yaral\u0131lar ambulanslara al\u0131nd\u0131klar\u0131 s\u0131rada baz\u0131 yaral\u0131lar zafer i\u015fareti yapt\u0131.<\/p>\n<p style=\"text-align: justify;\">Baz\u0131 g\u00f6n\u00fcll\u00fcler Devlet Konukevi&#8217;ne girerken, bu s\u0131rada \u0130talyan aktivistler zafer i\u015fareti yaparak, &#8220;Ter\u00f6rist \u0130srail&#8221; slogan\u0131 att\u0131.<\/p>\n<p style=\"text-align: justify;\"><strong><a href=\"http:\/\/www.korhanyilmaz.com\/wp-content\/uploads\/2010\/06\/016.jpg\"  class=\"lightview\"><img loading=\"lazy\" decoding=\"async\" class=\"alignleft size-full wp-image-23363\" style=\"margin-left: 10px; margin-right: 10px;\" src=\"http:\/\/www.korhanyilmaz.com\/wp-content\/uploads\/2010\/06\/016.jpg\" alt=\"\" width=\"292\" height=\"208\" \/><\/a>Adli T\u0131p&#8217;a g\u00f6nderildiler <\/strong><\/p>\n<p style=\"text-align: justify;\">G\u00f6n\u00fcll\u00fcler, pasaport ve kimlik kontrollerinin ard\u0131ndan otob\u00fcslerle Adli T\u0131p Kurumuna g\u00f6nderildi.<\/p>\n<p style=\"text-align: justify;\">G\u00f6n\u00fcll\u00fcler kuruma girerken, yak\u0131nlar\u0131n\u0131 otob\u00fcs\u00fcn i\u00e7inden el sallayarak ve zafer i\u015fareti yaparak selamlad\u0131. Bu s\u0131rada g\u00f6n\u00fcll\u00fclerin yak\u0131nlar\u0131 &#8220;Di\u015fe di\u015f kana kan, intikam intikam&#8221;, &#8220;Siyonist \u0130srail hesap verecek&#8221; \u015feklinde sloganlar att\u0131.<\/p>\n<p style=\"text-align: justify;\">Adli T\u0131p Kurumu&#8217;nun giri\u015fine Anadolu&#8217;da Vakit Gazetesi &#8220;Gazze M\u00fccahitleri Ho\u015f geldiniz&#8221;, Fatih Ak\u0131nc\u0131lar\u0131 da &#8220;Karde\u015flerimiz canlar\u0131m\u0131z gazan\u0131z m\u00fcbarek olsun, ho\u015f geldiniz&#8221; \u015feklinde pankartlar a\u00e7t\u0131.<\/p>\n<p style=\"text-align: justify;\">Otob\u00fcslerin giri\u015finin tamamlanmas\u0131n\u0131n ard\u0131ndan bir s\u00fcre havai fi\u015fek g\u00f6sterisi yap\u0131ld\u0131.<\/p>\n<p style=\"text-align: justify;\">\u0130srail&#8217;den gelen g\u00f6n\u00fcll\u00fcler, sa\u011fl\u0131k kontrol\u00fcn\u00fcn ard\u0131ndan yak\u0131nlar\u0131yla g\u00f6r\u00fc\u015fecek.<\/p>\n<p style=\"text-align: justify;\">Bu arada, \u0130stanbul Valisi H\u00fcseyin Avni Mutlu ile Merkez Valisi H\u00fcseyin \u00c7apk\u0131n da Adli T\u0131p Kurumu&#8217;na geldi.<\/p>\n<p style=\"text-align: justify;\"><strong>Cenazeler de T\u00fcrkiye&#8217;de <\/strong><\/p>\n<p style=\"text-align: justify;\">Gazze&#8217;ye gemilerle yard\u0131m g\u00f6t\u00fcrd\u00fckleri s\u0131rada \u0130srail&#8217;in sald\u0131r\u0131s\u0131nda hayat\u0131n\u0131 kaybeden 9 g\u00f6n\u00fcll\u00fcn\u00fcn cenazesi de Adli T\u0131p Kurumuna getirildi.<\/p>\n<p style=\"text-align: justify;\">Cenazeleri ta\u015f\u0131yan 5 Adli T\u0131p Kurumu cenaze nakil arac\u0131, tekbir sesleri e\u015fli\u011finde kuruma giri\u015f yapt\u0131.<\/p>\n<p style=\"text-align: justify;\">G\u00f6n\u00fcll\u00fclerin yak\u0131nlar\u0131, &#8220;Siyonist \u0130srail hesap verecek&#8221; \u015feklinde sloganlar att\u0131.<\/p>\n<p style=\"text-align: justify;\"><strong>Adli T\u0131p&#8217;ta ekipler haz\u0131r <\/strong><\/p>\n<p style=\"text-align: justify;\">Adalet Bakanl\u0131\u011f\u0131 Adli T\u0131p Kurumu Ba\u015fkan\u0131 Haluk \u0130nce, \u0130srail&#8217;in Gazze&#8217;ye yard\u0131m g\u00f6t\u00fcren gemilere sald\u0131r\u0131s\u0131n\u0131n ard\u0131ndan \u0130stanbul&#8217;a gelen aktivistleri muayene etmek \u00fczere 150 ki\u015filik ekibin haz\u0131r bekledi\u011fini belirtti.<\/p>\n<p style=\"text-align: justify;\">Valilik, B\u00fcy\u00fck\u015fehir Belediyesi, Sa\u011fl\u0131k M\u00fcd\u00fcrl\u00fc\u011f\u00fc ile i\u015fbirli\u011fi halinde haz\u0131rl\u0131klar\u0131n\u0131 y\u00fcr\u00fctt\u00fcklerini anlatan \u0130nce, &#8220;Bir hastaya 3 hekimden olu\u015fan bir ekip bakacak. Bunlar\u0131n i\u00e7inde Adli T\u0131p Kurumu uzman\u0131 ve psikiyatri uzman\u0131 da bulunuyor&#8221; dedi.<\/p>\n<p style=\"text-align: justify;\">Bir hastan\u0131n muayenesinin yar\u0131m saat ile 45 dakika aras\u0131nda s\u00fcrece\u011fini ifade eden \u0130nce, hastalarda travmatik bulgu olup olmad\u0131\u011f\u0131n\u0131 da inceleyeceklerini kaydetti.<\/p>\n<p style=\"text-align: justify;\">Hastalar\u0131n problemlerini \u00e7\u00f6zmek i\u00e7in seferber olduklar\u0131n\u0131 belirten \u0130nce, hastalara \u0130stanbul Protokol\u00fc denilen BM Protokol\u00fc kapsam\u0131nda muayene yap\u0131laca\u011f\u0131n\u0131 bildirdi.<\/p>\n<p style=\"text-align: justify;\">Bu arada, aktivistlerin yak\u0131nlar\u0131 Adli T\u0131p Kurumu&#8217;nun bah\u00e7esine yap\u0131lan \u00fcst aramas\u0131n\u0131n ard\u0131ndan al\u0131nmaya ba\u015fland\u0131. Adli T\u0131p Kurumu&#8217;nda, T\u00fcrkiye Atom Enerjisi Kurumu \u00d6l\u00e7\u00fcm Arac\u0131, \u0130SK\u0130 ekipleri, itfaiye ekipleri, Ulusal Medikal Kurtarma Ekipleri, \u00e7ekici, ambulanslar bekletiliyor.<\/p>\n<p style=\"text-align: justify;\"><span style=\"color: #888888;\">CNN T\u00dcRK<\/span><\/p>\n","protected":false},"excerpt":{"rendered":"<p style=\"text-align: justify;\">\n<p style=\"text-align: justify;\">Gazze&#8217;ye yard\u0131m g\u00f6t\u00fcren ve \u0130srail&#8217;in sald\u0131r\u0131s\u0131na u\u011frayan gemilerdeki g\u00f6n\u00fcll\u00fcleri ta\u015f\u0131yan u\u00e7aklardan ilki, \u0130stanbul Atat\u00fcrk Havaliman\u0131&#8217;na geldi. G\u00f6n\u00fcll\u00fclerin bir b\u00f6l\u00fcm\u00fc, Atat\u00fcrk Havaliman\u0131&#8217;ndan ambulanslarla Adli T\u0131p Kurumu&#8217;na g\u00f6t\u00fcr\u00fcld\u00fc. <\/p>\n","protected":false},"author":1,"featured_media":0,"comment_status":"open","ping_status":"closed","sticky":false,"template":"","format":"standard","meta":{"footnotes":""},"categories":[105],"tags":[],"class_list":["post-23361","post","type-post","status-publish","format-standard","hentry","category-gundem","odd"],"_links":{"self":[{"href":"http:\/\/www.korhanyilmaz.com\/index.php?rest_route=\/wp\/v2\/posts\/23361","targetHints":{"allow":["GET"]}}],"collection":[{"href":"http:\/\/www.korhanyilmaz.com\/index.php?rest_route=\/wp\/v2\/posts"}],"about":[{"href":"http:\/\/www.korhanyilmaz.com\/index.php?rest_route=\/wp\/v2\/types\/post"}],"author":[{"embeddable":true,"href":"http:\/\/www.korhanyilmaz.com\/index.php?rest_route=\/wp\/v2\/users\/1"}],"replies":[{"embeddable":true,"href":"http:\/\/www.korhanyilmaz.com\/index.php?rest_route=%2Fwp%2Fv2%2Fcomments&post=23361"}],"version-history":[{"count":0,"href":"http:\/\/www.korhanyilmaz.com\/index.php?rest_route=\/wp\/v2\/posts\/23361\/revisions"}],"wp:attachment":[{"href":"http:\/\/www.korhanyilmaz.com\/index.php?rest_route=%2Fwp%2Fv2%2Fmedia&parent=23361"}],"wp:term":[{"taxonomy":"category","embeddable":true,"href":"http:\/\/www.korhanyilmaz.com\/index.php?rest_route=%2Fwp%2Fv2%2Fcategories&post=23361"},{"taxonomy":"post_tag","embeddable":true,"href":"http:\/\/www.korhanyilmaz.com\/index.php?rest_route=%2Fwp%2Fv2%2Ftags&post=23361"}],"curies":[{"name":"wp","href":"https:\/\/api.w.org\/{rel}","templated":true}]}}