{"id":23357,"date":"2010-06-02T21:05:13","date_gmt":"2010-06-02T18:05:13","guid":{"rendered":"http:\/\/www.korhanyilmaz.com\/?p=23357"},"modified":"2010-06-02T21:05:13","modified_gmt":"2010-06-02T18:05:13","slug":"chpde-simdi-de-gursel-tekin-krizi","status":"publish","type":"post","link":"http:\/\/www.korhanyilmaz.com\/?p=23357","title":{"rendered":"CHP&#8217;de \u015fimdi de G\u00fcrsel Tekin krizi"},"content":{"rendered":"<p style=\"text-align: center;\"><a href=\"http:\/\/www.korhanyilmaz.com\/wp-content\/uploads\/2010\/06\/tekin.jpg\"  class=\"lightview\"><img loading=\"lazy\" decoding=\"async\" class=\"aligncenter size-full wp-image-23359\" src=\"http:\/\/www.korhanyilmaz.com\/wp-content\/uploads\/2010\/06\/tekin.jpg\" alt=\"\" width=\"307\" height=\"236\" \/><\/a><\/p>\n<p style=\"text-align: justify;\">CHP&#8217;de G\u00fcrsel Tekin krizi devam ediyor. Tekin&#8217;in, MYK listesine al\u0131nmamas\u0131n\u0131n ard\u0131ndan, il ba\u015fkanl\u0131\u011f\u0131na geri d\u00f6nme ihtimali, \u0130stanbul parti te\u015fkilat\u0131n\u0131 b\u00f6ld\u00fc. 27 il\u00e7e ba\u015fkan\u0131 genel merkeze giderek, Kemal K\u0131l\u0131\u00e7daro\u011flu ve \u00d6nder Sav ile g\u00f6r\u00fc\u015ft\u00fc. Bu ziyaret parti kulislerinde &#8220;Tekin&#8217;in yeniden il ba\u015fkan\u0131 olmamas\u0131 i\u00e7in ba\u015flat\u0131lan giri\u015fimin ilk aya\u011f\u0131&#8221; olarak yorumland\u0131. <!--more--><\/p>\n<p style=\"text-align: justify;\">Parti Meclisi&#8217;ne se\u00e7ildi ama MYK&#8217;ya al\u0131nmad\u0131.<\/p>\n<p style=\"text-align: justify;\">\u00d6nder Sav ile ya\u015fad\u0131\u011f\u0131 gerginlik nedeni ile liste d\u0131\u015f\u0131 b\u0131rak\u0131ld\u0131\u011f\u0131 s\u00f6ylendi.<\/p>\n<p style=\"text-align: justify;\">G\u00fcrsel Tekin o g\u00fcn genel merkezden ne yapaca\u011f\u0131 sorusunu a\u00e7\u0131kta b\u0131rakarak ayr\u0131ld\u0131.<\/p>\n<p style=\"text-align: justify;\">Ama yeniden il ba\u015fkan\u0131 olma ihtimali \u015fimdi de \u0130stanbul il te\u015fkilat\u0131n\u0131 b\u00f6ld\u00fc. 39 il\u00e7e ba\u015fkan\u0131n\u0131n 27&#8217;si Ankara&#8217;ya genel merkeze giderek K\u0131l\u0131\u00e7daro\u011flu ve \u00d6nder Sav ile g\u00f6r\u00fc\u015ft\u00fc.<\/p>\n<p style=\"text-align: justify;\">Ziyaretteki konu ba\u015fl\u0131klar\u0131 aras\u0131nda G\u00fcrsel Tekin&#8217;in olmad\u0131\u011f\u0131n\u0131 s\u00f6ylediler ama &#8220;G\u00fcrsel Tekin&#8217;in il ba\u015fkanl\u0131\u011f\u0131na kar\u015f\u0131 m\u0131s\u0131n\u0131z?&#8221; sorusuna da net yan\u0131t vermediler.<\/p>\n<p style=\"text-align: justify;\">Ama parti kulislerine ziyaret farkl\u0131 yans\u0131d\u0131.<\/p>\n<p style=\"text-align: justify;\">27 il\u00e7e ba\u015fkan\u0131n\u0131n &#8220;G\u00fcrsel Tekin yeniden il ba\u015fkan\u0131 olmas\u0131n&#8221; ata\u011f\u0131na ge\u00e7ti\u011fi \u00f6ne s\u00fcr\u00fcld\u00fc.<\/p>\n<p style=\"text-align: justify;\">Tekin&#8217;in genel ba\u015fkan de\u011fi\u015fimi s\u00fcrecini konjont\u00fcre uygun ta\u015f\u0131yamad\u0131\u011f\u0131, blok liste giri\u015fimini \u0130stanbul \u00f6rg\u00fct\u00fc ile payla\u015fmadan ba\u015flatt\u0131\u011f\u0131, s\u00fcre\u00e7te bireysel davrand\u0131\u011f\u0131 gerek\u00e7esi ile kar\u015f\u0131 \u00e7\u0131kt\u0131lar&#8230;<\/p>\n<p style=\"text-align: justify;\">Tekin&#8217;in yeniden il ba\u015fkan\u0131 olabilmesi i\u00e7in Merkez Y\u00f6netim Kurulu&#8217;nun karar\u0131  gerekiyor.<\/p>\n<p style=\"text-align: justify;\">Genel Sekreter \u00d6nder Sav ge\u00e7en hafta illere genelge g\u00f6ndererek, bo\u015f bulunan il ba\u015fkanl\u0131klar\u0131 i\u00e7in genel merkezin karar\u0131n\u0131n beklenmesini istemi\u015fti.<\/p>\n<p style=\"text-align: justify;\"><span style=\"color: #888888;\">CNN T\u00dcRK<\/span><\/p>\n","protected":false},"excerpt":{"rendered":"<p style=\"text-align: center;\">\n<p style=\"text-align: justify;\">CHP&#8217;de G\u00fcrsel Tekin krizi devam ediyor. Tekin&#8217;in, MYK listesine al\u0131nmamas\u0131n\u0131n ard\u0131ndan, il ba\u015fkanl\u0131\u011f\u0131na geri d\u00f6nme ihtimali, \u0130stanbul parti te\u015fkilat\u0131n\u0131 b\u00f6ld\u00fc. 27 il\u00e7e ba\u015fkan\u0131 genel merkeze giderek, Kemal K\u0131l\u0131\u00e7daro\u011flu ve \u00d6nder Sav ile g\u00f6r\u00fc\u015ft\u00fc. Bu ziyaret parti kulislerinde &#8220;Tekin&#8217;in yeniden il ba\u015fkan\u0131 olmamas\u0131 i\u00e7in ba\u015flat\u0131lan giri\u015fimin ilk aya\u011f\u0131&#8221; olarak yorumland\u0131. <\/p>\n","protected":false},"author":1,"featured_media":0,"comment_status":"open","ping_status":"closed","sticky":false,"template":"","format":"standard","meta":{"footnotes":""},"categories":[105],"tags":[],"class_list":["post-23357","post","type-post","status-publish","format-standard","hentry","category-gundem","odd"],"_links":{"self":[{"href":"http:\/\/www.korhanyilmaz.com\/index.php?rest_route=\/wp\/v2\/posts\/23357","targetHints":{"allow":["GET"]}}],"collection":[{"href":"http:\/\/www.korhanyilmaz.com\/index.php?rest_route=\/wp\/v2\/posts"}],"about":[{"href":"http:\/\/www.korhanyilmaz.com\/index.php?rest_route=\/wp\/v2\/types\/post"}],"author":[{"embeddable":true,"href":"http:\/\/www.korhanyilmaz.com\/index.php?rest_route=\/wp\/v2\/users\/1"}],"replies":[{"embeddable":true,"href":"http:\/\/www.korhanyilmaz.com\/index.php?rest_route=%2Fwp%2Fv2%2Fcomments&post=23357"}],"version-history":[{"count":0,"href":"http:\/\/www.korhanyilmaz.com\/index.php?rest_route=\/wp\/v2\/posts\/23357\/revisions"}],"wp:attachment":[{"href":"http:\/\/www.korhanyilmaz.com\/index.php?rest_route=%2Fwp%2Fv2%2Fmedia&parent=23357"}],"wp:term":[{"taxonomy":"category","embeddable":true,"href":"http:\/\/www.korhanyilmaz.com\/index.php?rest_route=%2Fwp%2Fv2%2Fcategories&post=23357"},{"taxonomy":"post_tag","embeddable":true,"href":"http:\/\/www.korhanyilmaz.com\/index.php?rest_route=%2Fwp%2Fv2%2Ftags&post=23357"}],"curies":[{"name":"wp","href":"https:\/\/api.w.org\/{rel}","templated":true}]}}