{"id":23352,"date":"2010-06-02T13:32:09","date_gmt":"2010-06-02T10:32:09","guid":{"rendered":"http:\/\/www.korhanyilmaz.com\/?p=23352"},"modified":"2010-06-02T13:32:09","modified_gmt":"2010-06-02T10:32:09","slug":"turkiye-hamastan-daha-tehlikeli","status":"publish","type":"post","link":"http:\/\/www.korhanyilmaz.com\/?p=23352","title":{"rendered":"&#8220;T\u00fcrkiye Hamas&#8217;tan daha tehlikeli&#8221;"},"content":{"rendered":"<p style=\"text-align: center;\"><a href=\"http:\/\/www.korhanyilmaz.com\/wp-content\/uploads\/2010\/06\/011.jpg\"  class=\"lightview\"><img loading=\"lazy\" decoding=\"async\" class=\"aligncenter size-full wp-image-23353\" src=\"http:\/\/www.korhanyilmaz.com\/wp-content\/uploads\/2010\/06\/011.jpg\" alt=\"\" width=\"307\" height=\"236\" \/><\/a><\/p>\n<p style=\"text-align: justify;\">\u0130srail&#8217;in Gazze&#8217;ye giden gemiye sald\u0131rmas\u0131n\u0131n sonu\u00e7lar\u0131, ABD bas\u0131n\u0131nda geni\u015f yer bulmaya devam ediyor. Washington Post yazar\u0131 David Ignatius yaz\u0131s\u0131nda, yard\u0131m filosuna sald\u0131rarak, \u0130srail&#8217;in &#8220;Hamas&#8217;tan daha tehlikeli bir d\u00fc\u015fman olan&#8221; T\u00fcrkiye ile sava\u015fmay\u0131 se\u00e7ti\u011fi iddias\u0131nda bulundu. <!--more--><\/p>\n<p style=\"text-align: justify;\">Ba\u015fbakan Recep Tayyip Erdo\u011fan&#8217;\u0131n ge\u00e7en y\u0131l Davos&#8217;ta kat\u0131ld\u0131\u011f\u0131, \u0130srail Cumhurba\u015fkan\u0131 \u015eimon Peres ile aras\u0131nda gerginlik ya\u015fanan paneli y\u00f6neten isim olan David Ignatius, &#8220;Filo bask\u0131n\u0131, \u0130srail&#8217;e bir \u00f6\u011frenme f\u0131rsat\u0131 sunuyor&#8221; ba\u015fl\u0131kl\u0131 yaz\u0131 kaleme ald\u0131.<\/p>\n<p style=\"text-align: justify;\">Yaz\u0131da, &#8220;askeri \u00fcst\u00fcnl\u00fc\u011f\u00fcn \u0130srail&#8217;i hi\u00e7 olmad\u0131\u011f\u0131 kadar b\u00fcy\u00fck riskler almaya cezbetti\u011fi&#8221; g\u00f6r\u00fc\u015f\u00fc ifade edilerek, &#8220;tart\u0131\u015fman\u0131n son birka\u00e7 y\u0131lda mayalanmakta oldu\u011fu ve bunun Ortado\u011fu&#8217;da dev bir stratejik de\u011fi\u015fimi olu\u015fturdu\u011fu&#8221; yorumu yap\u0131ld\u0131.<\/p>\n<p style=\"text-align: justify;\">Yaz\u0131da, &#8220;\u0130srail&#8217;in bir zamanlar en \u00f6nemli b\u00f6lgesel m\u00fcttefiki T\u00fcrkiye&#8217;nin, \u015fimdi \u0130srail&#8217;in hegemonyas\u0131na meydan okuma aray\u0131\u015f\u0131nda oldu\u011fu&#8221; ileri s\u00fcr\u00fcld\u00fc.<\/p>\n<p style=\"text-align: justify;\">&#8220;Ba\u015fbakan Erdo\u011fan&#8217;\u0131n, &#8216;\u0130srail&#8217;in bize emir verir gibi davranmas\u0131na izin vermeyece\u011fiz&#8217; \u015feklinde karizmatik bir mesaja sahip M\u00fcsl\u00fcman bir pop\u00fclist oldu\u011fu&#8221; \u00f6ne s\u00fcr\u00fclen yaz\u0131da, &#8220;T\u00fcrkiye&#8217;nin meydan okumas\u0131n\u0131n D\u0131\u015fi\u015fleri Bakan\u0131 Ahmet Davuto\u011flu taraf\u0131ndan seslendirildi\u011fi&#8221; ifade edilerek, Davuto\u011flu&#8217;nun d\u00fcn gazetecilerle d\u00fczenledi\u011fi kahvalt\u0131l\u0131 sohbet toplant\u0131s\u0131nda, &#8220;\u015eimdi karar verme zaman\u0131: Uygar bir d\u00fcnyada m\u0131y\u0131z, yoksa baz\u0131lar\u0131 orman yasalar\u0131na sahip olmay\u0131 s\u00fcrd\u00fcr\u00fcyor mu? E\u011fer ikincisiyse, ne yap\u0131laca\u011f\u0131n\u0131 biliyoruz&#8221; dedi\u011fi aktar\u0131ld\u0131.<\/p>\n<p style=\"text-align: justify;\"><strong>&#8220;\u0130srail&#8217;e \u00f6\u011frenme f\u0131rsat\u0131 do\u011fdu&#8221; <\/strong><\/p>\n<p style=\"text-align: justify;\">&#8220;\u0130srail ve ABD&#8217;nin hatalardan nas\u0131l ders \u00e7\u0131karabilece\u011fi ve krizi daha iyi sonuca do\u011fru nas\u0131l y\u00f6neltece\u011fi&#8221; sorusunun da soruldu\u011fu yaz\u0131da, &#8220;cevab\u0131n, bunun Gazze probleminden ziyade, T\u00fcrkiye ile \u0130srail aras\u0131ndaki bir sorun haline geldi\u011fi ger\u00e7e\u011fini kullanmakta oldu\u011fu&#8221; ifade edildi.<\/p>\n<p style=\"text-align: justify;\">&#8220;H\u00fck\u00fcmetlerin hata yapt\u0131klar\u0131, ancak ak\u0131ll\u0131 olurlarsa bunlardan ders \u00e7\u0131kard\u0131klar\u0131&#8221; belirtilen yaz\u0131da, &#8220;E\u011fer \u0130srail h\u00fck\u00fcmeti mant\u0131kl\u0131ysa, yard\u0131m gemileri filosuna sald\u0131r\u0131s\u0131n\u0131n neden oldu\u011fu karga\u015fay\u0131, Gazze ve b\u00f6lgeye y\u00f6nelik politikalar\u0131n\u0131 yeniden d\u00fc\u015f\u00fcnmek i\u00e7in kullanacakt\u0131r&#8221; denildi.<\/p>\n<p style=\"text-align: justify;\">&#8220;\u0130srailli komandolar\u0131n, Gazze \u015eeridi&#8217;ne uygulad\u0131klar\u0131 ablukay\u0131 g\u00fc\u00e7lendirme ve oradaki a\u015f\u0131r\u0131l\u0131k yanl\u0131s\u0131 Hamas hareketinin etkisini zay\u0131flatma \u00e7abas\u0131 \u00e7er\u00e7evesinde gemilere bask\u0131n d\u00fczenledi\u011fi&#8221; kaydedilen yaz\u0131da, &#8220;Ancak \u0130srail&#8217;in son d\u00f6nemki bir\u00e7ok dik ba\u015fl\u0131 operasyonu gibi, bunun da geri tepti\u011fi ve bunun nedeni \u00fczerinde d\u00fc\u015f\u00fcnmenin faydal\u0131 olaca\u011f\u0131&#8221; g\u00f6r\u00fc\u015f\u00fc dile getirildi.<\/p>\n<p style=\"text-align: justify;\">Yaz\u0131da, \u0130srail&#8217;in kendini savunmak i\u00e7in \u00f6ne s\u00fcrd\u00fc\u011f\u00fc, &#8220;Gazze&#8217;deki bir ter\u00f6rist d\u00fc\u015fmanla sava\u015ft\u0131\u011f\u0131, Avrupa&#8217;daki dostlar\u0131 ve ABD&#8217;nin g\u00fcvenilmezli\u011finin giderek artt\u0131\u011f\u0131, kilit M\u00fcsl\u00fcman m\u00fcttefiki T\u00fcrkiye&#8217;nin \u0130ran&#8217;la dostluk kurdu\u011fu ve Gazze&#8217;ye yard\u0131m misyonunun T\u00fcrk organizat\u00f6rlerinin Hamas b\u00fcnyesindeki \u0130srail nefret\u00e7ileriyle ba\u011flant\u0131lar\u0131 oldu\u011fu&#8221; y\u00f6n\u00fcndeki noktalara at\u0131fta bulunularak, bunlar\u0131n &#8220;do\u011fru ve \u0130srail&#8217;in bak\u0131\u015f a\u00e7\u0131s\u0131ndan sinir bozucu oldu\u011fu&#8221; yorumu yap\u0131ld\u0131.<\/p>\n<p style=\"text-align: justify;\">Yaz\u0131da, &#8220;Ancak bu, ak\u0131ll\u0131 bir liderin, denizde \u015fatafatl\u0131 bir operasyonla zar atmaktan ziyade, kendini kay\u0131plara kar\u015f\u0131 korumas\u0131 gerekti\u011fi bir durum&#8221; ifadesi kullan\u0131ld\u0131.<\/p>\n<p style=\"text-align: justify;\"><strong>&#8220;T\u00fcrkiye g\u00fc\u00e7l\u00fc bir \u00fclke&#8221; <\/strong><\/p>\n<p style=\"text-align: justify;\">&#8220;T\u00fcrkiye&#8217;nin b\u00f6lgesel arzular\u0131 bulundu\u011fu, ancak \u00e7\u0131lg\u0131n bir ter\u00f6rist b\u00f6lge olmad\u0131\u011f\u0131 ve Yahudi soyk\u0131r\u0131m\u0131n\u0131 inkar eden bir s\u00f6ylem kullanmad\u0131\u011f\u0131&#8221; belirtilen yaz\u0131da, &#8220;(T\u00fcrkiye) \u00f6nemli bir g\u00fc\u00e7 sahibi olmak isteyen b\u00fcy\u00fck, g\u00fc\u00e7l\u00fc bir \u00fclke. \u0130srail&#8217;i zay\u0131flatmadan T\u00fcrkiye&#8217;nin a\u00e7l\u0131\u011f\u0131n\u0131 tatmin etmenin bir yolu olmal\u0131&#8221; ifadesi kullan\u0131ld\u0131.<\/p>\n<p style=\"text-align: justify;\">Yaz\u0131da, &#8220;do\u011fru bir diplomatik form\u00fcl\u00fcn, \u0130srail&#8217;in normalde g\u00fcvenmedi\u011fi bir kurum olan BM&#8217;yi de i\u00e7ine almas\u0131 gerekti\u011fi, \u0130srail&#8217;in Gazze&#8217;deki kar\u0131\u015f\u0131kl\u0131\u011f\u0131 kendi ba\u015f\u0131na \u00e7\u00f6zemedi\u011fi ve yard\u0131m i\u00e7in \u015fimdi BM G\u00fcvenlik Konseyi&#8217;ne y\u00f6nelmesine ihtiya\u00e7 bulundu\u011fu&#8221; belirtildi.<\/p>\n<p style=\"text-align: justify;\">&#8220;Bunun, \u0130srail a\u00e7\u0131klar\u0131nda neler oldu\u011funa dair BM soru\u015fturmas\u0131yla ba\u015flamas\u0131 gerekti\u011fi&#8221; ifade edilen yaz\u0131da, &#8220;bir sonraki ad\u0131m\u0131n, silah ithalat\u0131na kar\u015f\u0131 ger\u00e7ek korumalarla, Gazze&#8217;nin yeniden in\u015fas\u0131nda BM&#8217;nin daha fazla rol almas\u0131 olabilece\u011fi&#8221; kaydedildi.<\/p>\n<p style=\"text-align: justify;\">Yaz\u0131da, &#8220;\u0130srail&#8217;in paradoksu kucaklamaya ihtiyac\u0131 var: Bazen zorlu bir sorunu idare etmenin en iyi yolu onu uluslararas\u0131la\u015ft\u0131rmakt\u0131r&#8221; denildi.<\/p>\n<p style=\"text-align: justify;\"><strong>LA Times: &#8220;Sanki bir korsan grubu&#8221; <\/strong><\/p>\n<p style=\"text-align: justify;\">Los Angeles Times gazetesinde \u0130srailli yazar David Grossman&#8217;\u0131n kaleme ald\u0131\u011f\u0131 yaz\u0131da da \u0130srail&#8217;in Gazze&#8217;ye yard\u0131m g\u00f6t\u00fcren gemilere sald\u0131r\u0131s\u0131yla ilgili olarak, &#8220;bu su\u00e7u hakl\u0131 g\u00f6sterecek ya da temize \u00e7\u0131karacak hi\u00e7bir izahat bulunmad\u0131\u011f\u0131 ve \u0130srail h\u00fck\u00fcmeti ile ordusunun aptalca eylemlerine hi\u00e7bir gerek\u00e7e sunulamayaca\u011f\u0131&#8221; yorumunda bulunuldu.<\/p>\n<p style=\"text-align: justify;\">&#8220;\u0130srail&#8217;in deniz bask\u0131n\u0131, aptalca bir kestirim&#8221; ba\u015fl\u0131kl\u0131 yaz\u0131da, &#8220;\u0130srail&#8217;in, askerlerini g\u00f6zlerini k\u0131rpmadan sivilleri \u00f6ld\u00fcrmeleri i\u00e7in g\u00f6ndermedi\u011fi, ger\u00e7ekte, bunun \u0130srail&#8217;in istedi\u011fi son \u015fey oldu\u011fu&#8221; ifade edildi.<\/p>\n<p style=\"text-align: justify;\">Yaz\u0131da, &#8220;Yine de, dini g\u00f6r\u00fc\u015flerinde fanatik ve \u0130srail&#8217;e radikal bi\u00e7imde d\u00fc\u015fman k\u00fc\u00e7\u00fck bir T\u00fcrk \u00f6rg\u00fct\u00fc, davas\u0131na bar\u0131\u015f ve adaletin aray\u0131c\u0131s\u0131 y\u00fczlerce ki\u015fiyi dahil etti ve \u0130srail&#8217;i bir tuza\u011fa \u00e7ekmeyi ba\u015fard\u0131, \u00e7\u00fcnk\u00fc \u0130srail&#8217;in nas\u0131l tepki g\u00f6sterece\u011fini biliyordu&#8221; ifadesi kullan\u0131ld\u0131.<\/p>\n<p style=\"text-align: justify;\">&#8220;Bir \u00fclke, nas\u0131l \u0130srail&#8217;in davrand\u0131\u011f\u0131 kadar, g\u00fcvensiz, kafas\u0131 kar\u0131\u015fm\u0131\u015f ve panik \u015fekilde davranabilir&#8221; denilen yaz\u0131da, &#8220;\u0130srail&#8217;in, a\u015f\u0131r\u0131 askeri g\u00fc\u00e7 kullan\u0131m\u0131 ve gemidekilerin tepkisinin yo\u011funlu\u011funu tahmin etmedeki \u00f6l\u00fcmc\u00fcl hatan\u0131n kar\u0131\u015f\u0131m\u0131 sonucunda sivilleri \u00f6ld\u00fcrd\u00fc\u011f\u00fc ve yaralad\u0131\u011f\u0131 ve bunu \u00fclkenin karasal sular\u0131n\u0131n d\u0131\u015f\u0131nda, sanki bir korsan grubu gibi yapt\u0131\u011f\u0131&#8221; kaydedildi.<\/p>\n<p style=\"text-align: justify;\"><strong>&#8220;Beceriksiz politika&#8221; <\/strong><\/p>\n<p style=\"text-align: justify;\">Yaz\u0131da, &#8220;\u0130srail&#8217;in eylemlerinin, Gazze&#8217;nin utan\u00e7 verici bi\u00e7imde ku\u015fat\u0131lmas\u0131n\u0131n do\u011fal bir devam\u0131 oldu\u011fu, hapisteki tek bir askerin serbest b\u0131rak\u0131lmas\u0131 i\u00e7in Gazze \u015eeridi&#8217;ndeki 1,5 milyon masum insanda ac\u0131 duygular uyand\u0131r\u0131ld\u0131\u011f\u0131 ve bu ku\u015fatman\u0131n, defalarca abart\u0131l\u0131 g\u00fc\u00e7 kullan\u0131m\u0131na ba\u015fvuran beceriksiz bir politikan\u0131n sonucu oldu\u011fu&#8221; yorumlar\u0131na yer verildi.<\/p>\n<p style=\"text-align: justify;\">Gazze&#8217;nin ku\u015fat\u0131lmas\u0131n\u0131n y\u0131llard\u0131r ba\u015far\u0131s\u0131z oldu\u011fu ve bu durumun, ku\u015fatman\u0131n sadece ahlak d\u0131\u015f\u0131 de\u011fil, pratik olmad\u0131\u011f\u0131 anlam\u0131na da geldi\u011fi, asl\u0131nda durumu daha fazla k\u00f6t\u00fcle\u015ftirdi\u011fi ve \u0130srail&#8217;in hayati \u00e7\u0131karlar\u0131na zarar verdi\u011fi ifade edildi\u011fi yaz\u0131da, \u0130srailli asker Gilad \u015ealit&#8217;i 4 y\u0131ld\u0131r esir tutan ve Gazze \u015eeridi&#8217;nden \u0130srail kentleri ve k\u00f6ylerine binlerce roket f\u0131rlatan Hamas liderlerinin i\u015fledi\u011fi su\u00e7lar\u0131n, egemen bir devletin elindeki yasal ara\u00e7lar kullan\u0131larak ele al\u0131nmas\u0131 gerekti\u011fi, sivil n\u00fcfusa y\u00f6nelik mevcut ku\u015fatman\u0131n ise bu ara\u00e7lardan biri olmad\u0131\u011f\u0131 kaydedildi.<\/p>\n<p style=\"text-align: justify;\">Yaz\u0131da, &#8220;Pazartesi g\u00fcnk\u00fc \u00e7\u0131lg\u0131n eylemlerin \u015fokunun, ku\u015fatmaya dair t\u00fcm fikrin yeniden de\u011ferlendirilmesine neden olaca\u011f\u0131na ve nihayet Filistinlileri ac\u0131lar\u0131ndan kurtaraca\u011f\u0131na ve \u0130srail&#8217;i &#8216;ahlaki lekesinden&#8217; temizleyece\u011fine inanmak istiyorum. Ancak bu trajik b\u00f6lgedeki deneyimimiz bize \u015funu \u00f6\u011fretti ki, muhtemelen bunun tam tersi olacak. \u015eiddet i\u00e7eren tepkiler verilmesi mekanizmalar\u0131, intikam ve nefret d\u00f6ng\u00fcleri, b\u00fcy\u00fckl\u00fckleri \u00f6nceden kestirilemeyecek \u015fekilde, yeni bir tura ba\u015flad\u0131&#8221; denildi.<\/p>\n<p style=\"text-align: justify;\">Yaz\u0131da, &#8220;Her \u015feyin \u00f6tesinde, bu \u00e7\u0131lg\u0131n operasyon \u0130srail&#8217;in ne kadar d\u00fc\u015ft\u00fc\u011f\u00fcn\u00fc g\u00f6steriyor. G\u00f6ren g\u00f6zlere sahip herkes bunu anlar ve hisseder&#8221; ifadesi kullan\u0131ld\u0131. Gazetenin bir ba\u015fka yaz\u0131s\u0131nda \u0130srail&#8217;in bu olayla kendisine b\u00fcy\u00fck bir zarar verdi\u011fi g\u00f6r\u00fc\u015f\u00fc dile getirildi. Yaz\u0131da, \u0130srail&#8217;in kendini savunma hakk\u0131 bulundu\u011fu, ancak Gazze&#8217;ye y\u00f6nelik ablukan\u0131n da kald\u0131r\u0131lmas\u0131 gerekti\u011fi kaydedildi.<\/p>\n<p style=\"text-align: justify;\"><span style=\"color: #888888;\">CNN T\u00dcRK<\/span><\/p>\n","protected":false},"excerpt":{"rendered":"<p style=\"text-align: center;\">\n<p style=\"text-align: justify;\">\u0130srail&#8217;in Gazze&#8217;ye giden gemiye sald\u0131rmas\u0131n\u0131n sonu\u00e7lar\u0131, ABD bas\u0131n\u0131nda geni\u015f yer bulmaya devam ediyor. Washington Post yazar\u0131 David Ignatius yaz\u0131s\u0131nda, yard\u0131m filosuna sald\u0131rarak, \u0130srail&#8217;in &#8220;Hamas&#8217;tan daha tehlikeli bir d\u00fc\u015fman olan&#8221; T\u00fcrkiye ile sava\u015fmay\u0131 se\u00e7ti\u011fi iddias\u0131nda bulundu. <\/p>\n","protected":false},"author":1,"featured_media":0,"comment_status":"open","ping_status":"closed","sticky":false,"template":"","format":"standard","meta":{"footnotes":""},"categories":[3],"tags":[],"class_list":["post-23352","post","type-post","status-publish","format-standard","hentry","category-dunya","odd"],"_links":{"self":[{"href":"http:\/\/www.korhanyilmaz.com\/index.php?rest_route=\/wp\/v2\/posts\/23352","targetHints":{"allow":["GET"]}}],"collection":[{"href":"http:\/\/www.korhanyilmaz.com\/index.php?rest_route=\/wp\/v2\/posts"}],"about":[{"href":"http:\/\/www.korhanyilmaz.com\/index.php?rest_route=\/wp\/v2\/types\/post"}],"author":[{"embeddable":true,"href":"http:\/\/www.korhanyilmaz.com\/index.php?rest_route=\/wp\/v2\/users\/1"}],"replies":[{"embeddable":true,"href":"http:\/\/www.korhanyilmaz.com\/index.php?rest_route=%2Fwp%2Fv2%2Fcomments&post=23352"}],"version-history":[{"count":0,"href":"http:\/\/www.korhanyilmaz.com\/index.php?rest_route=\/wp\/v2\/posts\/23352\/revisions"}],"wp:attachment":[{"href":"http:\/\/www.korhanyilmaz.com\/index.php?rest_route=%2Fwp%2Fv2%2Fmedia&parent=23352"}],"wp:term":[{"taxonomy":"category","embeddable":true,"href":"http:\/\/www.korhanyilmaz.com\/index.php?rest_route=%2Fwp%2Fv2%2Fcategories&post=23352"},{"taxonomy":"post_tag","embeddable":true,"href":"http:\/\/www.korhanyilmaz.com\/index.php?rest_route=%2Fwp%2Fv2%2Ftags&post=23352"}],"curies":[{"name":"wp","href":"https:\/\/api.w.org\/{rel}","templated":true}]}}