{"id":23349,"date":"2010-06-02T13:02:11","date_gmt":"2010-06-02T10:02:11","guid":{"rendered":"http:\/\/www.korhanyilmaz.com\/?p=23349"},"modified":"2010-06-02T13:02:11","modified_gmt":"2010-06-02T10:02:11","slug":"israil-basini-erdogan-israili-korkuttu","status":"publish","type":"post","link":"http:\/\/www.korhanyilmaz.com\/?p=23349","title":{"rendered":"\u0130srail bas\u0131n\u0131: &#8220;Erdo\u011fan \u0130srail&#8217;i korkuttu&#8221;"},"content":{"rendered":"<p><a href=\"http:\/\/www.korhanyilmaz.com\/wp-content\/uploads\/2010\/06\/021.jpg\"  class=\"lightview\"><img loading=\"lazy\" decoding=\"async\" class=\"aligncenter size-full wp-image-23350\" src=\"http:\/\/www.korhanyilmaz.com\/wp-content\/uploads\/2010\/06\/021.jpg\" alt=\"\" width=\"292\" height=\"215\" \/><\/a><\/p>\n<p style=\"text-align: justify;\">\u0130srail bas\u0131n\u0131 Gazze yard\u0131m konvoyuna d\u00fczenlenen bask\u0131n\u0131n ard\u0131ndan h\u00fck\u00fcmeti su\u00e7lamay\u0131 s\u00fcrd\u00fcr\u00fcrken, ele\u015ftiri oklar\u0131n\u0131n hemen hemen tamam\u0131, operasyonunun sorumlusu Savunma Bakan\u0131 Ehud Barak&#8217;a y\u00f6neldi. <!--more--><\/p>\n<p style=\"text-align: justify;\">Gazeteler, Barak&#8217;a istifa \u00e7a\u011fr\u0131s\u0131nda bulunurken, Maariv gazetesi, &#8220;T\u00fcrkiye Ba\u015fbakan\u0131 \u0130srail&#8217;i korkutmay\u0131 ba\u015fard\u0131&#8221; diye yazd\u0131.<\/p>\n<p style=\"text-align: justify;\">Operasyonla ilgili kararlar\u0131n sadece Ba\u015fbakan Binyamin Netanyahu ile Savunma Bakan\u0131 Ehud Barak aras\u0131nda al\u0131nd\u0131\u011f\u0131n\u0131 belirten gazeteler, di\u011fer bakanlara operasyon planlar\u0131 hakk\u0131nda bilgi verilmedi\u011fini vurgulayarak, &#8220;Operasyon ne 7 bakan\u0131n \u00fcyesi oldu\u011fu \u0130\u00e7 Kabine, ne de Bakanlar Kurulunda oyland\u0131&#8221; diye yazd\u0131lar.<\/p>\n<p style=\"text-align: justify;\">\u00dcst d\u00fczey bakanlar\u0131n da Barak&#8217;\u0131n istifas\u0131n\u0131 istedi\u011fi belirtildi. Maariv gazetesi, Ba\u015fbakan Recep Tayyip Erdo\u011fan&#8217;\u0131n g\u00f6zalt\u0131ndaki t\u00fcm T\u00fcrk vatanda\u015flar\u0131n\u0131n derhal serbest b\u0131rak\u0131lmas\u0131n\u0131 istemesi ve yaral\u0131lar i\u00e7in ambulans u\u00e7ak g\u00f6ndermesi \u00fczerine h\u00fck\u00fcmetin \u0130srail askerlerini lin\u00e7 etmeye kalk\u0131\u015fanlar dahil t\u00fcm eylemcilerin s\u0131n\u0131r d\u0131\u015f\u0131 edilece\u011fini duyurdu\u011funa i\u015faret etti.<\/p>\n<p style=\"text-align: justify;\">G\u00fcvenlik kabinesinin d\u00fcn yapt\u0131\u011f\u0131 toplant\u0131da al\u0131nan sal\u0131verme karar\u0131na Barak ile \u0130\u00e7i\u015fleri Bakan\u0131 Eli Yi\u015fai ve D\u0131\u015fi\u015fleri Bakan\u0131 Avigdor Lieberman&#8217;\u0131n destek verdi\u011fi, Kamu G\u00fcvenli\u011fi Bakan\u0131 Yitzhak Aharonovich, Adalet Bakan\u0131 Yaakov Neeman ve Devlet Bakan\u0131 Beni Begin&#8217;in kar\u015f\u0131 \u00e7\u0131kt\u0131\u011f\u0131 kaydedildi.<\/p>\n<p style=\"text-align: justify;\">&#8220;Mavi Marmara gemisindeki El Kaide ve Hizbullah ba\u011flant\u0131l\u0131 oldu\u011fu tahmin edilen 50 eylemcinin \u0130srail askerlerine direnmek i\u00e7in haz\u0131rl\u0131kl\u0131 olduklar\u0131n\u0131n anla\u015f\u0131ld\u0131\u011f\u0131n\u0131&#8221; yazan Maariv gazetesi, \u015fu ifadelere yer verdi: &#8220;Bunlar d\u00fczenli bir ordu gibi timlere ayr\u0131lm\u0131\u015f ve herbirine farkl\u0131 bir g\u00f6rev verilmi\u015fti, \u00e7elik yelek, gece g\u00f6rme te\u00e7hizat\u0131, gaz maskeleri gibi donan\u0131ma sahiptiler. Bu ki\u015filer kimlik ta\u015f\u0131m\u0131yorlard\u0131, her birinin \u00fczerinde binlerce dolar bulunmas\u0131 ise d\u0131\u015far\u0131dan finanse edildiklerini g\u00f6steriyor.&#8221;<\/p>\n<p style=\"text-align: justify;\">Gazete, gemide \u00e7ok say\u0131da b\u0131\u00e7ak, elektrikli testere ve cop bulundu\u011funu da \u00f6ne s\u00fcrd\u00fc.<\/p>\n<p style=\"text-align: justify;\">Ba\u015fbakan Recep Tayyip Erdo\u011fan&#8217;\u0131n d\u00fcnk\u00fc konu\u015fmas\u0131nda ilk kez \u0130srail ile ilgili olarak &#8220;d\u00fc\u015fman&#8221; kelimesini kulland\u0131\u011f\u0131n\u0131 kaydeden gazeteye g\u00f6re \u0130srail&#8217;deki siyasi yetkililer, T\u00fcrkiye&#8217;nin \u0130srail ile ili\u015fkilerin d\u00fczeyini indirece\u011finden, hatta ili\u015fkileri tamamen koparaca\u011f\u0131ndan endi\u015fe ediyor.<\/p>\n<p style=\"text-align: justify;\">\u0130srail bas\u0131n\u0131nda, Mossad Ba\u015fkan\u0131 Meir Dagan&#8217;\u0131n parlamentonun D\u0131\u015fi\u015fleri ve G\u00fcvenlik Komisyonu toplant\u0131s\u0131nda yapt\u0131\u011f\u0131 konu\u015fmaya yer verilerek, Dagan&#8217;\u0131n, &#8220;T\u00fcrkiye&#8217;nin \u0130slam koridorunda ilerleyerek yeniden uluslararas\u0131 alandaki n\u00fcfuzunu kazanmay\u0131 ama\u00e7lad\u0131\u011f\u0131, Erdo\u011fan&#8217;\u0131n Hamas&#8217;a yakla\u015fman\u0131n Arap d\u00fcnyas\u0131n\u0131n kap\u0131lar\u0131n\u0131 a\u00e7aca\u011f\u0131na inand\u0131\u011f\u0131&#8221; de\u011ferlendirmesine yer verildi.<\/p>\n<p style=\"text-align: justify;\">Bas\u0131na g\u00f6re, bir \u0130srailli yetkili ise iki \u00fclke aras\u0131ndaki ittifak\u0131n sona erdi\u011fini ifade etti.<\/p>\n<p style=\"text-align: justify;\"><strong>ABD-\u0130srail ili\u015fkilerinde de kriz yaratt\u0131 <\/strong><\/p>\n<p style=\"text-align: justify;\">\u00d6te yandan, Yedioth Ahranot gazetesi, operasyonun \u0130srail-ABD ili\u015fkilerinde yeni bir krize yol a\u00e7t\u0131\u011f\u0131 de\u011ferlendirmesini yapt\u0131. ABD&#8217;nin \u0130srail&#8217;i k\u0131nayan BM karar\u0131n\u0131 \u00f6nlemedi\u011fi, D\u0131\u015fi\u015fleri Bakan\u0131 Hillary Clinton&#8217;un olay hakk\u0131nda inceleme ba\u015flat\u0131lmas\u0131n\u0131 destekledi\u011fi y\u00f6n\u00fcndeki a\u00e7\u0131klamalara i\u015faret edildi.<\/p>\n<p style=\"text-align: justify;\">Gazetede, Mossad Ba\u015fkan\u0131 Dagan&#8217;\u0131n \u0130srail&#8217;in art\u0131k ABD&#8217;nin \u00f6ncelik s\u0131ras\u0131nda birinci konumda yer almad\u0131\u011f\u0131, iki \u00fclke aras\u0131ndaki ortakl\u0131\u011f\u0131n azald\u0131\u011f\u0131 y\u00f6n\u00fcndeki s\u00f6zlerine yer verildi.<\/p>\n<p style=\"text-align: justify;\">\u0130srailli yetkililerin, &#8220;T\u00fcrk liderlerin sert beyanlar\u0131na ra\u011fmen&#8221; \u0130srail&#8217;in iki \u00fclke ili\u015fkilerinde gerginli\u011fin daha da artmamas\u0131 i\u00e7in T\u00fcrkiye ile s\u00f6z d\u00fcellosuna giri\u015fmeyece\u011fi ve ili\u015fkilerin k\u00f6t\u00fcle\u015fmeyece\u011fi umudunu ta\u015f\u0131d\u0131klar\u0131 ve ili\u015fkilerin kesilmesinin Ankara&#8217;n\u0131n siyasi ve ekonomik \u00e7\u0131karlar\u0131yla ba\u011fda\u015fmayaca\u011f\u0131 g\u00f6r\u00fc\u015f\u00fcnde olduklar\u0131 kaydedildi.<\/p>\n<p style=\"text-align: justify;\"><span style=\"color: #888888;\">CNN T\u00dcRK<\/span><\/p>\n","protected":false},"excerpt":{"rendered":"<\/p>\n<p style=\"text-align: justify;\">\u0130srail bas\u0131n\u0131 Gazze yard\u0131m konvoyuna d\u00fczenlenen bask\u0131n\u0131n ard\u0131ndan h\u00fck\u00fcmeti su\u00e7lamay\u0131 s\u00fcrd\u00fcr\u00fcrken, ele\u015ftiri oklar\u0131n\u0131n hemen hemen tamam\u0131, operasyonunun sorumlusu Savunma Bakan\u0131 Ehud Barak&#8217;a y\u00f6neldi. <\/p>\n","protected":false},"author":1,"featured_media":0,"comment_status":"open","ping_status":"closed","sticky":false,"template":"","format":"standard","meta":{"footnotes":""},"categories":[105],"tags":[],"class_list":["post-23349","post","type-post","status-publish","format-standard","hentry","category-gundem","odd"],"_links":{"self":[{"href":"http:\/\/www.korhanyilmaz.com\/index.php?rest_route=\/wp\/v2\/posts\/23349","targetHints":{"allow":["GET"]}}],"collection":[{"href":"http:\/\/www.korhanyilmaz.com\/index.php?rest_route=\/wp\/v2\/posts"}],"about":[{"href":"http:\/\/www.korhanyilmaz.com\/index.php?rest_route=\/wp\/v2\/types\/post"}],"author":[{"embeddable":true,"href":"http:\/\/www.korhanyilmaz.com\/index.php?rest_route=\/wp\/v2\/users\/1"}],"replies":[{"embeddable":true,"href":"http:\/\/www.korhanyilmaz.com\/index.php?rest_route=%2Fwp%2Fv2%2Fcomments&post=23349"}],"version-history":[{"count":0,"href":"http:\/\/www.korhanyilmaz.com\/index.php?rest_route=\/wp\/v2\/posts\/23349\/revisions"}],"wp:attachment":[{"href":"http:\/\/www.korhanyilmaz.com\/index.php?rest_route=%2Fwp%2Fv2%2Fmedia&parent=23349"}],"wp:term":[{"taxonomy":"category","embeddable":true,"href":"http:\/\/www.korhanyilmaz.com\/index.php?rest_route=%2Fwp%2Fv2%2Fcategories&post=23349"},{"taxonomy":"post_tag","embeddable":true,"href":"http:\/\/www.korhanyilmaz.com\/index.php?rest_route=%2Fwp%2Fv2%2Ftags&post=23349"}],"curies":[{"name":"wp","href":"https:\/\/api.w.org\/{rel}","templated":true}]}}