{"id":23334,"date":"2010-06-01T16:21:59","date_gmt":"2010-06-01T13:21:59","guid":{"rendered":"http:\/\/www.korhanyilmaz.com\/?p=23334"},"modified":"2010-06-01T16:21:59","modified_gmt":"2010-06-01T13:21:59","slug":"sabrimizi-test-etmeye-kalkmayin","status":"publish","type":"post","link":"http:\/\/www.korhanyilmaz.com\/?p=23334","title":{"rendered":"&#8220;Sabr\u0131m\u0131z\u0131 test etmeye kalkmay\u0131n&#8221;"},"content":{"rendered":"<p><a href=\"http:\/\/www.korhanyilmaz.com\/wp-content\/uploads\/2010\/06\/031.jpg\"  class=\"lightview\"><img loading=\"lazy\" decoding=\"async\" class=\"aligncenter size-full wp-image-23335\" src=\"http:\/\/www.korhanyilmaz.com\/wp-content\/uploads\/2010\/06\/031.jpg\" alt=\"\" width=\"292\" height=\"201\" \/><\/a><\/p>\n<p style=\"text-align: justify;\">Ba\u015fbakan Recep Tayyip Erdo\u011fan, \u0130srail&#8217;in sald\u0131r\u0131s\u0131n\u0131 &#8220;her t\u00fcrl\u00fc laneti hak etmi\u015f bir katliam&#8221; olarak nitelendirerek, &#8221;Herkes bu hukuksuzlu\u011fa g\u00f6z yumabilir, sinsice destekleyebilir ama \u0130srail T\u00fcrkiye&#8217;yi ba\u015fkalar\u0131na benzetmek gibi bir hatan\u0131n i\u00e7ine d\u00fc\u015fmesin. Kimse T\u00fcrkiye&#8217;nin sabr\u0131n\u0131 test etmeye kalkmamal\u0131. Bedeli a\u011f\u0131r olur! Herkes sussa bile biz T\u00fcrkiye olarak, Gazze halk\u0131 i\u00e7in hayk\u0131rmaya devam edece\u011fiz&#8221; dedi. Erdo\u011fan, bu ak\u015fam ABD Ba\u015fkan\u0131 Obama ile g\u00f6r\u00fc\u015fece\u011fini de a\u00e7\u0131klad\u0131.<!--more--><\/p>\n<p style=\"text-align: justify;\">Partisinin grup toplant\u0131s\u0131nda konu\u015fan Ba\u015fbakan Erdo\u011fan \u0130srail&#8217;e \u00e7ok sert ele\u015ftirilerde bulundu.<\/p>\n<p style=\"text-align: justify;\">\u0130\u015fte Erdo\u011fan&#8217;\u0131n konu\u015fmas\u0131ndan \u00f6ne \u00e7\u0131kan sat\u0131rlar&#8230;<\/p>\n<p style=\"text-align: justify;\">&#8211; Akdeniz sular\u0131nda insanl\u0131k vicdan\u0131 tarihin en b\u00fcy\u00fck yaras\u0131n\u0131 ald\u0131. Y\u00fck\u00fc merhamet ve \u015fefkat olan gemiler yerine varamad\u0131, kana buland\u0131. \u0130srail uluslararas\u0131 sularda hukuksuz bir sald\u0131r\u0131da bulundu, masum insanlar\u0131n kan\u0131n\u0131 d\u00f6ktu. Bu insanl\u0131k d\u0131\u015f\u0131 sald\u0131r\u0131y\u0131 bir kez daha \u015fiddetle lanetliyoruz.<\/p>\n<p style=\"text-align: justify;\">&#8211; \u0130srail&#8217;in Gazze&#8217;ye insani yard\u0131m g\u00f6t\u00fcren gemilere yapt\u0131\u011f\u0131 kanl\u0131 katliam her t\u00fcrl\u00fc laneti hak etmi\u015f bir katliamd\u0131r. Yap\u0131lan bu sald\u0131r\u0131 a\u00e7\u0131k\u00e7a uluslararas\u0131 hukuka yap\u0131lm\u0131\u015ft\u0131r, insanl\u0131\u011f\u0131n vicdan\u0131na yap\u0131lm\u0131\u015f,  d\u00fcnya bar\u0131\u015f\u0131na yap\u0131lm\u0131\u015ft\u0131r.<\/p>\n<p style=\"text-align: justify;\"><strong>&#8220;Sald\u0131r\u0131 BM felsefesine yap\u0131ld\u0131&#8221; <\/strong><\/p>\n<p style=\"text-align: justify;\">&#8211; 600 insana ve 6 gemiye kar\u015f\u0131 yap\u0131lan bu sald\u0131r\u0131 BM&#8217;nin temel felsefesine yap\u0131lm\u0131\u015f bir sald\u0131r\u0131d\u0131r. Gemilerde sivillerden ve yard\u0131m g\u00f6n\u00fcllerinden ba\u015fka yolcu yoktu. Beyaz bayrak \u00e7ekilmi\u015fti. Buna ra\u011fmen silahl\u0131 sald\u0131r\u0131ya mazur kald\u0131.<\/p>\n<p style=\"text-align: justify;\">&#8211; T\u00fcrkiye Cumhuriyeti, uluslararas\u0131 hukukun ve diplomasinin b\u00fct\u00fcn imkanlar\u0131n\u0131 kullanmaktad\u0131r ve bundan sonra da kullanacakt\u0131r. B\u00fcy\u00fckel\u00e7imiz geri \u00e7a\u011fr\u0131ld\u0131, \u0130srail&#8217;le yapaca\u011f\u0131m\u0131z \u00fc\u00e7 tatbikat iptal edildi. BM acil toplant\u0131ya \u00e7a\u011fr\u0131ld\u0131 ve ard\u0131ndan BM sald\u0131r\u0131y\u0131 k\u0131nad\u0131. Gen\u00e7 milli tak\u0131m\u0131z\u0131n yapaca\u011f\u0131 ma\u00e7lar iptal edildi. \u0130slam Birli\u011fi Konferans\u0131 ve Arap Birli\u011fi ile de gerekli temaslar\u0131 kurduk ve  \u0130slam Konferans\u0131 \u00d6rg\u00fct\u00fc pazartesi konuyla ilgili toplanacak.<\/p>\n<p style=\"text-align: justify;\">&#8211; \u0130srail y\u00f6netimi &#8220;yaral\u0131lar\u0131 biz g\u00f6nderelim&#8221; dedi; &#8216;biz, kendi yaral\u0131lar\u0131m\u0131z\u0131 alacak iradeye ve g\u00fcce sahibiz&#8217; diyerek onlar\u0131n bu teklifini reddettik. \u0130ki askeri ambulans yaral\u0131lar\u0131 almak i\u00e7in hareket etmi\u015ftir ve \u015fu anda oradan yaral\u0131lar\u0131m\u0131z\u0131 alm\u0131\u015f, bu y\u00f6ne d\u00f6nm\u00fc\u015flerdir. Sa\u011fl\u0131k Bakanl\u0131\u011f\u0131m\u0131z\u0131n sivil u\u00e7aklar\u0131 da \u015fu anda oraya ula\u015fmak \u00fczeredir.<\/p>\n<p style=\"text-align: justify;\"><strong>&#8220;\u0130srail&#8217;e gereken ceza verilmeli&#8221; <\/strong><\/p>\n<p style=\"text-align: justify;\">&#8211; Uluslarararas\u0131 toplumun bilgi almas\u0131n\u0131 engelleyen \u0130srail&#8217;in i\u015fbirli\u011finden ka\u00e7\u0131nmamas\u0131 gerekiyor. Yanl\u0131\u015f yapmaya devam etmemelidir. \u0130srail&#8217;in alaca\u011f\u0131 tav\u0131r b\u00fct\u00fcn kamuoyunca ibretle izleniyor. Gemiler, T\u00fcrkiye, Yunanistan ve Komor Adalar\u0131 band\u0131ral\u0131. Bu \u00fclkelerin de gereken tepkiyi g\u00f6stermesini bekliyoruz.<\/p>\n<p style=\"text-align: justify;\">&#8211; \u0130srail Gazze&#8217;ye kar\u015f\u0131 insanl\u0131k d\u0131\u015f\u0131 ambargoyu kald\u0131rmal\u0131. Yard\u0131mlar\u0131n yerine ula\u015fmas\u0131na engel olmamal\u0131d\u0131r.<\/p>\n<p style=\"text-align: justify;\">&#8211; Ya\u015fanan olaylar insanl\u0131k tarihi a\u00e7\u0131s\u0131ndan ay\u0131p ve kara lekedir. \u0130nsani yard\u0131m gemilerine silahlarla sald\u0131r\u0131da bulunmak, masum insanlar\u0131 katletmek, sivil insanlara ter\u00f6rist muamelesi yapmak, insanl\u0131k a\u00e7\u0131s\u0131ndan b\u00fcy\u00fck bir sukuttur, al\u00e7ak\u00e7a bir pervas\u0131zl\u0131kt\u0131r.<\/p>\n<p style=\"text-align: justify;\">&#8211; Sava\u015f\u0131n da bir hukuku vard\u0131r. Sava\u015fta, \u00e7ocuklara, kad\u0131nlara, ya\u015fl\u0131lara, din adamlar\u0131na, sivillere, yard\u0131m g\u00f6revlilerine, sa\u011fl\u0131k g\u00f6revlilerine sald\u0131r\u0131lmaz. Bunlara sald\u0131ranlar sadece insanl\u0131\u011f\u0131 ayaklar alt\u0131na almakla kalmazlar, insanl\u0131ktan da \u00e7\u0131km\u0131\u015f olurlar. Korsanlar bile belli hassasiyetlere uyarlar. Hi\u00e7bir kurala uymayanlara bu s\u0131fatlar\u0131 yak\u0131\u015ft\u0131rmak bile iltifat olur. D\u00fcnya bar\u0131\u015f\u0131 \u00e7ok b\u00fcy\u00fck bir yara alm\u0131\u015ft\u0131r.<\/p>\n<p style=\"text-align: justify;\">&#8211; \u0130srail adeta meydan okumu\u015ftur. \u0130srail h\u00fck\u00fcmetinin bu c\u00fcretkar, bu sorumsuz, bu pervas\u0131z, bu hak hukuk tan\u0131mayan, her t\u00fcrl\u00fc insani erdemi ayaklar alt\u0131na alan sald\u0131r\u0131s\u0131 mutlaka ama mutlaka cezaland\u0131r\u0131lmal\u0131d\u0131r.<\/p>\n<p style=\"text-align: justify;\"><strong>&#8220;T\u00fcrkiye ile a\u015f\u0131k atmaya kalkmay\u0131n&#8221; <\/strong><\/p>\n<p style=\"text-align: justify;\">&#8211; T\u00fcrkiye yeni yetme k\u00f6ks\u00fcz bir devlet de\u011fildir. Bu olay\u0131n pe\u015fini b\u0131rakmayacakt\u0131r. T\u00fcrkiye bir kabile devleti hi\u00e7 de\u011fildir. Kimse T\u00fcrkiye&#8217;nin sabr\u0131n\u0131 test etmeye ve T\u00fcrkiye ile a\u015f\u0131k atmaya kalkmamal\u0131d\u0131r. T\u00fcrkiye&#8217;nin dostlu\u011fu ne kadar k\u0131ymetliyse, d\u00fc\u015fmanl\u0131\u011f\u0131 da o kadar \u015fiddetlidir. T\u00fcrkiye&#8217;nin dostlu\u011funu kaybetmek bile ba\u015fl\u0131 ba\u015f\u0131na bir bedeldir.<\/p>\n<p style=\"text-align: justify;\">&#8211; Mesele T\u00fcrkiye ile \u0130srail aras\u0131nda ya\u015fanan bir mesele de\u011fildir. Mesele \u0130srail y\u00f6netiminin bar\u0131\u015f\u0131 tehdit eden yakla\u015f\u0131mlar\u0131d\u0131r.<\/p>\n<p style=\"text-align: justify;\">&#8211; M\u0131zrak \u00e7uvala s\u0131\u011fmamaktad\u0131r art\u0131k. \u0130srail&#8217;in kan ak\u0131tmaktan \u00e7ekinmeyen bir y\u00f6netim anlay\u0131\u015f\u0131 var. \u0130srail art\u0131k yapt\u0131\u011f\u0131 haks\u0131zl\u0131klar\u0131 g\u00fcvenlik gerek\u00e7esiyle, antisemitizm ele\u015ftirileriyle izah etme aymazl\u0131\u011f\u0131ndan vazge\u00e7melidir. G\u00f6rmezden gelinecek hali kalmad\u0131. \u0130srail b\u00f6lgedeki en \u00f6nemli bar\u0131\u015f savunucular\u0131ndan birini kar\u015f\u0131s\u0131na alacak tav\u0131rlar sergiliyor.<\/p>\n<p style=\"text-align: justify;\">&#8211; Ortada \u015fiddeti politika haline getiren, zul\u00fcm yapmay\u0131 kendisi i\u00e7in mubah g\u00f6ren, kan ak\u0131tmaktan \u00e7ekinmeyen bir y\u00f6netim anlay\u0131\u015f\u0131 bulunuyor. \u0130srail y\u00f6netiminin hukuksuzluklar\u0131n\u0131n \u00f6rt\u00fclecek, tevil edilecek, g\u00f6rmezden gelinecek hali kalmam\u0131\u015ft\u0131r. Uluslararas\u0131 toplumun &#8216;yeter art\u0131k&#8217; deme zaman\u0131 gelmi\u015ftir.<\/p>\n<p style=\"text-align: justify;\">&#8211; BM k\u0131nama karar\u0131yla yetinmemeli, arkas\u0131nda durmal\u0131. \u0130srail&#8217;in tavr\u0131 bir yerlerden ald\u0131\u011f\u0131 g\u00fcce dayan\u0131yor anla\u015f\u0131lan. \u0130srail&#8217;i bu yapt\u0131klar\u0131yla ba\u015fba\u015fa b\u0131rakamay\u0131z. Az \u00f6nce BM genel Sekreteri ile konu\u015ftum. Bu ak\u015fam da ABD Ba\u015fkan\u0131 ile g\u00f6r\u00fc\u015f\u00fcp d\u00fc\u015f\u00fcncelerimi aktaca\u011f\u0131m.<\/p>\n<p style=\"text-align: justify;\">&#8211; \u0130srail savunma kalkanlar\u0131n\u0131 ve ittifak noktalar\u0131n\u0131 kaybetmekte ve kendini yaln\u0131zla\u015ft\u0131rmaktad\u0131r. \u0130srail halk\u0131na sesleniyorum: Antisemitizme kar\u015f\u0131y\u0131z. Musevilere yap\u0131lan haks\u0131zl\u0131klara kar\u015f\u0131 durduk. \u015eimdi ya\u015fanan zulme dur deme s\u0131ras\u0131 \u0130srail halk\u0131 olarak sizdedir.<\/p>\n<p style=\"text-align: justify;\">&#8211; Biz, \u0130srail halk\u0131yla, Musevilerle her zaman tarihi bir dostluk ve i\u015fbirli\u011fi i\u00e7inde olduk. \u0130nan\u0131yorum ki bu kanl\u0131 sald\u0131r\u0131y\u0131 g\u00f6zya\u015flar\u0131yla izleyen, \u015fiddetle ele\u015ftiren \u0130srailli insanlar, bu olay\u0131n insanl\u0131k onuruna yak\u0131\u015fmayan ne kadar b\u00fcy\u00fck bir yanl\u0131\u015f oldu\u011funu, iki \u00fclkenin dostlu\u011funa vurulmu\u015f ne kadar a\u011f\u0131r bir darbe oldu\u011funu \u00e7ok iyi anlamaktad\u0131r.<\/p>\n<p style=\"text-align: justify;\"><strong>&#8220;\u0130srail T\u00fcrkiye&#8217;yi ba\u015fkalar\u0131na benzetmesin&#8221; <\/strong><\/p>\n<p style=\"text-align: justify;\">&#8211; Kan d\u00f6kmekle, devlet ter\u00f6r\u00fcyle devlet y\u00f6netti\u011fini sanan bu pervas\u0131z politikac\u0131lar \u00f6nce \u0130srail halk\u0131na k\u00f6t\u00fcl\u00fck yap\u0131yor.<\/p>\n<p style=\"text-align: justify;\">&#8211; &#8220;Bize ate\u015f edildi&#8221; diyen \u0130srail: Art\u0131k sizin yalanlar\u0131n\u0131zdan b\u0131kt\u0131k. D\u00fcr\u00fcst olun. Gemiler derhal serbest b\u0131rak\u0131lmal\u0131d\u0131r. \u00d6ld\u00fcrmeklerini iyi bildiklerini y\u00fczlerine s\u00f6yledi\u011fimiz \u0130sralli y\u00f6neticiler, cinayeti iyi bildiklerini d\u00fcnyaya g\u00f6sterdi. Sedyedeki yaral\u0131y\u0131 bile kelep\u00e7elediler.<\/p>\n<p style=\"text-align: justify;\">&#8211; D\u00fcnya lanetliyor ama kuru kuruya lanetlemek yetmiyor. G\u00fc\u00e7 de\u011fil adalet birg\u00fcn yerini bulacakt\u0131r. D\u00fcnya bunu bilmeli. \u0130srail hi\u00e7bir gerek\u00e7eyle elindeki kan\u0131 temizleyemez. \u0130srail&#8217;in kanl\u0131 sald\u0131r\u0131lar\u0131na kim g\u00f6z yumarsa, bu kanl\u0131 sald\u0131r\u0131larda onlar da bizzat su\u00e7 orta\u011f\u0131d\u0131r. Meselenin ter\u00f6rle m\u00fccadele olmad\u0131\u011f\u0131, toptan yok etmeye y\u00f6nelik bir katliam oldu\u011fu bir kez daha ortaya \u00e7\u0131kt\u0131.<\/p>\n<p style=\"text-align: justify;\">&#8211; Herkes bu hukuksuzlu\u011fa g\u00f6z yumabilir, sinsice destekleyebilir ama \u0130srail T\u00fcrkiye&#8217;yi ba\u015fkalar\u0131na benzetmek gibi bir hatan\u0131n i\u00e7ine d\u00fc\u015fmesin. B\u00f6yle bir hata i\u015flemeye kalkmas\u0131n. Bedeli a\u011f\u0131r olur!  Herkes sussa bile biz T\u00fcrkiye olarak Filistin&#8217;e s\u0131rt\u0131m\u0131z\u0131 d\u00f6nmeyecek ve Gazze halk\u0131 i\u00e7in hayk\u0131rmaya devam edece\u011fiz.<\/p>\n<p style=\"text-align: justify;\"><strong>\u0130SKENDERUN&#8217;DAK\u0130 SALDIRI <\/strong><\/p>\n<p style=\"text-align: justify;\">Ba\u015fbakan Erdo\u011fan konu \u015fmas\u0131nda, \u0130skenderun&#8217;daki PKK sald\u0131r\u0131s\u0131n\u0131 da de\u011ferlendirdi ve &#8220;T\u00fcrkiye ne zaman y\u00fckseli\u015fe ge\u00e7se bir karanl\u0131k el devreye giriyor, bu geli\u015fme s\u00fcrecini sabote etmeye, akim b\u0131rakmaya \u00e7al\u0131\u015f\u0131yor&#8221; dedi.<\/p>\n<p style=\"text-align: justify;\">Erdo\u011fan, &#8220;Biz, anayasa de\u011fi\u015fikli\u011fi yap\u0131yor, karar\u0131 aziz milletimiz versin diye referanduma gidiyoruz. Ancak kirli oyunlar tezgaha s\u00fcr\u00fcl\u00fcyor, s\u00fcre\u00e7 sabote edilmeye \u00e7al\u0131\u015f\u0131l\u0131yor&#8221; diye konu\u015ftu.<\/p>\n<p style=\"text-align: justify;\">&#8220;AK Parti h\u00fck\u00fcmeti olarak ter\u00f6rle m\u00fccadeleden asla taviz vermeyece\u011fiz ama demokratikle\u015fmeyi de ayn\u0131 kararl\u0131l\u0131kla s\u00fcrd\u00fcrece\u011fiz&#8221; diyen Ba\u015fbakan, &#8220;T\u00fcrkiye&#8217;nin, k\u00fcresel ekonomik krizi en az etkiyle atlat\u0131yor olmas\u0131n\u0131n temel nedenlerinden biri de aktif d\u0131\u015f politika ve T\u00fcrkiye&#8217;nin giri\u015fimcilerinin sahip oldu\u011fu dinamizmdir&#8221; ifadelerini kulland\u0131.<\/p>\n<p style=\"text-align: justify;\"><span style=\"color: #888888;\">CNN T\u00dcRK<\/span><\/p>\n","protected":false},"excerpt":{"rendered":"<\/p>\n<p style=\"text-align: justify;\">Ba\u015fbakan Recep Tayyip Erdo\u011fan, \u0130srail&#8217;in sald\u0131r\u0131s\u0131n\u0131 &#8220;her t\u00fcrl\u00fc laneti hak etmi\u015f bir katliam&#8221; olarak nitelendirerek, &#8221;Herkes bu hukuksuzlu\u011fa g\u00f6z yumabilir, sinsice destekleyebilir ama \u0130srail T\u00fcrkiye&#8217;yi ba\u015fkalar\u0131na benzetmek gibi bir hatan\u0131n i\u00e7ine d\u00fc\u015fmesin. Kimse T\u00fcrkiye&#8217;nin sabr\u0131n\u0131 test etmeye kalkmamal\u0131. Bedeli a\u011f\u0131r olur! Herkes sussa bile biz T\u00fcrkiye olarak, Gazze halk\u0131 i\u00e7in hayk\u0131rmaya devam <\/p>\n","protected":false},"author":1,"featured_media":0,"comment_status":"open","ping_status":"closed","sticky":false,"template":"","format":"standard","meta":{"footnotes":""},"categories":[105],"tags":[],"class_list":["post-23334","post","type-post","status-publish","format-standard","hentry","category-gundem","odd"],"_links":{"self":[{"href":"http:\/\/www.korhanyilmaz.com\/index.php?rest_route=\/wp\/v2\/posts\/23334","targetHints":{"allow":["GET"]}}],"collection":[{"href":"http:\/\/www.korhanyilmaz.com\/index.php?rest_route=\/wp\/v2\/posts"}],"about":[{"href":"http:\/\/www.korhanyilmaz.com\/index.php?rest_route=\/wp\/v2\/types\/post"}],"author":[{"embeddable":true,"href":"http:\/\/www.korhanyilmaz.com\/index.php?rest_route=\/wp\/v2\/users\/1"}],"replies":[{"embeddable":true,"href":"http:\/\/www.korhanyilmaz.com\/index.php?rest_route=%2Fwp%2Fv2%2Fcomments&post=23334"}],"version-history":[{"count":0,"href":"http:\/\/www.korhanyilmaz.com\/index.php?rest_route=\/wp\/v2\/posts\/23334\/revisions"}],"wp:attachment":[{"href":"http:\/\/www.korhanyilmaz.com\/index.php?rest_route=%2Fwp%2Fv2%2Fmedia&parent=23334"}],"wp:term":[{"taxonomy":"category","embeddable":true,"href":"http:\/\/www.korhanyilmaz.com\/index.php?rest_route=%2Fwp%2Fv2%2Fcategories&post=23334"},{"taxonomy":"post_tag","embeddable":true,"href":"http:\/\/www.korhanyilmaz.com\/index.php?rest_route=%2Fwp%2Fv2%2Ftags&post=23334"}],"curies":[{"name":"wp","href":"https:\/\/api.w.org\/{rel}","templated":true}]}}